{"id":23092,"date":"2026-03-07T11:48:47","date_gmt":"2026-03-07T11:48:47","guid":{"rendered":"https:\/\/ypjrojava.net\/ar\/?p=23092"},"modified":"2026-03-07T11:53:24","modified_gmt":"2026-03-07T11:53:24","slug":"%d8%b1%d8%b3%d8%a7%d9%84%d8%a9-%d9%85%d9%86-%d9%85%d9%82%d8%a7%d8%aa%d9%84%d8%a7%d8%aa-%d8%a7%d9%84%d9%83%d8%b1%d8%af%d9%8a%d8%a7%d8%aa-%d9%88%d8%a7%d9%84%d8%b9%d8%b1%d8%a8%d9%8a%d8%a7%d8%aa-%d9%85","status":"publish","type":"post","link":"https:\/\/ypjrojava.net\/ar\/?p=23092","title":{"rendered":"\u0631\u0633\u0627\u0644\u0629 \u0645\u0646 \u0627\u0644\u0645\u0642\u0627\u062a\u0644\u0627\u062a \u0627\u0644\u0643\u0631\u062f\u064a\u0627\u062a \u0648\u0627\u0644\u0639\u0631\u0628\u064a\u0627\u062a \u0645\u0646 \u0623\u062c\u0644 8 \u0622\u0630\u0627\u0631"},"content":{"rendered":"<p><iframe loading=\"lazy\" title=\"Peyama \u015fervan\u00ean jin \u00ean Kurd \u00fb Ereb derbare 8\u00ea Adar\u00ea de\" width=\"500\" height=\"281\" src=\"https:\/\/www.youtube.com\/embed\/g6K7Wj6IRZ0?feature=oembed\" frameborder=\"0\" allow=\"accelerometer; autoplay; clipboard-write; encrypted-media; gyroscope; picture-in-picture; web-share\" referrerpolicy=\"strict-origin-when-cross-origin\" allowfullscreen><\/iframe><\/p>\n<p><img loading=\"lazy\" decoding=\"async\" class=\"alignnone size-medium wp-image-23093\" src=\"https:\/\/ypjrojava.net\/ar\/wp-content\/uploads\/2026\/03\/derik-servan-ereb-u-kurd-1-300x200.jpg\" alt=\"\" width=\"300\" height=\"200\" srcset=\"https:\/\/ypjrojava.net\/ar\/wp-content\/uploads\/2026\/03\/derik-servan-ereb-u-kurd-1-300x200.jpg 300w, https:\/\/ypjrojava.net\/ar\/wp-content\/uploads\/2026\/03\/derik-servan-ereb-u-kurd-1-1024x683.jpg 1024w, https:\/\/ypjrojava.net\/ar\/wp-content\/uploads\/2026\/03\/derik-servan-ereb-u-kurd-1-768x512.jpg 768w, https:\/\/ypjrojava.net\/ar\/wp-content\/uploads\/2026\/03\/derik-servan-ereb-u-kurd-1-1536x1024.jpg 1536w, https:\/\/ypjrojava.net\/ar\/wp-content\/uploads\/2026\/03\/derik-servan-ereb-u-kurd-1-2048x1365.jpg 2048w\" sizes=\"auto, (max-width: 300px) 100vw, 300px\" \/> <img loading=\"lazy\" decoding=\"async\" class=\"alignnone size-medium wp-image-23094\" src=\"https:\/\/ypjrojava.net\/ar\/wp-content\/uploads\/2026\/03\/derik-servan-ereb-u-kurd-2-300x200.jpg\" alt=\"\" width=\"300\" height=\"200\" srcset=\"https:\/\/ypjrojava.net\/ar\/wp-content\/uploads\/2026\/03\/derik-servan-ereb-u-kurd-2-300x200.jpg 300w, https:\/\/ypjrojava.net\/ar\/wp-content\/uploads\/2026\/03\/derik-servan-ereb-u-kurd-2-1024x683.jpg 1024w, https:\/\/ypjrojava.net\/ar\/wp-content\/uploads\/2026\/03\/derik-servan-ereb-u-kurd-2-768x512.jpg 768w, https:\/\/ypjrojava.net\/ar\/wp-content\/uploads\/2026\/03\/derik-servan-ereb-u-kurd-2-1536x1024.jpg 1536w, https:\/\/ypjrojava.net\/ar\/wp-content\/uploads\/2026\/03\/derik-servan-ereb-u-kurd-2-2048x1365.jpg 2048w\" sizes=\"auto, (max-width: 300px) 100vw, 300px\" \/> <img loading=\"lazy\" decoding=\"async\" class=\"alignnone size-medium wp-image-23095\" src=\"https:\/\/ypjrojava.net\/ar\/wp-content\/uploads\/2026\/03\/derik-servan-ereb-u-kurd-3-300x200.jpg\" alt=\"\" width=\"300\" height=\"200\" srcset=\"https:\/\/ypjrojava.net\/ar\/wp-content\/uploads\/2026\/03\/derik-servan-ereb-u-kurd-3-300x200.jpg 300w, https:\/\/ypjrojava.net\/ar\/wp-content\/uploads\/2026\/03\/derik-servan-ereb-u-kurd-3-1024x683.jpg 1024w, https:\/\/ypjrojava.net\/ar\/wp-content\/uploads\/2026\/03\/derik-servan-ereb-u-kurd-3-768x512.jpg 768w, https:\/\/ypjrojava.net\/ar\/wp-content\/uploads\/2026\/03\/derik-servan-ereb-u-kurd-3-1536x1024.jpg 1536w, https:\/\/ypjrojava.net\/ar\/wp-content\/uploads\/2026\/03\/derik-servan-ereb-u-kurd-3-2048x1365.jpg 2048w\" sizes=\"auto, (max-width: 300px) 100vw, 300px\" \/> <img loading=\"lazy\" decoding=\"async\" class=\"alignnone size-medium wp-image-23096\" src=\"https:\/\/ypjrojava.net\/ar\/wp-content\/uploads\/2026\/03\/derik-servan-ereb-u-kurd-4-300x200.jpg\" alt=\"\" width=\"300\" height=\"200\" srcset=\"https:\/\/ypjrojava.net\/ar\/wp-content\/uploads\/2026\/03\/derik-servan-ereb-u-kurd-4-300x200.jpg 300w, https:\/\/ypjrojava.net\/ar\/wp-content\/uploads\/2026\/03\/derik-servan-ereb-u-kurd-4-1024x683.jpg 1024w, https:\/\/ypjrojava.net\/ar\/wp-content\/uploads\/2026\/03\/derik-servan-ereb-u-kurd-4-768x512.jpg 768w, https:\/\/ypjrojava.net\/ar\/wp-content\/uploads\/2026\/03\/derik-servan-ereb-u-kurd-4-1536x1024.jpg 1536w, https:\/\/ypjrojava.net\/ar\/wp-content\/uploads\/2026\/03\/derik-servan-ereb-u-kurd-4-2048x1365.jpg 2048w\" sizes=\"auto, (max-width: 300px) 100vw, 300px\" \/><\/p>\n","protected":false},"excerpt":{"rendered":"https:\/\/youtu.be\/g6K7Wj6IRZ0","protected":false},"author":1,"featured_media":23097,"comment_status":"open","ping_status":"open","sticky":false,"template":"","format":"standard","meta":{"footnotes":""},"categories":[31,3,5,6],"tags":[],"class_list":["post-23092","post","type-post","status-publish","format-standard","has-post-thumbnail","hentry","category-31","category-news","category-img","category-videos"],"_links":{"self":[{"href":"https:\/\/ypjrojava.net\/ar\/index.php?rest_route=\/wp\/v2\/posts\/23092","targetHints":{"allow":["GET"]}}],"collection":[{"href":"https:\/\/ypjrojava.net\/ar\/index.php?rest_route=\/wp\/v2\/posts"}],"about":[{"href":"https:\/\/ypjrojava.net\/ar\/index.php?rest_route=\/wp\/v2\/types\/post"}],"author":[{"embeddable":true,"href":"https:\/\/ypjrojava.net\/ar\/index.php?rest_route=\/wp\/v2\/users\/1"}],"replies":[{"embeddable":true,"href":"https:\/\/ypjrojava.net\/ar\/index.php?rest_route=%2Fwp%2Fv2%2Fcomments&post=23092"}],"version-history":[{"count":2,"href":"https:\/\/ypjrojava.net\/ar\/index.php?rest_route=\/wp\/v2\/posts\/23092\/revisions"}],"predecessor-version":[{"id":23099,"href":"https:\/\/ypjrojava.net\/ar\/index.php?rest_route=\/wp\/v2\/posts\/23092\/revisions\/23099"}],"wp:featuredmedia":[{"embeddable":true,"href":"https:\/\/ypjrojava.net\/ar\/index.php?rest_route=\/wp\/v2\/media\/23097"}],"wp:attachment":[{"href":"https:\/\/ypjrojava.net\/ar\/index.php?rest_route=%2Fwp%2Fv2%2Fmedia&parent=23092"}],"wp:term":[{"taxonomy":"category","embeddable":true,"href":"https:\/\/ypjrojava.net\/ar\/index.php?rest_route=%2Fwp%2Fv2%2Fcategories&post=23092"},{"taxonomy":"post_tag","embeddable":true,"href":"https:\/\/ypjrojava.net\/ar\/index.php?rest_route=%2Fwp%2Fv2%2Ftags&post=23092"}],"curies":[{"name":"wp","href":"https:\/\/api.w.org\/{rel}","templated":true}]}}