{"id":20644,"date":"2024-02-07T06:08:57","date_gmt":"2024-02-07T06:08:57","guid":{"rendered":"https:\/\/ypjrojava.net\/en\/?p=20644"},"modified":"2024-02-07T06:18:12","modified_gmt":"2024-02-07T06:18:12","slug":"the-position-of-shehbas-mothers-against-the-international-conspiracy","status":"publish","type":"post","link":"https:\/\/ypjrojava.net\/en\/?p=20644","title":{"rendered":"The Position of Shehba&#8217;s Mothers Against the International Conspiracy"},"content":{"rendered":"<p><strong>The Martyrs&#8217; Families Council in Shahba Canton organizes a conference on the occasion of the annual commemoration of the international conspiracy.<\/strong><\/p>\n<p>The Martyrs&#8217; Families Council in Shahba Canton organized a conference on the occasion of the annual commemoration of the international conspiracy targeting the Kurdish people, particularly the leader Abdullah Ocalan. The conference was attended by the Martyrs&#8217; Families Council in Shahba Canton, residents of Shahba Canton, and the camps of Serdem and Berxwedan, which include the families of displaced people from the occupied city of Afrin.<\/p>\n<p><strong><span class=\"HwtZe\" lang=\"en\"><span class=\"jCAhz ChMk0b\"><span class=\"ryNqvb\">YPJ Media Center<\/span><\/span><\/span><\/strong><\/p>\n<p><img loading=\"lazy\" decoding=\"async\" class=\"alignnone size-medium wp-image-20645\" src=\"https:\/\/ypjrojava.net\/en\/wp-content\/uploads\/2024\/02\/konfirans-ji-bo-serokati-5.-2.-2024.mp4_snapshot_00.38_2024.02.07_09.01.41-300x169.jpg\" alt=\"\" width=\"300\" height=\"169\" srcset=\"https:\/\/ypjrojava.net\/en\/wp-content\/uploads\/2024\/02\/konfirans-ji-bo-serokati-5.-2.-2024.mp4_snapshot_00.38_2024.02.07_09.01.41-300x169.jpg 300w, https:\/\/ypjrojava.net\/en\/wp-content\/uploads\/2024\/02\/konfirans-ji-bo-serokati-5.-2.-2024.mp4_snapshot_00.38_2024.02.07_09.01.41-1024x576.jpg 1024w, https:\/\/ypjrojava.net\/en\/wp-content\/uploads\/2024\/02\/konfirans-ji-bo-serokati-5.-2.-2024.mp4_snapshot_00.38_2024.02.07_09.01.41-768x432.jpg 768w, https:\/\/ypjrojava.net\/en\/wp-content\/uploads\/2024\/02\/konfirans-ji-bo-serokati-5.-2.-2024.mp4_snapshot_00.38_2024.02.07_09.01.41-1536x864.jpg 1536w, https:\/\/ypjrojava.net\/en\/wp-content\/uploads\/2024\/02\/konfirans-ji-bo-serokati-5.-2.-2024.mp4_snapshot_00.38_2024.02.07_09.01.41-2048x1152.jpg 2048w, https:\/\/ypjrojava.net\/en\/wp-content\/uploads\/2024\/02\/konfirans-ji-bo-serokati-5.-2.-2024.mp4_snapshot_00.38_2024.02.07_09.01.41-390x220.jpg 390w\" sizes=\"auto, (max-width: 300px) 100vw, 300px\" \/><\/p>\n<p><iframe loading=\"lazy\" title=\"Helwest\u00ea Dayik\u00ean \u015eehbay\u00ea Li Himber\u00ee Komploya Navnetew\u00ee\" width=\"500\" height=\"281\" src=\"https:\/\/www.youtube.com\/embed\/XMBC3D2bnss?feature=oembed\" frameborder=\"0\" allow=\"accelerometer; autoplay; clipboard-write; encrypted-media; gyroscope; picture-in-picture; web-share\" referrerpolicy=\"strict-origin-when-cross-origin\" allowfullscreen><\/iframe><\/p>\n","protected":false},"excerpt":{"rendered":"<p>The Martyrs&#8217; Families Council in Shahba Canton organizes a conference on the occasion of the annual commemoration of the international conspiracy. The Martyrs&#8217; Families Council in Shahba Canton organized a conference on the occasion of the annual commemoration of the international conspiracy targeting the Kurdish people, particularly the leader Abdullah Ocalan. The conference was attended &hellip;<\/p>\n","protected":false},"author":1,"featured_media":20645,"comment_status":"open","ping_status":"open","sticky":false,"template":"","format":"standard","meta":{"footnotes":""},"categories":[3,5,6],"tags":[],"class_list":["post-20644","post","type-post","status-publish","format-standard","has-post-thumbnail","hentry","category-news","category-photos","category-videos"],"_links":{"self":[{"href":"https:\/\/ypjrojava.net\/en\/index.php?rest_route=\/wp\/v2\/posts\/20644","targetHints":{"allow":["GET"]}}],"collection":[{"href":"https:\/\/ypjrojava.net\/en\/index.php?rest_route=\/wp\/v2\/posts"}],"about":[{"href":"https:\/\/ypjrojava.net\/en\/index.php?rest_route=\/wp\/v2\/types\/post"}],"author":[{"embeddable":true,"href":"https:\/\/ypjrojava.net\/en\/index.php?rest_route=\/wp\/v2\/users\/1"}],"replies":[{"embeddable":true,"href":"https:\/\/ypjrojava.net\/en\/index.php?rest_route=%2Fwp%2Fv2%2Fcomments&post=20644"}],"version-history":[{"count":2,"href":"https:\/\/ypjrojava.net\/en\/index.php?rest_route=\/wp\/v2\/posts\/20644\/revisions"}],"predecessor-version":[{"id":20647,"href":"https:\/\/ypjrojava.net\/en\/index.php?rest_route=\/wp\/v2\/posts\/20644\/revisions\/20647"}],"wp:featuredmedia":[{"embeddable":true,"href":"https:\/\/ypjrojava.net\/en\/index.php?rest_route=\/wp\/v2\/media\/20645"}],"wp:attachment":[{"href":"https:\/\/ypjrojava.net\/en\/index.php?rest_route=%2Fwp%2Fv2%2Fmedia&parent=20644"}],"wp:term":[{"taxonomy":"category","embeddable":true,"href":"https:\/\/ypjrojava.net\/en\/index.php?rest_route=%2Fwp%2Fv2%2Fcategories&post=20644"},{"taxonomy":"post_tag","embeddable":true,"href":"https:\/\/ypjrojava.net\/en\/index.php?rest_route=%2Fwp%2Fv2%2Ftags&post=20644"}],"curies":[{"name":"wp","href":"https:\/\/api.w.org\/{rel}","templated":true}]}}