{"id":21841,"date":"2025-09-27T07:11:19","date_gmt":"2025-09-27T07:11:19","guid":{"rendered":"https:\/\/ypjrojava.net\/en\/?p=21841"},"modified":"2025-09-27T07:16:23","modified_gmt":"2025-09-27T07:16:23","slug":"commemoration-of-martyrs-arin-mirkan-and-rivana-rojava-with-a-military-ceremony","status":"publish","type":"post","link":"https:\/\/ypjrojava.net\/en\/?p=21841","title":{"rendered":"Commemoration of Martyrs Ar\u00een M\u00eerkan and Rivana Rojava with a Military Ceremony"},"content":{"rendered":"<p>The sacrifices of comrades Rivana Rojava and Ar\u00een M\u00eerkan were honored with a military ceremony on the eleventh anniversary of their struggle, attended by commanders and fighters of the Women\u2019s Protection Units (YPJ).<\/p>\n<p>Today, on the anniversary of the two contemporary martyrs who gave their lives in the heart of fascism in Koban\u00ee, the Women\u2019s Protection Units commemorated the path of Rivana Rojava and Ar\u00een M\u00eerkan with a military ceremony in the city of Hasakah. The YPJ renewed the spirit of its martyrs and reaffirmed the pledge made to their people and comrades.<\/p>\n<p>Comrade Rivana Spent Only One Year in the YPJ<br \/>\nDuring the ceremony, YPJ commander Dor\u015f\u00een Koban\u00ee delivered a speech in which she remembered all the martyrs of the revolution through the example of these two devoted comrades. She began:<br \/>\n\u201cAs is known, during the battle of Koban\u00ee, in the midst of war, comrade Rivana, a woman with strong patriotic values, joined the ranks of the Women\u2019s Protection Units. With her resilience, participation, determination, and insistence on resistance, she fought until her very last breath.\u201d<\/p>\n<p>The commander stated that in the battle of Koban\u00ee, which witnessed immense resistance, fighters of the YPJ and YPG resisted to the very end, determined to prevent the enemy from entering the lands of Kurdistan. She continued:<br \/>\n\u201cComrade Rivana had not even completed a year in the YPJ. In the same year, when ISIS mercenaries were attacking with all their brutality, Rivana was surrounded and wounded. After being injured, she detonated herself among the mercenaries, and thus attained martyrdom.\u201d<\/p>\n<p>Comrade Ar\u00een Became a Symbol of Resistance, Like Rivana Rojava in Koban\u00ee<br \/>\nCommander Dor\u015f\u00een Koban\u00ee went on to commemorate comrade Ar\u00een M\u00eerkan, describing her life and struggle:<br \/>\n\u201cLike Rivana, comrade Ar\u00een became a symbol of resistance in the battle of Koban\u00ee. She struck at the hearts and minds of the invaders, carried out her sacrifice without hesitation, and joined the caravan of the immortal.\u201d<\/p>\n<p>On the anniversary of both comrades, Dor\u015f\u00een Koban\u00ee noted that thousands of brave women, inspired by Rivana and Ar\u00een, rose within the YPJ, responding to the enemy who declared, \u2018Koban\u00ee has fallen and will fall,\u2019 by saying, \u2018It is your mindset that will fall.\u2019<\/p>\n<p>The commander stressed that the spirit born in the battle of Koban\u00ee spread throughout Rojava and the revolution. She concluded:<br \/>\n\u201cThe same spirit later emerged in Tishrin Dam, Qara Qozax Bridge, Deir Hafer, Shahba, Aleppo, and Manbij. This, too, is thanks to the thought and struggle of Leader Apo, who instilled this spirit in us. In the end, we say: our comrades who sacrificed their lives have drawn a path for us to follow, and we will always raise the banner of resistance high.\u201d<\/p>\n<p><strong>\u00a0 \u00a0 \u00a0 \u00a0 \u00a0 \u00a0 \u00a0 \u00a0 \u00a0 \u00a0 \u00a0 \u00a0 \u00a0 \u00a0 \u00a0 \u00a0 \u00a0 \u00a0 \u00a0 \u00a0 \u00a0 \u00a0 \u00a0 \u00a0 \u00a0 \u00a0 \u00a0 \u00a0 \u00a0 \u00a0Media Center of the Women\u2019s Protection Units (YPJ)<\/strong><br \/>\n<strong>\u00a0 \u00a0 \u00a0 \u00a0 \u00a0 \u00a0 \u00a0 \u00a0 \u00a0 \u00a0 \u00a0 \u00a0 \u00a0 \u00a0 \u00a0 \u00a0 \u00a0 \u00a0 \u00a0 \u00a0 \u00a0 \u00a0 \u00a0 \u00a0 \u00a0 \u00a0 \u00a0 \u00a0 \u00a0 \u00a0 \u00a0 \u00a0 \u00a0 \u00a0 \u00a0 \u00a0 \u00a0 \u00a0 \u00a0 \u00a0 \u00a0 \u00a0 \u00a027.09.2025<\/strong><\/p>\n<p><iframe loading=\"lazy\" title=\"\u015eervan\u00ean Feday\u00ee Ar\u00een M\u00eerkan \u00fb R\u00eavana Rojava Bi Meras\u00eemeke Le\u015fker\u00ee Hatin Bi B\u00eer An\u00een #YPJ\" width=\"500\" height=\"281\" src=\"https:\/\/www.youtube.com\/embed\/ulM2tnWimEk?feature=oembed\" frameborder=\"0\" allow=\"accelerometer; autoplay; clipboard-write; encrypted-media; gyroscope; picture-in-picture; web-share\" referrerpolicy=\"strict-origin-when-cross-origin\" allowfullscreen><\/iframe><\/p>\n<p><img loading=\"lazy\" decoding=\"async\" class=\"alignnone size-medium wp-image-21840\" src=\"https:\/\/ypjrojava.net\/en\/wp-content\/uploads\/2025\/09\/4-1-300x169.png\" alt=\"\" width=\"300\" height=\"169\" srcset=\"https:\/\/ypjrojava.net\/en\/wp-content\/uploads\/2025\/09\/4-1-300x169.png 300w, https:\/\/ypjrojava.net\/en\/wp-content\/uploads\/2025\/09\/4-1-1024x575.png 1024w, https:\/\/ypjrojava.net\/en\/wp-content\/uploads\/2025\/09\/4-1-768x432.png 768w, https:\/\/ypjrojava.net\/en\/wp-content\/uploads\/2025\/09\/4-1-1536x863.png 1536w, https:\/\/ypjrojava.net\/en\/wp-content\/uploads\/2025\/09\/4-1-2048x1151.png 2048w, https:\/\/ypjrojava.net\/en\/wp-content\/uploads\/2025\/09\/4-1-390x220.png 390w\" sizes=\"auto, (max-width: 300px) 100vw, 300px\" \/> <img loading=\"lazy\" decoding=\"async\" class=\"alignnone size-medium wp-image-21839\" src=\"https:\/\/ypjrojava.net\/en\/wp-content\/uploads\/2025\/09\/3-300x168.png\" alt=\"\" width=\"300\" height=\"168\" srcset=\"https:\/\/ypjrojava.net\/en\/wp-content\/uploads\/2025\/09\/3-300x168.png 300w, https:\/\/ypjrojava.net\/en\/wp-content\/uploads\/2025\/09\/3-1024x575.png 1024w, https:\/\/ypjrojava.net\/en\/wp-content\/uploads\/2025\/09\/3-768x431.png 768w, https:\/\/ypjrojava.net\/en\/wp-content\/uploads\/2025\/09\/3-1536x862.png 1536w, https:\/\/ypjrojava.net\/en\/wp-content\/uploads\/2025\/09\/3-2048x1150.png 2048w, https:\/\/ypjrojava.net\/en\/wp-content\/uploads\/2025\/09\/3-390x220.png 390w\" sizes=\"auto, (max-width: 300px) 100vw, 300px\" \/> <img loading=\"lazy\" decoding=\"async\" class=\"alignnone size-medium wp-image-21838\" src=\"https:\/\/ypjrojava.net\/en\/wp-content\/uploads\/2025\/09\/2-300x168.png\" alt=\"\" width=\"300\" height=\"168\" srcset=\"https:\/\/ypjrojava.net\/en\/wp-content\/uploads\/2025\/09\/2-300x168.png 300w, https:\/\/ypjrojava.net\/en\/wp-content\/uploads\/2025\/09\/2-1024x575.png 1024w, https:\/\/ypjrojava.net\/en\/wp-content\/uploads\/2025\/09\/2-768x431.png 768w, https:\/\/ypjrojava.net\/en\/wp-content\/uploads\/2025\/09\/2-1536x862.png 1536w, https:\/\/ypjrojava.net\/en\/wp-content\/uploads\/2025\/09\/2-2048x1150.png 2048w, https:\/\/ypjrojava.net\/en\/wp-content\/uploads\/2025\/09\/2-390x220.png 390w\" sizes=\"auto, (max-width: 300px) 100vw, 300px\" \/> <img loading=\"lazy\" decoding=\"async\" class=\"alignnone size-medium wp-image-21837\" src=\"https:\/\/ypjrojava.net\/en\/wp-content\/uploads\/2025\/09\/1-300x168.png\" alt=\"\" width=\"300\" height=\"168\" srcset=\"https:\/\/ypjrojava.net\/en\/wp-content\/uploads\/2025\/09\/1-300x168.png 300w, https:\/\/ypjrojava.net\/en\/wp-content\/uploads\/2025\/09\/1-1024x575.png 1024w, https:\/\/ypjrojava.net\/en\/wp-content\/uploads\/2025\/09\/1-768x431.png 768w, https:\/\/ypjrojava.net\/en\/wp-content\/uploads\/2025\/09\/1-1536x862.png 1536w, https:\/\/ypjrojava.net\/en\/wp-content\/uploads\/2025\/09\/1-2048x1150.png 2048w, https:\/\/ypjrojava.net\/en\/wp-content\/uploads\/2025\/09\/1-390x220.png 390w\" sizes=\"auto, (max-width: 300px) 100vw, 300px\" \/><\/p>\n","protected":false},"excerpt":{"rendered":"<p>The sacrifices of comrades Rivana Rojava and Ar\u00een M\u00eerkan were honored with a military ceremony on the eleventh anniversary of their struggle, attended by commanders and fighters of the Women\u2019s Protection Units (YPJ). Today, on the anniversary of the two contemporary martyrs who gave their lives in the heart of fascism in Koban\u00ee, the Women\u2019s &hellip;<\/p>\n","protected":false},"author":1,"featured_media":21839,"comment_status":"open","ping_status":"open","sticky":false,"template":"","format":"standard","meta":{"footnotes":""},"categories":[3,5,1,6],"tags":[],"class_list":["post-21841","post","type-post","status-publish","format-standard","has-post-thumbnail","hentry","category-news","category-photos","category-uncategorized","category-videos"],"_links":{"self":[{"href":"https:\/\/ypjrojava.net\/en\/index.php?rest_route=\/wp\/v2\/posts\/21841","targetHints":{"allow":["GET"]}}],"collection":[{"href":"https:\/\/ypjrojava.net\/en\/index.php?rest_route=\/wp\/v2\/posts"}],"about":[{"href":"https:\/\/ypjrojava.net\/en\/index.php?rest_route=\/wp\/v2\/types\/post"}],"author":[{"embeddable":true,"href":"https:\/\/ypjrojava.net\/en\/index.php?rest_route=\/wp\/v2\/users\/1"}],"replies":[{"embeddable":true,"href":"https:\/\/ypjrojava.net\/en\/index.php?rest_route=%2Fwp%2Fv2%2Fcomments&post=21841"}],"version-history":[{"count":2,"href":"https:\/\/ypjrojava.net\/en\/index.php?rest_route=\/wp\/v2\/posts\/21841\/revisions"}],"predecessor-version":[{"id":21843,"href":"https:\/\/ypjrojava.net\/en\/index.php?rest_route=\/wp\/v2\/posts\/21841\/revisions\/21843"}],"wp:featuredmedia":[{"embeddable":true,"href":"https:\/\/ypjrojava.net\/en\/index.php?rest_route=\/wp\/v2\/media\/21839"}],"wp:attachment":[{"href":"https:\/\/ypjrojava.net\/en\/index.php?rest_route=%2Fwp%2Fv2%2Fmedia&parent=21841"}],"wp:term":[{"taxonomy":"category","embeddable":true,"href":"https:\/\/ypjrojava.net\/en\/index.php?rest_route=%2Fwp%2Fv2%2Fcategories&post=21841"},{"taxonomy":"post_tag","embeddable":true,"href":"https:\/\/ypjrojava.net\/en\/index.php?rest_route=%2Fwp%2Fv2%2Ftags&post=21841"}],"curies":[{"name":"wp","href":"https:\/\/api.w.org\/{rel}","templated":true}]}}