{"id":22306,"date":"2026-01-30T07:54:57","date_gmt":"2026-01-30T07:54:57","guid":{"rendered":"https:\/\/ypjrojava.net\/en\/?p=22306"},"modified":"2026-01-30T07:54:57","modified_gmt":"2026-01-30T07:54:57","slug":"zenarin-qamishlo-all-kurds-of-honor-and-dignity-must-respond-to-the-call-for-general-mobilization","status":"publish","type":"post","link":"https:\/\/ypjrojava.net\/en\/?p=22306","title":{"rendered":"Zenar\u00een Qamishlo: All Kurds of Honor and Dignity Must Respond to the Call for General Mobilization"},"content":{"rendered":"<p>Zenar\u00een Qamishlo, a commander in the Women\u2019s Protection Units (YPJ), stated that a fierce attack is being waged against the solidarity of the peoples of the region. She called on all Kurdish youth across the four parts of Kurdistan, and all Kurds with honor and dignity, to respond to the call for general mobilization.<br \/>\nQamishlo explained that the peoples of the region have lived together in peace, determination, and faith for fourteen years, stressing that the attack on this coexistence began in the Sheikh Maqsoud and Ashrafieh neighborhoods of Aleppo before spreading across Rojava Kurdistan.<br \/>\nShe added that what is happening is an attempt to undermine the solidarity of peoples and the Democratic Nation project, and to create strife between Kurds and Arabs by fueling nationalist sentiment.<\/p>\n<p>Zenar\u00een Qamishlo: No One Should Be Misled by the Special War Waged Through Arab Media<\/p>\n<p>Zenar\u00een Qamishlo pointed out that a special war is being waged through social media and certain Arab media outlets, saying:<br \/>\n\u201cSome media channels such as Al Arabiya, Al Hadath, and Al Jazeera are playing a dangerous role in this special war at the highest levels. No one should pay attention to these campaigns \u2014 today we are in urgent need of unity.\u201d<\/p>\n<p>Zenar\u00een Qamishlo: Arabs Are a Fundamental Part of the Syrian Democratic Forces<br \/>\nShe confirmed that claims about the absence of the Arab component within the Syrian Democratic Forces (SDF) are false, stating:<br \/>\n\u201cThose who say that Arab components are no longer present in the SDF are mistaken. Today, Kurdish and Arab youth stand together on the front lines. Therefore, our societies should not be drawn into these attempts to sow discord.\u201d<\/p>\n<p>Zenar\u00een Qamishlo also addressed Kurdish and Arab leaders and religious authorities, asking:<br \/>\n\u201cIs it permissible in Islam to kill a fellow Muslim or occupy his land? This has no connection to truth or religion.\u201d<br \/>\nZenar\u00een Qamishlo: In Islam, Women Are Granted the Highest Degree of Respect<br \/>\nShe spoke about the violations committed against women, stressing that Islam grants women the highest level of respect. She continued:<br \/>\n\u201cIn Islam, it is said that Paradise lies beneath the feet of mothers. Yet today we see nationalists hiding behind the name of Islam to justify violence against Kurdish women and their displacement from their homes \u2014 something that is not found in any religious text.\u201d<br \/>\nZenar\u00een Qamishlo: Through the Solidarity of Peoples, the Democratic Nation System Will Be Built<br \/>\nIn conclusion, YPJ commander Zenar\u00een Qamishlo called on sheikhs and believers to hold fast to the true essence of Islam, affirming that this special war will not succeed in breaking the will of the peoples. She said:<br \/>\n\u201cWe must take to the squares and defend the achievements of the Rojava Revolution and the Democratic Nation project. Through the solidarity of peoples, the Democratic Nation system will be established.\u201d<\/p>\n<p><iframe loading=\"lazy\" title=\"Zinar\u00een Qami\u015flo: \u2018Hem\u00fb Kurd\u00ean bi \u015feref \u00fb nam\u00fbs hebe, p\u00eaw\u00eeste xwed\u00ee li banga seferberiy\u00ea derkeve\u2019\" width=\"500\" height=\"281\" src=\"https:\/\/www.youtube.com\/embed\/W7FgcsonI0c?feature=oembed\" frameborder=\"0\" allow=\"accelerometer; autoplay; clipboard-write; encrypted-media; gyroscope; picture-in-picture; web-share\" referrerpolicy=\"strict-origin-when-cross-origin\" allowfullscreen><\/iframe><\/p>\n","protected":false},"excerpt":{"rendered":"<p>Zenar\u00een Qamishlo, a commander in the Women\u2019s Protection Units (YPJ), stated that a fierce attack is being waged against the solidarity of the peoples of the region. She called on all Kurdish youth across the four parts of Kurdistan, and all Kurds with honor and dignity, to respond to the call for general mobilization. Qamishlo &hellip;<\/p>\n","protected":false},"author":1,"featured_media":22308,"comment_status":"open","ping_status":"open","sticky":false,"template":"","format":"standard","meta":{"footnotes":""},"categories":[34,3,5,1,6],"tags":[],"class_list":["post-22306","post","type-post","status-publish","format-standard","has-post-thumbnail","hentry","category-34","category-news","category-photos","category-uncategorized","category-videos"],"_links":{"self":[{"href":"https:\/\/ypjrojava.net\/en\/index.php?rest_route=\/wp\/v2\/posts\/22306","targetHints":{"allow":["GET"]}}],"collection":[{"href":"https:\/\/ypjrojava.net\/en\/index.php?rest_route=\/wp\/v2\/posts"}],"about":[{"href":"https:\/\/ypjrojava.net\/en\/index.php?rest_route=\/wp\/v2\/types\/post"}],"author":[{"embeddable":true,"href":"https:\/\/ypjrojava.net\/en\/index.php?rest_route=\/wp\/v2\/users\/1"}],"replies":[{"embeddable":true,"href":"https:\/\/ypjrojava.net\/en\/index.php?rest_route=%2Fwp%2Fv2%2Fcomments&post=22306"}],"version-history":[{"count":1,"href":"https:\/\/ypjrojava.net\/en\/index.php?rest_route=\/wp\/v2\/posts\/22306\/revisions"}],"predecessor-version":[{"id":22307,"href":"https:\/\/ypjrojava.net\/en\/index.php?rest_route=\/wp\/v2\/posts\/22306\/revisions\/22307"}],"wp:featuredmedia":[{"embeddable":true,"href":"https:\/\/ypjrojava.net\/en\/index.php?rest_route=\/wp\/v2\/media\/22308"}],"wp:attachment":[{"href":"https:\/\/ypjrojava.net\/en\/index.php?rest_route=%2Fwp%2Fv2%2Fmedia&parent=22306"}],"wp:term":[{"taxonomy":"category","embeddable":true,"href":"https:\/\/ypjrojava.net\/en\/index.php?rest_route=%2Fwp%2Fv2%2Fcategories&post=22306"},{"taxonomy":"post_tag","embeddable":true,"href":"https:\/\/ypjrojava.net\/en\/index.php?rest_route=%2Fwp%2Fv2%2Ftags&post=22306"}],"curies":[{"name":"wp","href":"https:\/\/api.w.org\/{rel}","templated":true}]}}