{"id":22610,"date":"2026-03-06T12:35:51","date_gmt":"2026-03-06T12:35:51","guid":{"rendered":"https:\/\/ypjrojava.net\/en\/?p=22610"},"modified":"2026-03-06T13:03:34","modified_gmt":"2026-03-06T13:03:34","slug":"march-8-marks-a-commemoration-of-kurdish-women","status":"publish","type":"post","link":"https:\/\/ypjrojava.net\/en\/?p=22610","title":{"rendered":"Two Fighters from Kobani Extend March 8 Greetings to Women"},"content":{"rendered":"<p>From the city of resistance, Kobani, Comrade Per\u00eevan Celal and Comrade Yoz\u00ee from the Core Protection Forces extended their congratulations to all women on the occasion of March 8, International Women\u2019s Day, emphasizing that this day embodies the values of freedom, dignity, and women\u2019s struggle everywhere.<br \/>\nOn this occasion, the two comrades also conveyed their congratulations to Leader Apo, reaffirming their commitment to follow his thought and philosophy in the pursuit of women\u2019s freedom and the building of a democratic society founded on justice and equality among all its components.<\/p>\n<p>Comrades Per\u00eevan Celal and Yoz\u00ee also extended their greetings and congratulations to all peoples, to the families of the martyrs, and to the martyrs\u2014women and men\u2014 who sacrificed the most precious thing they had in defense of human dignity and freedom. They stressed that the sacrifices of the martyrs remain the guiding compass for all those engaged in the struggle.<\/p>\n<p>In conclusion, the two comrades affirmed that the Core Protection Forces will remain faithful to their commitment, continuing the path of struggle and the protection of women\u2019s achievements. They emphasized that March 8 represents a day to renew determination and reaffirm the continuation of resistance until a free and dignified life is achieved for all women and all peoples.<\/p>\n<p style=\"text-align: center;\"><strong>Media Center of the Women&#8217;s Protection Units (YPJ)<\/strong><br \/>\n<strong>2026-03-04<\/strong><\/p>\n<p><iframe loading=\"lazy\" title=\"8\u2019\u00ea Adar\u00ea ji bo jin\u00ean Kurd vej\u00eenek e\" width=\"500\" height=\"281\" src=\"https:\/\/www.youtube.com\/embed\/D_MEYeV7uNo?feature=oembed\" frameborder=\"0\" allow=\"accelerometer; autoplay; clipboard-write; encrypted-media; gyroscope; picture-in-picture; web-share\" referrerpolicy=\"strict-origin-when-cross-origin\" allowfullscreen><\/iframe><\/p>\n<p><img loading=\"lazy\" decoding=\"async\" class=\"alignnone size-medium wp-image-22614\" src=\"https:\/\/ypjrojava.net\/en\/wp-content\/uploads\/2026\/03\/endamen-hezen-parastina-cevheri-kobane-4-300x200.jpg\" alt=\"\" width=\"300\" height=\"200\" srcset=\"https:\/\/ypjrojava.net\/en\/wp-content\/uploads\/2026\/03\/endamen-hezen-parastina-cevheri-kobane-4-300x200.jpg 300w, https:\/\/ypjrojava.net\/en\/wp-content\/uploads\/2026\/03\/endamen-hezen-parastina-cevheri-kobane-4-1024x683.jpg 1024w, https:\/\/ypjrojava.net\/en\/wp-content\/uploads\/2026\/03\/endamen-hezen-parastina-cevheri-kobane-4-768x512.jpg 768w, https:\/\/ypjrojava.net\/en\/wp-content\/uploads\/2026\/03\/endamen-hezen-parastina-cevheri-kobane-4-1536x1024.jpg 1536w, https:\/\/ypjrojava.net\/en\/wp-content\/uploads\/2026\/03\/endamen-hezen-parastina-cevheri-kobane-4-2048x1365.jpg 2048w\" sizes=\"auto, (max-width: 300px) 100vw, 300px\" \/> <img loading=\"lazy\" decoding=\"async\" class=\"alignnone size-medium wp-image-22613\" src=\"https:\/\/ypjrojava.net\/en\/wp-content\/uploads\/2026\/03\/endamen-hezen-parastina-cevheri-kobane-3-300x200.jpg\" alt=\"\" width=\"300\" height=\"200\" srcset=\"https:\/\/ypjrojava.net\/en\/wp-content\/uploads\/2026\/03\/endamen-hezen-parastina-cevheri-kobane-3-300x200.jpg 300w, https:\/\/ypjrojava.net\/en\/wp-content\/uploads\/2026\/03\/endamen-hezen-parastina-cevheri-kobane-3-1024x683.jpg 1024w, https:\/\/ypjrojava.net\/en\/wp-content\/uploads\/2026\/03\/endamen-hezen-parastina-cevheri-kobane-3-768x512.jpg 768w, https:\/\/ypjrojava.net\/en\/wp-content\/uploads\/2026\/03\/endamen-hezen-parastina-cevheri-kobane-3-1536x1024.jpg 1536w, https:\/\/ypjrojava.net\/en\/wp-content\/uploads\/2026\/03\/endamen-hezen-parastina-cevheri-kobane-3-2048x1365.jpg 2048w\" sizes=\"auto, (max-width: 300px) 100vw, 300px\" \/> <img loading=\"lazy\" decoding=\"async\" class=\"alignnone size-medium wp-image-22612\" src=\"https:\/\/ypjrojava.net\/en\/wp-content\/uploads\/2026\/03\/endamen-hezen-parastina-cevheri-kobane-2-300x200.jpg\" alt=\"\" width=\"300\" height=\"200\" srcset=\"https:\/\/ypjrojava.net\/en\/wp-content\/uploads\/2026\/03\/endamen-hezen-parastina-cevheri-kobane-2-300x200.jpg 300w, https:\/\/ypjrojava.net\/en\/wp-content\/uploads\/2026\/03\/endamen-hezen-parastina-cevheri-kobane-2-1024x683.jpg 1024w, https:\/\/ypjrojava.net\/en\/wp-content\/uploads\/2026\/03\/endamen-hezen-parastina-cevheri-kobane-2-768x512.jpg 768w, https:\/\/ypjrojava.net\/en\/wp-content\/uploads\/2026\/03\/endamen-hezen-parastina-cevheri-kobane-2-1536x1024.jpg 1536w, https:\/\/ypjrojava.net\/en\/wp-content\/uploads\/2026\/03\/endamen-hezen-parastina-cevheri-kobane-2-2048x1365.jpg 2048w\" sizes=\"auto, (max-width: 300px) 100vw, 300px\" \/> <img loading=\"lazy\" decoding=\"async\" class=\"alignnone size-medium wp-image-22611\" src=\"https:\/\/ypjrojava.net\/en\/wp-content\/uploads\/2026\/03\/endamen-hezen-parastina-cevheri-kobane-1-300x200.jpg\" alt=\"\" width=\"300\" height=\"200\" srcset=\"https:\/\/ypjrojava.net\/en\/wp-content\/uploads\/2026\/03\/endamen-hezen-parastina-cevheri-kobane-1-300x200.jpg 300w, https:\/\/ypjrojava.net\/en\/wp-content\/uploads\/2026\/03\/endamen-hezen-parastina-cevheri-kobane-1-1024x683.jpg 1024w, https:\/\/ypjrojava.net\/en\/wp-content\/uploads\/2026\/03\/endamen-hezen-parastina-cevheri-kobane-1-768x512.jpg 768w, https:\/\/ypjrojava.net\/en\/wp-content\/uploads\/2026\/03\/endamen-hezen-parastina-cevheri-kobane-1-1536x1024.jpg 1536w, https:\/\/ypjrojava.net\/en\/wp-content\/uploads\/2026\/03\/endamen-hezen-parastina-cevheri-kobane-1-2048x1365.jpg 2048w\" sizes=\"auto, (max-width: 300px) 100vw, 300px\" \/><\/p>\n","protected":false},"excerpt":{"rendered":"<p>From the city of resistance, Kobani, Comrade Per\u00eevan Celal and Comrade Yoz\u00ee from the Core Protection Forces extended their congratulations to all women on the occasion of March 8, International Women\u2019s Day, emphasizing that this day embodies the values of freedom, dignity, and women\u2019s struggle everywhere. On this occasion, the two comrades also conveyed their &hellip;<\/p>\n","protected":false},"author":1,"featured_media":22615,"comment_status":"open","ping_status":"open","sticky":false,"template":"","format":"standard","meta":{"footnotes":""},"categories":[34,7,3,5,6],"tags":[],"class_list":["post-22610","post","type-post","status-publish","format-standard","has-post-thumbnail","hentry","category-34","category-articles","category-news","category-photos","category-videos"],"_links":{"self":[{"href":"https:\/\/ypjrojava.net\/en\/index.php?rest_route=\/wp\/v2\/posts\/22610","targetHints":{"allow":["GET"]}}],"collection":[{"href":"https:\/\/ypjrojava.net\/en\/index.php?rest_route=\/wp\/v2\/posts"}],"about":[{"href":"https:\/\/ypjrojava.net\/en\/index.php?rest_route=\/wp\/v2\/types\/post"}],"author":[{"embeddable":true,"href":"https:\/\/ypjrojava.net\/en\/index.php?rest_route=\/wp\/v2\/users\/1"}],"replies":[{"embeddable":true,"href":"https:\/\/ypjrojava.net\/en\/index.php?rest_route=%2Fwp%2Fv2%2Fcomments&post=22610"}],"version-history":[{"count":2,"href":"https:\/\/ypjrojava.net\/en\/index.php?rest_route=\/wp\/v2\/posts\/22610\/revisions"}],"predecessor-version":[{"id":22618,"href":"https:\/\/ypjrojava.net\/en\/index.php?rest_route=\/wp\/v2\/posts\/22610\/revisions\/22618"}],"wp:featuredmedia":[{"embeddable":true,"href":"https:\/\/ypjrojava.net\/en\/index.php?rest_route=\/wp\/v2\/media\/22615"}],"wp:attachment":[{"href":"https:\/\/ypjrojava.net\/en\/index.php?rest_route=%2Fwp%2Fv2%2Fmedia&parent=22610"}],"wp:term":[{"taxonomy":"category","embeddable":true,"href":"https:\/\/ypjrojava.net\/en\/index.php?rest_route=%2Fwp%2Fv2%2Fcategories&post=22610"},{"taxonomy":"post_tag","embeddable":true,"href":"https:\/\/ypjrojava.net\/en\/index.php?rest_route=%2Fwp%2Fv2%2Ftags&post=22610"}],"curies":[{"name":"wp","href":"https:\/\/api.w.org\/{rel}","templated":true}]}}