{"id":22619,"date":"2026-03-06T13:47:09","date_gmt":"2026-03-06T13:47:09","guid":{"rendered":"https:\/\/ypjrojava.net\/en\/?p=22619"},"modified":"2026-03-06T13:47:09","modified_gmt":"2026-03-06T13:47:09","slug":"ypj-fighter-extends-march-8-greetings-to-women","status":"publish","type":"post","link":"https:\/\/ypjrojava.net\/en\/?p=22619","title":{"rendered":"YPJ Fighter Extends March 8 Greetings to Women"},"content":{"rendered":"<p>From the frontlines of resistance, a fighter of the Women&#8217;s Protection Units (YPJ) Comrade Jan Roja, extended her congratulations to all women in Rojava and around the world on the occasion of International Women\u2019s Day, marked on March 8. She emphasized that this day represents a historic and significant occasion for every woman striving for freedom and dignity.<\/p>\n<p>On this occasion, Comrade Jan Roja also conveyed her greetings to Leader Apo and to all martyrs, noting that the achievements attained by women are the result of the leader\u2019s thought and the sacrifices of the martyrs who paved the path to freedom with their blood.<\/p>\n<p>In her statement, Jan Roja highlighted the pioneering role of the Women&#8217;s Protection Units (YPJ), stressing that the force stood at the forefront of the struggle that contributed to the defeat of the terrorist organization Islamic State and the breaking of the darkness it sought to impose on the peoples of the region, particularly on women.<\/p>\n<p>The YPJ fighter also addressed women across the world and the international public, stressing that the Women\u2019s Protection Units will remain committed to the path of struggle and will not allow the blood of their fallen fighters to be shed in vain. Instead, they will continue the path of resistance until a free and dignified life is achieved for all women and a society based on justice and equality among all its components is built.<\/p>\n<p>Jan Roja concluded her message by saluting every woman engaged in struggle and the mothers of the martyrs, affirming that March 8 will remain a symbol of women\u2019s resilience and resistance in the face of oppression and tyranny.<\/p>\n<p><iframe loading=\"lazy\" title=\"Ji Qad\u00ean Teko\u015fin\u00ea Silav\u00ean 8\u00ea Adar\u00ea Ber Bi Tevahi Jin\u00ean Cihan\u00ea Re\" width=\"500\" height=\"281\" src=\"https:\/\/www.youtube.com\/embed\/fCSQzZI-jSs?feature=oembed\" frameborder=\"0\" allow=\"accelerometer; autoplay; clipboard-write; encrypted-media; gyroscope; picture-in-picture; web-share\" referrerpolicy=\"strict-origin-when-cross-origin\" allowfullscreen><\/iframe><\/p>\n<p><img loading=\"lazy\" decoding=\"async\" class=\"alignnone size-medium wp-image-22621\" src=\"https:\/\/ypjrojava.net\/en\/wp-content\/uploads\/2026\/03\/servan-ypjcanroj-1-300x200.jpg\" alt=\"\" width=\"300\" height=\"200\" srcset=\"https:\/\/ypjrojava.net\/en\/wp-content\/uploads\/2026\/03\/servan-ypjcanroj-1-300x200.jpg 300w, https:\/\/ypjrojava.net\/en\/wp-content\/uploads\/2026\/03\/servan-ypjcanroj-1-1024x683.jpg 1024w, https:\/\/ypjrojava.net\/en\/wp-content\/uploads\/2026\/03\/servan-ypjcanroj-1-768x512.jpg 768w, https:\/\/ypjrojava.net\/en\/wp-content\/uploads\/2026\/03\/servan-ypjcanroj-1-1536x1024.jpg 1536w, https:\/\/ypjrojava.net\/en\/wp-content\/uploads\/2026\/03\/servan-ypjcanroj-1-2048x1365.jpg 2048w\" sizes=\"auto, (max-width: 300px) 100vw, 300px\" \/> <img loading=\"lazy\" decoding=\"async\" class=\"alignnone size-medium wp-image-22622\" src=\"https:\/\/ypjrojava.net\/en\/wp-content\/uploads\/2026\/03\/servan-ypjcanroj-2-300x200.jpg\" alt=\"\" width=\"300\" height=\"200\" srcset=\"https:\/\/ypjrojava.net\/en\/wp-content\/uploads\/2026\/03\/servan-ypjcanroj-2-300x200.jpg 300w, https:\/\/ypjrojava.net\/en\/wp-content\/uploads\/2026\/03\/servan-ypjcanroj-2-1024x683.jpg 1024w, https:\/\/ypjrojava.net\/en\/wp-content\/uploads\/2026\/03\/servan-ypjcanroj-2-768x512.jpg 768w, https:\/\/ypjrojava.net\/en\/wp-content\/uploads\/2026\/03\/servan-ypjcanroj-2-1536x1024.jpg 1536w, https:\/\/ypjrojava.net\/en\/wp-content\/uploads\/2026\/03\/servan-ypjcanroj-2-2048x1365.jpg 2048w\" sizes=\"auto, (max-width: 300px) 100vw, 300px\" \/> <img loading=\"lazy\" decoding=\"async\" class=\"alignnone size-medium wp-image-22623\" src=\"https:\/\/ypjrojava.net\/en\/wp-content\/uploads\/2026\/03\/servan-ypjcanroj-3-300x200.jpg\" alt=\"\" width=\"300\" height=\"200\" srcset=\"https:\/\/ypjrojava.net\/en\/wp-content\/uploads\/2026\/03\/servan-ypjcanroj-3-300x200.jpg 300w, https:\/\/ypjrojava.net\/en\/wp-content\/uploads\/2026\/03\/servan-ypjcanroj-3-1024x683.jpg 1024w, https:\/\/ypjrojava.net\/en\/wp-content\/uploads\/2026\/03\/servan-ypjcanroj-3-768x512.jpg 768w, https:\/\/ypjrojava.net\/en\/wp-content\/uploads\/2026\/03\/servan-ypjcanroj-3-1536x1024.jpg 1536w, https:\/\/ypjrojava.net\/en\/wp-content\/uploads\/2026\/03\/servan-ypjcanroj-3-2048x1365.jpg 2048w\" sizes=\"auto, (max-width: 300px) 100vw, 300px\" \/> <img loading=\"lazy\" decoding=\"async\" class=\"alignnone size-medium wp-image-22624\" src=\"https:\/\/ypjrojava.net\/en\/wp-content\/uploads\/2026\/03\/servan-ypjcanroj-4-300x200.jpg\" alt=\"\" width=\"300\" height=\"200\" srcset=\"https:\/\/ypjrojava.net\/en\/wp-content\/uploads\/2026\/03\/servan-ypjcanroj-4-300x200.jpg 300w, https:\/\/ypjrojava.net\/en\/wp-content\/uploads\/2026\/03\/servan-ypjcanroj-4-1024x683.jpg 1024w, https:\/\/ypjrojava.net\/en\/wp-content\/uploads\/2026\/03\/servan-ypjcanroj-4-768x512.jpg 768w, https:\/\/ypjrojava.net\/en\/wp-content\/uploads\/2026\/03\/servan-ypjcanroj-4-1536x1024.jpg 1536w, https:\/\/ypjrojava.net\/en\/wp-content\/uploads\/2026\/03\/servan-ypjcanroj-4-2048x1365.jpg 2048w\" sizes=\"auto, (max-width: 300px) 100vw, 300px\" \/><\/p>\n<p style=\"text-align: center;\"><strong>Media Center of the Women&#8217;s Protection Units (YPJ)<\/strong><\/p>\n<p style=\"text-align: center;\"><strong>06-03-2026<\/strong><\/p>\n","protected":false},"excerpt":{"rendered":"<p>From the frontlines of resistance, a fighter of the Women&#8217;s Protection Units (YPJ) Comrade Jan Roja, extended her congratulations to all women in Rojava and around the world on the occasion of International Women\u2019s Day, marked on March 8. She emphasized that this day represents a historic and significant occasion for every woman striving for &hellip;<\/p>\n","protected":false},"author":1,"featured_media":22625,"comment_status":"open","ping_status":"open","sticky":false,"template":"","format":"standard","meta":{"footnotes":""},"categories":[34,7,3,5,6],"tags":[],"class_list":["post-22619","post","type-post","status-publish","format-standard","has-post-thumbnail","hentry","category-34","category-articles","category-news","category-photos","category-videos"],"_links":{"self":[{"href":"https:\/\/ypjrojava.net\/en\/index.php?rest_route=\/wp\/v2\/posts\/22619","targetHints":{"allow":["GET"]}}],"collection":[{"href":"https:\/\/ypjrojava.net\/en\/index.php?rest_route=\/wp\/v2\/posts"}],"about":[{"href":"https:\/\/ypjrojava.net\/en\/index.php?rest_route=\/wp\/v2\/types\/post"}],"author":[{"embeddable":true,"href":"https:\/\/ypjrojava.net\/en\/index.php?rest_route=\/wp\/v2\/users\/1"}],"replies":[{"embeddable":true,"href":"https:\/\/ypjrojava.net\/en\/index.php?rest_route=%2Fwp%2Fv2%2Fcomments&post=22619"}],"version-history":[{"count":1,"href":"https:\/\/ypjrojava.net\/en\/index.php?rest_route=\/wp\/v2\/posts\/22619\/revisions"}],"predecessor-version":[{"id":22626,"href":"https:\/\/ypjrojava.net\/en\/index.php?rest_route=\/wp\/v2\/posts\/22619\/revisions\/22626"}],"wp:featuredmedia":[{"embeddable":true,"href":"https:\/\/ypjrojava.net\/en\/index.php?rest_route=\/wp\/v2\/media\/22625"}],"wp:attachment":[{"href":"https:\/\/ypjrojava.net\/en\/index.php?rest_route=%2Fwp%2Fv2%2Fmedia&parent=22619"}],"wp:term":[{"taxonomy":"category","embeddable":true,"href":"https:\/\/ypjrojava.net\/en\/index.php?rest_route=%2Fwp%2Fv2%2Fcategories&post=22619"},{"taxonomy":"post_tag","embeddable":true,"href":"https:\/\/ypjrojava.net\/en\/index.php?rest_route=%2Fwp%2Fv2%2Ftags&post=22619"}],"curies":[{"name":"wp","href":"https:\/\/api.w.org\/{rel}","templated":true}]}}