{"id":22693,"date":"2026-03-10T16:02:10","date_gmt":"2026-03-10T16:02:10","guid":{"rendered":"https:\/\/ypjrojava.net\/en\/?p=22693"},"modified":"2026-03-10T16:02:10","modified_gmt":"2026-03-10T16:02:10","slug":"collective-commemoration-held-for-seven-martyrs-in-qamishli","status":"publish","type":"post","link":"https:\/\/ypjrojava.net\/en\/?p=22693","title":{"rendered":"Collective Commemoration Held for Seven Martyrs in Qamishli"},"content":{"rendered":"<p>The Council of Martyrs\u2019 Families in the city of Qamishli organized a funeral ceremony today for three fighters of the Syrian Democratic Forces (SDF). The martyrs included Aqid Khalil (nom de guerre Doran Qamishlo), who was martyred on August 5, 2024, as well as Majid Korish (Tolehildan Afrin) and Shirmar, who were martyred between January 6 and 29 of this year. The ceremony was held at the shrine of Martyr Delil Sarokhan.<\/p>\n<p>The event also included an in absentia ceremony for the fighter of the People&#8217;s Protection Units (YPG), Shirin Izzeddin (nom de guerre Hezel Arjin), as well as for the SDF fighters Khorshid Mahmoud (Diyar Qamishlo), Rizkar Hassan (Sharvan Qamishlo), and Ahmad Khalil (Ahmad), who were martyred between January 6 and 29 of the previous month.<\/p>\n<p>Hundreds of local residents participated in the ceremony, raising photos of the martyrs along with Kurdish flags and symbols. Participants also chanted slogans such as \u201cMartyrs are immortal\u201d and \u201cLong live the resistance of the YPG and YPJ.\u201d<\/p>\n<p><iframe loading=\"lazy\" title=\"\u015e\u00eaniy\u00ean Qam\u00ee\u015flo cenazey\u00ea heft \u015feh\u00eed\u00ean azadiy\u00ea bi meras\u00eemek\u00ea oxir kirin\" width=\"500\" height=\"281\" src=\"https:\/\/www.youtube.com\/embed\/yXmiJV9j01Y?feature=oembed\" frameborder=\"0\" allow=\"accelerometer; autoplay; clipboard-write; encrypted-media; gyroscope; picture-in-picture; web-share\" referrerpolicy=\"strict-origin-when-cross-origin\" allowfullscreen><\/iframe><\/p>\n<p><img loading=\"lazy\" decoding=\"async\" class=\"alignnone size-medium wp-image-22695\" src=\"https:\/\/ypjrojava.net\/en\/wp-content\/uploads\/2026\/03\/10-adar-qamislo-merasim-2026-1-300x200.jpg\" alt=\"\" width=\"300\" height=\"200\" srcset=\"https:\/\/ypjrojava.net\/en\/wp-content\/uploads\/2026\/03\/10-adar-qamislo-merasim-2026-1-300x200.jpg 300w, https:\/\/ypjrojava.net\/en\/wp-content\/uploads\/2026\/03\/10-adar-qamislo-merasim-2026-1-1024x683.jpg 1024w, https:\/\/ypjrojava.net\/en\/wp-content\/uploads\/2026\/03\/10-adar-qamislo-merasim-2026-1-768x512.jpg 768w, https:\/\/ypjrojava.net\/en\/wp-content\/uploads\/2026\/03\/10-adar-qamislo-merasim-2026-1-1536x1024.jpg 1536w, https:\/\/ypjrojava.net\/en\/wp-content\/uploads\/2026\/03\/10-adar-qamislo-merasim-2026-1-2048x1365.jpg 2048w\" sizes=\"auto, (max-width: 300px) 100vw, 300px\" \/> <img loading=\"lazy\" decoding=\"async\" class=\"alignnone size-medium wp-image-22696\" src=\"https:\/\/ypjrojava.net\/en\/wp-content\/uploads\/2026\/03\/10-adar-qamislo-merasim-2026-1-300x200.png\" alt=\"\" width=\"300\" height=\"200\" srcset=\"https:\/\/ypjrojava.net\/en\/wp-content\/uploads\/2026\/03\/10-adar-qamislo-merasim-2026-1-300x200.png 300w, https:\/\/ypjrojava.net\/en\/wp-content\/uploads\/2026\/03\/10-adar-qamislo-merasim-2026-1-1024x683.png 1024w, https:\/\/ypjrojava.net\/en\/wp-content\/uploads\/2026\/03\/10-adar-qamislo-merasim-2026-1-768x512.png 768w, https:\/\/ypjrojava.net\/en\/wp-content\/uploads\/2026\/03\/10-adar-qamislo-merasim-2026-1-1536x1024.png 1536w, https:\/\/ypjrojava.net\/en\/wp-content\/uploads\/2026\/03\/10-adar-qamislo-merasim-2026-1-2048x1365.png 2048w\" sizes=\"auto, (max-width: 300px) 100vw, 300px\" \/> <img loading=\"lazy\" decoding=\"async\" class=\"alignnone size-medium wp-image-22697\" src=\"https:\/\/ypjrojava.net\/en\/wp-content\/uploads\/2026\/03\/10-adar-qamislo-merasim-2026-2-300x200.png\" alt=\"\" width=\"300\" height=\"200\" srcset=\"https:\/\/ypjrojava.net\/en\/wp-content\/uploads\/2026\/03\/10-adar-qamislo-merasim-2026-2-300x200.png 300w, https:\/\/ypjrojava.net\/en\/wp-content\/uploads\/2026\/03\/10-adar-qamislo-merasim-2026-2-1024x683.png 1024w, https:\/\/ypjrojava.net\/en\/wp-content\/uploads\/2026\/03\/10-adar-qamislo-merasim-2026-2-768x512.png 768w, https:\/\/ypjrojava.net\/en\/wp-content\/uploads\/2026\/03\/10-adar-qamislo-merasim-2026-2-1536x1024.png 1536w, https:\/\/ypjrojava.net\/en\/wp-content\/uploads\/2026\/03\/10-adar-qamislo-merasim-2026-2-2048x1365.png 2048w\" sizes=\"auto, (max-width: 300px) 100vw, 300px\" \/> <img loading=\"lazy\" decoding=\"async\" class=\"alignnone size-medium wp-image-22698\" src=\"https:\/\/ypjrojava.net\/en\/wp-content\/uploads\/2026\/03\/10-adar-qamislo-merasim-2026-3-300x200.png\" alt=\"\" width=\"300\" height=\"200\" srcset=\"https:\/\/ypjrojava.net\/en\/wp-content\/uploads\/2026\/03\/10-adar-qamislo-merasim-2026-3-300x200.png 300w, https:\/\/ypjrojava.net\/en\/wp-content\/uploads\/2026\/03\/10-adar-qamislo-merasim-2026-3-1024x683.png 1024w, https:\/\/ypjrojava.net\/en\/wp-content\/uploads\/2026\/03\/10-adar-qamislo-merasim-2026-3-768x512.png 768w, https:\/\/ypjrojava.net\/en\/wp-content\/uploads\/2026\/03\/10-adar-qamislo-merasim-2026-3-1536x1024.png 1536w, https:\/\/ypjrojava.net\/en\/wp-content\/uploads\/2026\/03\/10-adar-qamislo-merasim-2026-3-2048x1365.png 2048w\" sizes=\"auto, (max-width: 300px) 100vw, 300px\" \/> <img loading=\"lazy\" decoding=\"async\" class=\"alignnone size-medium wp-image-22699\" src=\"https:\/\/ypjrojava.net\/en\/wp-content\/uploads\/2026\/03\/10-adar-qamislo-merasim-2026-4-300x200.png\" alt=\"\" width=\"300\" height=\"200\" srcset=\"https:\/\/ypjrojava.net\/en\/wp-content\/uploads\/2026\/03\/10-adar-qamislo-merasim-2026-4-300x200.png 300w, https:\/\/ypjrojava.net\/en\/wp-content\/uploads\/2026\/03\/10-adar-qamislo-merasim-2026-4-1024x683.png 1024w, https:\/\/ypjrojava.net\/en\/wp-content\/uploads\/2026\/03\/10-adar-qamislo-merasim-2026-4-768x512.png 768w, https:\/\/ypjrojava.net\/en\/wp-content\/uploads\/2026\/03\/10-adar-qamislo-merasim-2026-4-1536x1024.png 1536w, https:\/\/ypjrojava.net\/en\/wp-content\/uploads\/2026\/03\/10-adar-qamislo-merasim-2026-4-2048x1365.png 2048w\" sizes=\"auto, (max-width: 300px) 100vw, 300px\" \/> <img loading=\"lazy\" decoding=\"async\" class=\"alignnone size-medium wp-image-22700\" src=\"https:\/\/ypjrojava.net\/en\/wp-content\/uploads\/2026\/03\/10-adar-qamislo-merasim-2026-5-300x200.png\" alt=\"\" width=\"300\" height=\"200\" srcset=\"https:\/\/ypjrojava.net\/en\/wp-content\/uploads\/2026\/03\/10-adar-qamislo-merasim-2026-5-300x200.png 300w, https:\/\/ypjrojava.net\/en\/wp-content\/uploads\/2026\/03\/10-adar-qamislo-merasim-2026-5-1024x683.png 1024w, https:\/\/ypjrojava.net\/en\/wp-content\/uploads\/2026\/03\/10-adar-qamislo-merasim-2026-5-768x512.png 768w, https:\/\/ypjrojava.net\/en\/wp-content\/uploads\/2026\/03\/10-adar-qamislo-merasim-2026-5-1536x1024.png 1536w, https:\/\/ypjrojava.net\/en\/wp-content\/uploads\/2026\/03\/10-adar-qamislo-merasim-2026-5-2048x1365.png 2048w\" sizes=\"auto, (max-width: 300px) 100vw, 300px\" \/> <img loading=\"lazy\" decoding=\"async\" class=\"alignnone size-medium wp-image-22701\" src=\"https:\/\/ypjrojava.net\/en\/wp-content\/uploads\/2026\/03\/10-adar-qamislo-merasim-2026-6-300x200.png\" alt=\"\" width=\"300\" height=\"200\" srcset=\"https:\/\/ypjrojava.net\/en\/wp-content\/uploads\/2026\/03\/10-adar-qamislo-merasim-2026-6-300x200.png 300w, https:\/\/ypjrojava.net\/en\/wp-content\/uploads\/2026\/03\/10-adar-qamislo-merasim-2026-6-1024x683.png 1024w, https:\/\/ypjrojava.net\/en\/wp-content\/uploads\/2026\/03\/10-adar-qamislo-merasim-2026-6-768x512.png 768w, https:\/\/ypjrojava.net\/en\/wp-content\/uploads\/2026\/03\/10-adar-qamislo-merasim-2026-6-1536x1024.png 1536w, https:\/\/ypjrojava.net\/en\/wp-content\/uploads\/2026\/03\/10-adar-qamislo-merasim-2026-6-2048x1365.png 2048w\" sizes=\"auto, (max-width: 300px) 100vw, 300px\" \/> <img loading=\"lazy\" decoding=\"async\" class=\"alignnone size-medium wp-image-22702\" src=\"https:\/\/ypjrojava.net\/en\/wp-content\/uploads\/2026\/03\/10-adar-qamislo-merasim-2026-7-1-300x169.png\" alt=\"\" width=\"300\" height=\"169\" srcset=\"https:\/\/ypjrojava.net\/en\/wp-content\/uploads\/2026\/03\/10-adar-qamislo-merasim-2026-7-1-300x169.png 300w, https:\/\/ypjrojava.net\/en\/wp-content\/uploads\/2026\/03\/10-adar-qamislo-merasim-2026-7-1-1024x576.png 1024w, https:\/\/ypjrojava.net\/en\/wp-content\/uploads\/2026\/03\/10-adar-qamislo-merasim-2026-7-1-768x432.png 768w, https:\/\/ypjrojava.net\/en\/wp-content\/uploads\/2026\/03\/10-adar-qamislo-merasim-2026-7-1-1536x864.png 1536w, https:\/\/ypjrojava.net\/en\/wp-content\/uploads\/2026\/03\/10-adar-qamislo-merasim-2026-7-1-390x220.png 390w, https:\/\/ypjrojava.net\/en\/wp-content\/uploads\/2026\/03\/10-adar-qamislo-merasim-2026-7-1.png 1920w\" sizes=\"auto, (max-width: 300px) 100vw, 300px\" \/> <img loading=\"lazy\" decoding=\"async\" class=\"alignnone size-medium wp-image-22703\" src=\"https:\/\/ypjrojava.net\/en\/wp-content\/uploads\/2026\/03\/10-adar-qamislo-merasim-2026-8-300x200.png\" alt=\"\" width=\"300\" height=\"200\" srcset=\"https:\/\/ypjrojava.net\/en\/wp-content\/uploads\/2026\/03\/10-adar-qamislo-merasim-2026-8-300x200.png 300w, https:\/\/ypjrojava.net\/en\/wp-content\/uploads\/2026\/03\/10-adar-qamislo-merasim-2026-8-1024x683.png 1024w, https:\/\/ypjrojava.net\/en\/wp-content\/uploads\/2026\/03\/10-adar-qamislo-merasim-2026-8-768x512.png 768w, https:\/\/ypjrojava.net\/en\/wp-content\/uploads\/2026\/03\/10-adar-qamislo-merasim-2026-8-1536x1024.png 1536w, https:\/\/ypjrojava.net\/en\/wp-content\/uploads\/2026\/03\/10-adar-qamislo-merasim-2026-8-2048x1365.png 2048w\" sizes=\"auto, (max-width: 300px) 100vw, 300px\" \/> <img loading=\"lazy\" decoding=\"async\" class=\"alignnone size-medium wp-image-22704\" src=\"https:\/\/ypjrojava.net\/en\/wp-content\/uploads\/2026\/03\/10-adar-qamislo-merasim-2026-9-300x200.png\" alt=\"\" width=\"300\" height=\"200\" srcset=\"https:\/\/ypjrojava.net\/en\/wp-content\/uploads\/2026\/03\/10-adar-qamislo-merasim-2026-9-300x200.png 300w, https:\/\/ypjrojava.net\/en\/wp-content\/uploads\/2026\/03\/10-adar-qamislo-merasim-2026-9-1024x683.png 1024w, https:\/\/ypjrojava.net\/en\/wp-content\/uploads\/2026\/03\/10-adar-qamislo-merasim-2026-9-768x512.png 768w, https:\/\/ypjrojava.net\/en\/wp-content\/uploads\/2026\/03\/10-adar-qamislo-merasim-2026-9-1536x1024.png 1536w, https:\/\/ypjrojava.net\/en\/wp-content\/uploads\/2026\/03\/10-adar-qamislo-merasim-2026-9-2048x1365.png 2048w\" sizes=\"auto, (max-width: 300px) 100vw, 300px\" \/><\/p>\n","protected":false},"excerpt":{"rendered":"<p>The Council of Martyrs\u2019 Families in the city of Qamishli organized a funeral ceremony today for three fighters of the Syrian Democratic Forces (SDF). The martyrs included Aqid Khalil (nom de guerre Doran Qamishlo), who was martyred on August 5, 2024, as well as Majid Korish (Tolehildan Afrin) and Shirmar, who were martyred between January &hellip;<\/p>\n","protected":false},"author":1,"featured_media":22694,"comment_status":"open","ping_status":"open","sticky":false,"template":"","format":"standard","meta":{"footnotes":""},"categories":[34,7,8,14,3,27,5,6],"tags":[],"class_list":["post-22693","post","type-post","status-publish","format-standard","has-post-thumbnail","hentry","category-34","category-articles","category-fallen-martyrs","category-memories","category-news","category-our-martyrs","category-photos","category-videos"],"_links":{"self":[{"href":"https:\/\/ypjrojava.net\/en\/index.php?rest_route=\/wp\/v2\/posts\/22693","targetHints":{"allow":["GET"]}}],"collection":[{"href":"https:\/\/ypjrojava.net\/en\/index.php?rest_route=\/wp\/v2\/posts"}],"about":[{"href":"https:\/\/ypjrojava.net\/en\/index.php?rest_route=\/wp\/v2\/types\/post"}],"author":[{"embeddable":true,"href":"https:\/\/ypjrojava.net\/en\/index.php?rest_route=\/wp\/v2\/users\/1"}],"replies":[{"embeddable":true,"href":"https:\/\/ypjrojava.net\/en\/index.php?rest_route=%2Fwp%2Fv2%2Fcomments&post=22693"}],"version-history":[{"count":1,"href":"https:\/\/ypjrojava.net\/en\/index.php?rest_route=\/wp\/v2\/posts\/22693\/revisions"}],"predecessor-version":[{"id":22705,"href":"https:\/\/ypjrojava.net\/en\/index.php?rest_route=\/wp\/v2\/posts\/22693\/revisions\/22705"}],"wp:featuredmedia":[{"embeddable":true,"href":"https:\/\/ypjrojava.net\/en\/index.php?rest_route=\/wp\/v2\/media\/22694"}],"wp:attachment":[{"href":"https:\/\/ypjrojava.net\/en\/index.php?rest_route=%2Fwp%2Fv2%2Fmedia&parent=22693"}],"wp:term":[{"taxonomy":"category","embeddable":true,"href":"https:\/\/ypjrojava.net\/en\/index.php?rest_route=%2Fwp%2Fv2%2Fcategories&post=22693"},{"taxonomy":"post_tag","embeddable":true,"href":"https:\/\/ypjrojava.net\/en\/index.php?rest_route=%2Fwp%2Fv2%2Ftags&post=22693"}],"curies":[{"name":"wp","href":"https:\/\/api.w.org\/{rel}","templated":true}]}}