{"id":10001,"date":"2019-11-03T07:42:40","date_gmt":"2019-11-03T07:42:40","guid":{"rendered":"https:\/\/ypjrojava.net\/?p=10001"},"modified":"2022-06-28T04:35:30","modified_gmt":"2022-06-28T04:35:30","slug":"artesa-tirk-a-dagirker-erisi-gunde-waren-serekaniye-dikin","status":"publish","type":"post","link":"https:\/\/ypjrojava.net\/?p=10001","title":{"rendered":"Art\u00ea\u015fa Tirk a Dagirker \u00car\u00ee\u015f\u00ee G\u00fbnde War\u00ean Ser\u00eakaniy\u00ea Dikin"},"content":{"rendered":"<p><strong>Lezgin:<\/strong><\/p>\n<p>Di van k\u00ealiyan de Art\u00ea\u015fa Tirk a dagirker \u00fb \u00e7etey\u00ean DA\u00ce\u015e \u00fb El N\u00fbsra bi obis \u00fb hawana \u00ear\u00ee\u015f\u00ee g\u00fbnd\u00ea Mahmudiye a gir\u00eaday\u00ee Ser\u00ea Kan\u00eey\u00ea \u00fb g\u00fbnden Esediy\u00ea, Bab El Ferec,Um i\u015fb\u00ea e gir\u00eaday\u00ee Zirgan didin.<\/p>\n<p><strong>Navenda Ragihandina YPJ&#8217; \u00ea<\/strong><\/p>\n<p><strong>3.11.2019 \/Ser\u00ea Kan\u00eey\u00ea<\/strong><\/p>\n","protected":false},"excerpt":{"rendered":"<p>Lezgin: Di van k\u00ealiyan de Art\u00ea\u015fa Tirk a dagirker \u00fb \u00e7etey\u00ean DA\u00ce\u015e \u00fb El N\u00fbsra bi obis \u00fb hawana \u00ear\u00ee\u015f\u00ee g\u00fbnd\u00ea Mahmudiye a gir\u00eaday\u00ee Ser\u00ea Kan\u00eey\u00ea \u00fb g\u00fbnden Esediy\u00ea, Bab El Ferec,Um i\u015fb\u00ea e gir\u00eaday\u00ee Zirgan didin. Navenda Ragihandina YPJ&#8217; \u00ea 3.11.2019 \/Ser\u00ea Kan\u00eey\u00ea<\/p>\n","protected":false},"author":1,"featured_media":14668,"comment_status":"closed","ping_status":"closed","sticky":false,"template":"","format":"standard","meta":{"footnotes":""},"categories":[38],"tags":[],"class_list":{"0":"post-10001","1":"post","2":"type-post","3":"status-publish","4":"format-standard","5":"has-post-thumbnail","7":"category-nuce"},"_links":{"self":[{"href":"https:\/\/ypjrojava.net\/index.php?rest_route=\/wp\/v2\/posts\/10001","targetHints":{"allow":["GET"]}}],"collection":[{"href":"https:\/\/ypjrojava.net\/index.php?rest_route=\/wp\/v2\/posts"}],"about":[{"href":"https:\/\/ypjrojava.net\/index.php?rest_route=\/wp\/v2\/types\/post"}],"author":[{"embeddable":true,"href":"https:\/\/ypjrojava.net\/index.php?rest_route=\/wp\/v2\/users\/1"}],"replies":[{"embeddable":true,"href":"https:\/\/ypjrojava.net\/index.php?rest_route=%2Fwp%2Fv2%2Fcomments&post=10001"}],"version-history":[{"count":3,"href":"https:\/\/ypjrojava.net\/index.php?rest_route=\/wp\/v2\/posts\/10001\/revisions"}],"predecessor-version":[{"id":14669,"href":"https:\/\/ypjrojava.net\/index.php?rest_route=\/wp\/v2\/posts\/10001\/revisions\/14669"}],"wp:featuredmedia":[{"embeddable":true,"href":"https:\/\/ypjrojava.net\/index.php?rest_route=\/wp\/v2\/media\/14668"}],"wp:attachment":[{"href":"https:\/\/ypjrojava.net\/index.php?rest_route=%2Fwp%2Fv2%2Fmedia&parent=10001"}],"wp:term":[{"taxonomy":"category","embeddable":true,"href":"https:\/\/ypjrojava.net\/index.php?rest_route=%2Fwp%2Fv2%2Fcategories&post=10001"},{"taxonomy":"post_tag","embeddable":true,"href":"https:\/\/ypjrojava.net\/index.php?rest_route=%2Fwp%2Fv2%2Ftags&post=10001"}],"curies":[{"name":"wp","href":"https:\/\/api.w.org\/{rel}","templated":true}]}}