{"id":10012,"date":"2019-11-03T12:07:38","date_gmt":"2019-11-03T12:07:38","guid":{"rendered":"https:\/\/ypjrojava.net\/?p=10012"},"modified":"2022-06-22T03:49:53","modified_gmt":"2022-06-22T03:49:53","slug":"ji-raya-gisti-re-11","status":"publish","type":"post","link":"https:\/\/ypjrojava.net\/?p=10012","title":{"rendered":"Ji Raya Gi\u015ft\u00ee Re"},"content":{"rendered":"<p><strong>Encam<\/strong><strong>\u00ean \u015fer <\/strong><strong>\u00fb berxwedana roja 25em\u00een li rojavay<\/strong><strong>\u00ea Kurdistan <\/strong><strong>\u00fb bak<\/strong><strong>\u00fbr<\/strong><strong>\u00ea S<\/strong><strong>\u00fbriy<\/strong><strong>\u00ea<\/strong><\/p>\n<p><strong>\u00a0<\/strong><\/p>\n<p><strong>Eb<\/strong><strong>\u00fb Rasen <\/strong><strong>\u00fb <\/strong><strong>Til Temir<\/strong><\/p>\n<p>Art\u00ea\u015fa Tirk a dagirker \u00fb kom\u00ean \u00e7ete y\u00ean bi ser ve \u00ear\u00ee\u015f\u00ean xwe y\u00ean dagirkeriy\u00ea domandin. Li gund\u00ean Ing el-Hewa, Til el-Werd, Xirbe Dibs, Bab el-Fere\u015f, Til Mihemed \u00fb \u00dbm el-\u00ce\u015fba art\u00ea\u015fa dagirker \u00fb kom\u00ean \u00e7ete y\u00ean bi ser ve hewl dan dagirkeriya xwe berfireh bikin, bi seyarey\u00ean zirx\u00ee \u00fb pi\u015ftevaniya h\u00eaza heway\u00ee p\u00ea\u015f de werin. H\u00eaz\u00ean me di \u00e7ar\u00e7oveya parastina rewa de bersiva van \u00ear\u00ee\u015fan dan \u00fb di encam de \u015fer derket. Li gelek qadan pev\u00e7\u00fbn\u00ean demdir\u00eaj qewim\u00een \u00fb di encam de her\u00ee k\u00eam 15 \u00e7ete hatin ku\u015ftin. Herwiha 2 seyarey\u00ean le\u015fker\u00ee hatin r\u00fbxandin.<\/p>\n<p>&nbsp;<\/p>\n<p><strong>Eyn \u00cesa <\/strong><strong>\u00fb Koban\u00ee<\/strong><\/p>\n<p>Art\u00ea\u015fa dagirker \u00fb kom\u00ean \u00e7ete bi armanca berfirehkirina dagirkeriya xwe \u00fb kontrolkirina r\u00eaka M4 a navdewlet\u00ee \u00ear\u00ee\u015f birin ser gund\u00ean Xirbet Faris,\u00a0 Boxaz S\u00eagir, \u015e\u00eargirad \u00fb Mes\u00fbdiy\u00ea kirin. Di encama bersivdana \u00ear\u00ee\u015fan de \u015fer derket \u00fb li gelek qadan hejmarek \u00e7etey\u00ean art\u00ea\u015fa dagirker hatin ku\u015ftin. Hejmara ku\u015ft\u00ee \u00fb br\u00eendaran nehat zelalkirin.<\/p>\n<p>Di encama bersivdana h\u00eaz\u00ean me de her\u00ee k\u00eam 15 \u00e7ete hatin ku\u015ftin \u00fb 2 seyarey\u00ean le\u015fker\u00ee \u00fb ma\u015f\u00eeneyek kar harin r\u00fbxandin.<\/p>\n<p>Di v\u00ea berxwedan\u00ea de 8 heval\u00ean me br\u00eendar b\u00fbn.<\/p>\n<p>&nbsp;<\/p>\n<p><strong>Navenda Ragihandina QSD<\/strong><\/p>\n<p><strong>3<\/strong><strong>\u00ea <\/strong><strong>Mijdara 2019<\/strong><\/p>\n","protected":false},"excerpt":{"rendered":"<p>Encam\u00ean \u015fer \u00fb berxwedana roja 25em\u00een li rojavay\u00ea Kurdistan \u00fb bak\u00fbr\u00ea S\u00fbriy\u00ea \u00a0 Eb\u00fb Rasen \u00fb Til Temir Art\u00ea\u015fa Tirk a dagirker \u00fb kom\u00ean \u00e7ete y\u00ean bi ser ve \u00ear\u00ee\u015f\u00ean xwe y\u00ean dagirkeriy\u00ea domandin. Li gund\u00ean Ing el-Hewa, Til el-Werd, Xirbe Dibs, Bab el-Fere\u015f, Til Mihemed \u00fb \u00dbm el-\u00ce\u015fba art\u00ea\u015fa dagirker \u00fb kom\u00ean \u00e7ete y\u00ean [&hellip;]<\/p>\n","protected":false},"author":1,"featured_media":14175,"comment_status":"closed","ping_status":"closed","sticky":false,"template":"","format":"standard","meta":{"footnotes":""},"categories":[39],"tags":[],"class_list":{"0":"post-10012","1":"post","2":"type-post","3":"status-publish","4":"format-standard","5":"has-post-thumbnail","7":"category-daxuyani"},"_links":{"self":[{"href":"https:\/\/ypjrojava.net\/index.php?rest_route=\/wp\/v2\/posts\/10012","targetHints":{"allow":["GET"]}}],"collection":[{"href":"https:\/\/ypjrojava.net\/index.php?rest_route=\/wp\/v2\/posts"}],"about":[{"href":"https:\/\/ypjrojava.net\/index.php?rest_route=\/wp\/v2\/types\/post"}],"author":[{"embeddable":true,"href":"https:\/\/ypjrojava.net\/index.php?rest_route=\/wp\/v2\/users\/1"}],"replies":[{"embeddable":true,"href":"https:\/\/ypjrojava.net\/index.php?rest_route=%2Fwp%2Fv2%2Fcomments&post=10012"}],"version-history":[{"count":3,"href":"https:\/\/ypjrojava.net\/index.php?rest_route=\/wp\/v2\/posts\/10012\/revisions"}],"predecessor-version":[{"id":10015,"href":"https:\/\/ypjrojava.net\/index.php?rest_route=\/wp\/v2\/posts\/10012\/revisions\/10015"}],"wp:featuredmedia":[{"embeddable":true,"href":"https:\/\/ypjrojava.net\/index.php?rest_route=\/wp\/v2\/media\/14175"}],"wp:attachment":[{"href":"https:\/\/ypjrojava.net\/index.php?rest_route=%2Fwp%2Fv2%2Fmedia&parent=10012"}],"wp:term":[{"taxonomy":"category","embeddable":true,"href":"https:\/\/ypjrojava.net\/index.php?rest_route=%2Fwp%2Fv2%2Fcategories&post=10012"},{"taxonomy":"post_tag","embeddable":true,"href":"https:\/\/ypjrojava.net\/index.php?rest_route=%2Fwp%2Fv2%2Ftags&post=10012"}],"curies":[{"name":"wp","href":"https:\/\/api.w.org\/{rel}","templated":true}]}}