{"id":10036,"date":"2019-11-04T10:55:45","date_gmt":"2019-11-04T10:55:45","guid":{"rendered":"https:\/\/ypjrojava.net\/?p=10036"},"modified":"2022-06-22T03:42:42","modified_gmt":"2022-06-22T03:42:42","slug":"ji-raya-gisti-re-12","status":"publish","type":"post","link":"https:\/\/ypjrojava.net\/?p=10036","title":{"rendered":"Ji Raya Gi\u015ft\u00ee Re"},"content":{"rendered":"<p><strong>Encam<\/strong><strong>\u00ean \u015fer <\/strong><strong>\u00fb berxwdana roja 26em\u00een li rojavay<\/strong><strong>\u00ea Kurdistan<\/strong><strong>\u00ea \u00fb bak<\/strong><strong>\u00fbr<\/strong><strong>\u00ea S<\/strong><strong>\u00fbriy<\/strong><strong>\u00ea<\/strong><\/p>\n<p><strong>\u00a0<\/strong><strong>Til Temir<\/strong><\/p>\n<p>Art\u00ea\u015fa Tirk a dagirker \u00fb kom\u00ean \u00e7ete y\u00ean bi ser ve bi \u00e7ek\u00ean giran \u00fb hejmarek z\u00eade \u00e7ete \u00ear\u00ee\u015f birin li ser gund\u00ea Mehm\u00fbdiy\u00ea. H\u00eaz\u00ean me di \u00e7ar\u00e7oveya parastine rewa de bersiva \u00ear\u00ee\u015fan dan \u00fb pev\u00e7\u00fbn\u00ean giran qewim\u00een. Herwiha li gund\u00ean Kenher, el-Hecac, Derbo \u00fb el-S\u00eebatiya h\u00eaz\u00ean me bersiva \u00ear\u00ee\u015fan dan \u00fb \u015fer\u00ean giran qewim\u00een. Di encama \u015fer de 57 \u00e7ete hatin ku\u015ftin, 22 \u00e7ete br\u00eendar b\u00fbn, 4 seyarey\u00ean le\u015fker\u00ee, 3 panzer \u00fb motorek hatin r\u00fbxandin. Art\u00ea\u015fa dagirker li ser \u015fikestina \u00ear\u00ee\u015f\u00ean \u00e7etey\u00ean xwe bi balafir\u00ean b\u00ea mirov \u00fb obusan her\u00eam da topbaran kir.<\/p>\n<p><strong>Eb<\/strong><strong>\u00fb <\/strong><strong>Rasen<\/strong><\/p>\n<p>Art\u00ea\u015fa dagirker bi h\u00eazek mezin xwest \u00ear\u00ee\u015f\u00ee gund\u00ean Xedir Av\u00ee, Til Hirmil \u00fb her\u00eama di navbera Xirbet Cimo \u00fb Ing el-Hewa bike \u00fb bi v\u00ea armanc\u00ea konvoyek mezin \u015fand van qadan. H\u00eaz\u00ean me yekser bersiva van \u00ear\u00ee\u015fan dan\u00e7 \u00fb konvoya kom\u00ean \u00e7ete ji hev belav kirin, herwiha \u00e7ete ne\u00e7ar man seyarey\u00ean xwe bih\u00ealin \u00fb birevin.<\/p>\n<p><strong>Eyn \u00cesa<\/strong><\/p>\n<p>Art\u00ea\u015fa dagiker bi s\u00ea tangan gund\u00ea Um el-Beram\u00eel topbaran kir. H\u00eaz\u00ean me weke bersiv li \u015e\u00eargirad \u00fb Mar\u00fbda li hermber girseya kom\u00ean \u00e7ete \u00e7alak\u00ee p\u00eak an\u00een \u00fb di encam de 4 \u00e7ete hatin ku\u015ftin, seyareyek hate r\u00fbxandin. Art\u00ea\u015fa dagirker li ser windahiy\u00ean xwe her\u00eam\u00ea dan ber obus \u00fb tangan.<\/p>\n<p>Di bersivdan\u00ean h\u00eaz\u00ean me de bi gi\u015ft\u00ee 61 \u00e7ete hatin ku\u015ftin, 22 \u00e7ete br\u00eendar b\u00fbn; 4 seyarey\u00ean le\u015fker\u00ee, 3 panzer \u00fb motorek hatin r\u00fbxandin.<\/p>\n<p>Di v\u00ea berxwedan\u00ea de bi gi\u015ft\u00ee 8 heval\u00ean me \u015feh\u00eed ketin \u00fb 11 heval\u00ean me j\u00ee br\u00eendar b\u00fbn.<\/p>\n<p>&nbsp;<\/p>\n<p><strong><em>Navenda Ragihandina QSD<\/em><\/strong><\/p>\n<p><strong><em>4<\/em><\/strong><strong><em>\u00ea <\/em><\/strong><strong><em>Mijdara 2019<\/em><\/strong><\/p>\n","protected":false},"excerpt":{"rendered":"<p>Encam\u00ean \u015fer \u00fb berxwdana roja 26em\u00een li rojavay\u00ea Kurdistan\u00ea \u00fb bak\u00fbr\u00ea S\u00fbriy\u00ea \u00a0Til Temir Art\u00ea\u015fa Tirk a dagirker \u00fb kom\u00ean \u00e7ete y\u00ean bi ser ve bi \u00e7ek\u00ean giran \u00fb hejmarek z\u00eade \u00e7ete \u00ear\u00ee\u015f birin li ser gund\u00ea Mehm\u00fbdiy\u00ea. H\u00eaz\u00ean me di \u00e7ar\u00e7oveya parastine rewa de bersiva \u00ear\u00ee\u015fan dan \u00fb pev\u00e7\u00fbn\u00ean giran qewim\u00een. Herwiha li gund\u00ean [&hellip;]<\/p>\n","protected":false},"author":1,"featured_media":14174,"comment_status":"closed","ping_status":"closed","sticky":false,"template":"","format":"standard","meta":{"footnotes":""},"categories":[39],"tags":[],"class_list":{"0":"post-10036","1":"post","2":"type-post","3":"status-publish","4":"format-standard","5":"has-post-thumbnail","7":"category-daxuyani"},"_links":{"self":[{"href":"https:\/\/ypjrojava.net\/index.php?rest_route=\/wp\/v2\/posts\/10036","targetHints":{"allow":["GET"]}}],"collection":[{"href":"https:\/\/ypjrojava.net\/index.php?rest_route=\/wp\/v2\/posts"}],"about":[{"href":"https:\/\/ypjrojava.net\/index.php?rest_route=\/wp\/v2\/types\/post"}],"author":[{"embeddable":true,"href":"https:\/\/ypjrojava.net\/index.php?rest_route=\/wp\/v2\/users\/1"}],"replies":[{"embeddable":true,"href":"https:\/\/ypjrojava.net\/index.php?rest_route=%2Fwp%2Fv2%2Fcomments&post=10036"}],"version-history":[{"count":1,"href":"https:\/\/ypjrojava.net\/index.php?rest_route=\/wp\/v2\/posts\/10036\/revisions"}],"predecessor-version":[{"id":10037,"href":"https:\/\/ypjrojava.net\/index.php?rest_route=\/wp\/v2\/posts\/10036\/revisions\/10037"}],"wp:featuredmedia":[{"embeddable":true,"href":"https:\/\/ypjrojava.net\/index.php?rest_route=\/wp\/v2\/media\/14174"}],"wp:attachment":[{"href":"https:\/\/ypjrojava.net\/index.php?rest_route=%2Fwp%2Fv2%2Fmedia&parent=10036"}],"wp:term":[{"taxonomy":"category","embeddable":true,"href":"https:\/\/ypjrojava.net\/index.php?rest_route=%2Fwp%2Fv2%2Fcategories&post=10036"},{"taxonomy":"post_tag","embeddable":true,"href":"https:\/\/ypjrojava.net\/index.php?rest_route=%2Fwp%2Fv2%2Ftags&post=10036"}],"curies":[{"name":"wp","href":"https:\/\/api.w.org\/{rel}","templated":true}]}}