{"id":10043,"date":"2019-11-05T11:57:40","date_gmt":"2019-11-05T11:57:40","guid":{"rendered":"https:\/\/ypjrojava.net\/?p=10043"},"modified":"2022-06-22T03:40:50","modified_gmt":"2022-06-22T03:40:50","slug":"ji-raya-gisti-ra","status":"publish","type":"post","link":"https:\/\/ypjrojava.net\/?p=10043","title":{"rendered":"Ji Raya Gi\u015ft\u00ee Ra"},"content":{"rendered":"<p><strong>Encam<\/strong><strong>\u00ea \u015fer <\/strong><strong>\u00fb berxwedana roja 27em\u00een li rojavay<\/strong><strong>\u00ea Kurdistan <\/strong><strong>\u00fb bak<\/strong><strong>\u00fbr<\/strong><strong>\u00ea S<\/strong><strong>\u00fbriy<\/strong><strong>\u00ea<\/strong><\/p>\n<p><strong>\u00a0<\/strong><strong>Til Temir<\/strong><\/p>\n<p>Art\u00ea\u015fa dagirker \u00fb kom\u00ean \u00e7ete y\u00ean w\u00ea \u00ear\u00ee\u015f birin ser gund\u00ea Dibs \u00fb her\u00eam\u00ean n\u00eaz\u00ee Menac\u00eer, Leylan, Menax \u00fb Feyseliya. H\u00eaz\u00eann me di \u00e7ar\u00e7oveya parastina rewa de bersiva \u00ear\u00ee\u015fan dan \u00fb hejmarek ji \u00e7eteyan hatin ku\u015ftin.<\/p>\n<p><strong>Eb<\/strong><strong>\u00fb <\/strong><strong>Rasen<\/strong><\/p>\n<p>Kom\u00ean \u00e7ete di seet\u00ean sibeh\u00ea de \u00ear\u00ee\u015f birin ser her\u00eam\u00ean s\u00eev\u00eelan. H\u00eaz\u00ean me weke bersiv \u00e7etey\u00ean li derdora gund\u00ean Ing el-Hewa \u00fb Til Mihemed hedef girtin. Di encam de hejmarek ji \u00e7eteyan hatin ku\u015ftin \u00fb br\u00eendarkirin.<\/p>\n<p><strong>Eyn \u00cesa<\/strong><\/p>\n<p>Art\u00ea\u015fa dagirker \u00fb kom\u00ean \u00e7ete bi h\u00eazeke mezin \u00ear\u00ee\u015f birin ser gund\u00ean Tib\u00eana, Xirbet Kerem, B\u00eer El\u00eesa, Gor Husey\u00een kirin. H\u00eaz\u00ean me yekser bersiva \u00ear\u00ee\u015fan dan \u00fb di encam de hejmarek ji \u00e7eteyan hatin ku\u015ftin. D\u00eesa h\u00eaz\u00ean em weke bersiva van \u00ear\u00ee\u015fan \u00e7etey\u00ean li gund\u00ean Genteriye, Mes\u00fbdiy\u00ea, al-Aslim kirin \u00fb n\u00eaz\u00ee di seetan pev\u00e7\u00fbn qewim\u00ee.<\/p>\n<p>Di encama bersivdana h\u00eaz\u00ean me de bi k\u00eaman\u00ee 24 \u00e7ete hatin ku\u015ftin, 10 br\u00eendar b\u00fbn, 2 seyarey\u00ean le\u015fker\u00ee hatin r\u00fbxandin.<\/p>\n<p>Di v\u00ea berxwedan\u00ea de 3 heval\u00ean me \u015feh\u00eed ketin \u00fb 4 heval\u00ean me br\u00eendar b\u00fbn.<\/p>\n<p>&nbsp;<\/p>\n<p><strong><em>Navenda Ragihandina QSD<\/em><\/strong><\/p>\n<p><strong><em>5<\/em><\/strong><strong><em>\u00ea <\/em><\/strong><strong><em>Mijdara 2019<\/em><\/strong><\/p>\n","protected":false},"excerpt":{"rendered":"<p>Encam\u00ea \u015fer \u00fb berxwedana roja 27em\u00een li rojavay\u00ea Kurdistan \u00fb bak\u00fbr\u00ea S\u00fbriy\u00ea \u00a0Til Temir Art\u00ea\u015fa dagirker \u00fb kom\u00ean \u00e7ete y\u00ean w\u00ea \u00ear\u00ee\u015f birin ser gund\u00ea Dibs \u00fb her\u00eam\u00ean n\u00eaz\u00ee Menac\u00eer, Leylan, Menax \u00fb Feyseliya. H\u00eaz\u00eann me di \u00e7ar\u00e7oveya parastina rewa de bersiva \u00ear\u00ee\u015fan dan \u00fb hejmarek ji \u00e7eteyan hatin ku\u015ftin. Eb\u00fb Rasen Kom\u00ean \u00e7ete di [&hellip;]<\/p>\n","protected":false},"author":1,"featured_media":14173,"comment_status":"closed","ping_status":"closed","sticky":false,"template":"","format":"standard","meta":{"footnotes":""},"categories":[39],"tags":[],"class_list":{"0":"post-10043","1":"post","2":"type-post","3":"status-publish","4":"format-standard","5":"has-post-thumbnail","7":"category-daxuyani"},"_links":{"self":[{"href":"https:\/\/ypjrojava.net\/index.php?rest_route=\/wp\/v2\/posts\/10043","targetHints":{"allow":["GET"]}}],"collection":[{"href":"https:\/\/ypjrojava.net\/index.php?rest_route=\/wp\/v2\/posts"}],"about":[{"href":"https:\/\/ypjrojava.net\/index.php?rest_route=\/wp\/v2\/types\/post"}],"author":[{"embeddable":true,"href":"https:\/\/ypjrojava.net\/index.php?rest_route=\/wp\/v2\/users\/1"}],"replies":[{"embeddable":true,"href":"https:\/\/ypjrojava.net\/index.php?rest_route=%2Fwp%2Fv2%2Fcomments&post=10043"}],"version-history":[{"count":2,"href":"https:\/\/ypjrojava.net\/index.php?rest_route=\/wp\/v2\/posts\/10043\/revisions"}],"predecessor-version":[{"id":10045,"href":"https:\/\/ypjrojava.net\/index.php?rest_route=\/wp\/v2\/posts\/10043\/revisions\/10045"}],"wp:featuredmedia":[{"embeddable":true,"href":"https:\/\/ypjrojava.net\/index.php?rest_route=\/wp\/v2\/media\/14173"}],"wp:attachment":[{"href":"https:\/\/ypjrojava.net\/index.php?rest_route=%2Fwp%2Fv2%2Fmedia&parent=10043"}],"wp:term":[{"taxonomy":"category","embeddable":true,"href":"https:\/\/ypjrojava.net\/index.php?rest_route=%2Fwp%2Fv2%2Fcategories&post=10043"},{"taxonomy":"post_tag","embeddable":true,"href":"https:\/\/ypjrojava.net\/index.php?rest_route=%2Fwp%2Fv2%2Ftags&post=10043"}],"curies":[{"name":"wp","href":"https:\/\/api.w.org\/{rel}","templated":true}]}}