{"id":10061,"date":"2019-11-05T22:39:18","date_gmt":"2019-11-05T22:39:18","guid":{"rendered":"https:\/\/ypjrojava.net\/?p=10061"},"modified":"2022-06-26T09:07:53","modified_gmt":"2022-06-26T09:07:53","slug":"deniz-soran-heza-me-ji-hevalti-u-baweriya-me-te","status":"publish","type":"post","link":"https:\/\/ypjrojava.net\/?p=10061","title":{"rendered":"Deniz Soran: H\u00eaza Me Ji Hevalt\u00ee \u00db Baweriya Me T\u00ea\u00a0"},"content":{"rendered":"<p>\u015eervana YPJ&#8217;\u00ea Deniz Soran, ya ji Ba\u015f\u00fbr\u00ea Kurdistan\u00ea bajar\u00ea Sil\u00eamaniy\u00ea ye, cih\u00ea xwe di eniya Berxwedana R\u00fbmet\u00ea de digre axiv\u00ee got; &#8220;Ez bi h\u00eaza me bawerim ku em \u00ea di v\u00ea \u015fer\u00ee de bi serbikevin.&#8221;<\/p>\n<p>Berxwedana R\u00fbmet\u00ea di roja 28 em\u00een de berdewam dike. \u015eervan\u00ean YPJ-YPG-QSD&#8217;\u00ea li hember\u00ee dagirkeriya dewleta Tirk, \u00e7etey\u00ean w\u00ee El Nusra \u00fb DAI\u015e&#8217;\u00ea berxwedaniyeke d\u00eerok\u00ee dime\u015f\u00eenin.\u00a0 Di ser\u00ee de gel\u00ea Kurd y\u00ea li her der\u00ea jiyan dike, her wiha saz\u00ee \u00fb dazgeh\u00ean c\u00eehan\u00ea xwed\u00ee li \u015fore\u015fa mirovahiy\u00ea derdikevin. \u00a0\u015eervana YPJ&#8217;\u00ea bi heman ruh\u00ee cih\u00ea xwe di \u00e7eper\u00ean her\u00ee p\u00ea\u015f y\u00ea berxwedan\u00ea de digre.<\/p>\n<p>\u015eervana YPJ&#8217;\u00ea Deniz Soran, li gund\u00ea Tilwerd y\u00ea gir\u00eaday\u00ee nav\u00e7eya Zirgane di \u00e7eper\u00ean berxwedan\u00ea da ye axiv\u00ee \u00fb bi van gotinan biryardar\u00ee \u00fb h\u00eaviya xwe ya bi serkeftin\u00ea an\u00ee ziman; &#8220;\u015ferek\u00ee pir giran heye. Armanca v\u00ea \u015fer\u00ee tinekirina nirx\u00ean mirovahiy\u00ea ye. L\u00ea em bi h\u00eaza xwe bawerin em \u00ea di v\u00ea \u015fer\u00ee de bi serbikevin. Tolhildana heval\u00ean xwe bi ten\u00ea dikarin bi destxistina\u00a0 serkeftin\u00ea hil\u00eenin. Di cephe da hevalt\u00ee \u00fb al\u00eekar\u00ee day\u00eena hev ji bo me her ti\u015ft\u00ee \u00eefade dike.\u00a0 Mirov nikare ter\u00eefa moral, co\u015f \u00fb kelecana heval niha li vir jiyan dikin bike. Ez weke kes dib\u00eajim em heya daw\u00ee j\u00ee \u015fer bikin l\u00ea dev ji welat \u00fb xaka xwe bernadin. Heya em jiyana netewa demorat\u00eek ji bo gelan may\u00eende bikin em \u00ea teko\u015f\u00eena xwe berdewam bikin.&#8221;<\/p>\n<p><strong>Navenda Ragihandina YPJ<\/strong><\/p>\n<p><strong>Tilwerd-06.11.2019<\/strong><\/p>\n<p><iframe loading=\"lazy\" title=\"Deniz Soran: H\u00eaza Me Ji Hevalt\u00ee \u00db Baweriya Me T\u00ea\" width=\"696\" height=\"392\" src=\"https:\/\/www.youtube.com\/embed\/GLspJpQYjwE?feature=oembed\" frameborder=\"0\" allow=\"accelerometer; autoplay; clipboard-write; encrypted-media; gyroscope; picture-in-picture; web-share\" referrerpolicy=\"strict-origin-when-cross-origin\" allowfullscreen><\/iframe><\/p>\n","protected":false},"excerpt":{"rendered":"<p>\u015eervana YPJ&#8217;\u00ea Deniz Soran, ya ji Ba\u015f\u00fbr\u00ea Kurdistan\u00ea bajar\u00ea Sil\u00eamaniy\u00ea ye, cih\u00ea xwe di eniya Berxwedana R\u00fbmet\u00ea de digre axiv\u00ee got; &#8220;Ez bi h\u00eaza me bawerim ku em \u00ea di v\u00ea \u015fer\u00ee de bi serbikevin.&#8221; Berxwedana R\u00fbmet\u00ea di roja 28 em\u00een de berdewam dike. \u015eervan\u00ean YPJ-YPG-QSD&#8217;\u00ea li hember\u00ee dagirkeriya dewleta Tirk, \u00e7etey\u00ean w\u00ee El Nusra [&hellip;]<\/p>\n","protected":false},"author":1,"featured_media":14649,"comment_status":"closed","ping_status":"closed","sticky":false,"template":"","format":"standard","meta":{"footnotes":""},"categories":[38],"tags":[],"class_list":{"0":"post-10061","1":"post","2":"type-post","3":"status-publish","4":"format-standard","5":"has-post-thumbnail","7":"category-nuce"},"_links":{"self":[{"href":"https:\/\/ypjrojava.net\/index.php?rest_route=\/wp\/v2\/posts\/10061","targetHints":{"allow":["GET"]}}],"collection":[{"href":"https:\/\/ypjrojava.net\/index.php?rest_route=\/wp\/v2\/posts"}],"about":[{"href":"https:\/\/ypjrojava.net\/index.php?rest_route=\/wp\/v2\/types\/post"}],"author":[{"embeddable":true,"href":"https:\/\/ypjrojava.net\/index.php?rest_route=\/wp\/v2\/users\/1"}],"replies":[{"embeddable":true,"href":"https:\/\/ypjrojava.net\/index.php?rest_route=%2Fwp%2Fv2%2Fcomments&post=10061"}],"version-history":[{"count":4,"href":"https:\/\/ypjrojava.net\/index.php?rest_route=\/wp\/v2\/posts\/10061\/revisions"}],"predecessor-version":[{"id":14648,"href":"https:\/\/ypjrojava.net\/index.php?rest_route=\/wp\/v2\/posts\/10061\/revisions\/14648"}],"wp:featuredmedia":[{"embeddable":true,"href":"https:\/\/ypjrojava.net\/index.php?rest_route=\/wp\/v2\/media\/14649"}],"wp:attachment":[{"href":"https:\/\/ypjrojava.net\/index.php?rest_route=%2Fwp%2Fv2%2Fmedia&parent=10061"}],"wp:term":[{"taxonomy":"category","embeddable":true,"href":"https:\/\/ypjrojava.net\/index.php?rest_route=%2Fwp%2Fv2%2Fcategories&post=10061"},{"taxonomy":"post_tag","embeddable":true,"href":"https:\/\/ypjrojava.net\/index.php?rest_route=%2Fwp%2Fv2%2Ftags&post=10061"}],"curies":[{"name":"wp","href":"https:\/\/api.w.org\/{rel}","templated":true}]}}