{"id":10065,"date":"2019-11-06T10:20:28","date_gmt":"2019-11-06T10:20:28","guid":{"rendered":"https:\/\/ypjrojava.net\/?p=10065"},"modified":"2022-06-26T09:00:45","modified_gmt":"2022-06-26T09:00:45","slug":"eme-heta-dawiye-li-gel-servanen-xwe-bin","status":"publish","type":"post","link":"https:\/\/ypjrojava.net\/?p=10065","title":{"rendered":"Em\u00ea Heta Dawiy\u00ea Li Gel \u015eervan\u00ean Xwe Bin"},"content":{"rendered":"<p><strong>Day\u00eeka bi nav\u00ea Hemdiya Sil\u00eaman Mihemmed ji bajar\u00ea Qami\u015flo ya her\u00eama Ciz\u00eer\u00ea , dib\u00eaje ku &#8220;em r\u00ea nadin Erdoxan \u00fb \u00e7etey\u00ean w\u00ee\u00a0 axa Bak\u00fbr \u00fb Rojhilat\u00ea S\u00fbriy\u00ea dagir bikin. &#8220;<\/strong><\/p>\n<p>H\u00ears \u00fb k\u00eena gel\u00ea her\u00eam\u00ea ji bo dagirkeran her roj z\u00eade dibe. Gel\u00ea Rojavay\u00ea Kurdistan\u00ea li hember\u00ee dagirkeriya Erdoxan\u00a0 bi biryardar\u00ee \u00fb v\u00eenek\u00ee mezin disekinin. Ji 7 sal\u00ee heta 70 sal\u00ee li hember\u00ee dagirkeriy\u00ea berdek\u00ean gel y\u00ean mafdar p\u00ea\u015f dikevin. Bi taybet j\u00ee dayik\u00ean ku zarok\u00ean xwe ji bo serxweb\u00fbna welat \u015feh\u00eed dane, bi \u00e7ek \u00fb rext xwed\u00ee m\u00eerateya zarok\u00ean xwe derdikevin \u00fb diyar dikin ku: &#8220;Berdel \u00e7i dibe bila bibe em\u00ea welat\u00ea bipar\u00eazin, \u00a0ji ber ku me li ser v\u00ea ax\u00ea xw\u00eena zarok\u00ean xwe rijandiye.&#8221;<\/p>\n<p>Dayika ya bi nav\u00ea\u00a0 Hemdiya Sil\u00eaman Mihemmed j\u00ee di derbar\u00ea dagirkirina Bakur-Rojhilat\u00ea Suriy\u00ea de wiha nirxand:&#8221; Erdoxan ji me dixwaze ku em \u00e7ek\u00ea xwe\u00a0 deynin. Ew j\u00ee t\u00ea w\u00ea watey\u00ea ku em r\u00fbmeta xwe radest\u00ee w\u00ee bikin l\u00ea \u00a0em\u00ea xwed\u00ee Li r\u00fbmeta xwe derbikevin. Em weke gel\u00ea Bakur-Rojhilat\u00ea Suriy\u00ea, me xw\u00eena xwe li ser v\u00ea xak\u00ea\u00a0 rijandiye. Me ji bo v\u00ea xak\u00ea\u00a0 ke\u00e7 \u00fb\u00a0 xort\u00ean xwe \u015feh\u00eed dane.<\/p>\n<p><strong>Me Soz Daye Ku Em Ser\u00ee Netew\u00eenin<\/strong><\/p>\n<p>Em ser axa xwe ne \u00fb em axa Xwe bernadin. Em\u00ea li hember\u00ee dagirkeriy\u00ea bi \u015fervan\u00ean QSD&#8217;\u00ea \u00fb YPJ&#8217;\u00ea re mil bi mil \u015fer bikin. \u015eervan\u00ean\u00a0 QSD&#8217;\u00ea hem\u00fb zarok\u00ean me ne \u00fb xw\u00eena xwe li ser v\u00ea axa p\u00eeroz dir\u00eej\u00eenin \u00a0ji ber v\u00ea yek\u00ea j\u00ee \u00a0heta dawiy\u00ea\u00a0 em\u00ea berxwe bidin \u00fb \u015fer bikin.\u00a0 Me soz daye ku em ser\u00ee natew\u00eenin, em\u00ea v\u00ea ax\u00ea ji dijimin\u00ean qirker \u00fb dagirker re neh\u00ealin. Erdoxan \u00fb \u00e7etey\u00ean w\u00ee bi \u00e7i dixwezin \u00ear\u00ee\u015f bikin, bila bikin l\u00ea em ji wan natirsin.<\/p>\n<p>Dayika Hemdiya Sil\u00eaman Mihemmed axaftin\u00ean xwe wiha bi daw\u00ee kir:&#8221;Em\u00ea heta dawiy\u00ea xwed\u00ee li \u015feh\u00eed\u00ean xwe derkevin \u00fb keda ku wan ji bo welat daye em\u00ea ji b\u00eer nekin \u00fb \u015eeh\u00eed Namirin. &#8221;<\/p>\n<p><strong>\u00a0<\/strong><strong style=\"text-transform: initial;\">\u00a0<\/strong><strong style=\"text-transform: initial;\">Navenda Ragihandina YPJ&#8217;\u00ea<\/strong><\/p>\n<p><strong>\u00a0<\/strong><strong>6\/11\/2019<\/strong><\/p>\n<p>&nbsp;<\/p>\n<div class=\"youtube-embed\" data-video_id=\"-RBcgPZHHBc\"><iframe loading=\"lazy\" title=\"Em\u00ea Heta Dawiy\u00ea Li Gel \u015eervan\u00ean Xwe Bin\" width=\"696\" height=\"392\" src=\"https:\/\/www.youtube.com\/embed\/-RBcgPZHHBc?feature=oembed&#038;enablejsapi=1\" frameborder=\"0\" allow=\"accelerometer; autoplay; clipboard-write; encrypted-media; gyroscope; picture-in-picture; web-share\" referrerpolicy=\"strict-origin-when-cross-origin\" allowfullscreen><\/iframe><\/div>\n<p><strong>\u00a0<\/strong><\/p>\n","protected":false},"excerpt":{"rendered":"<p>Day\u00eeka bi nav\u00ea Hemdiya Sil\u00eaman Mihemmed ji bajar\u00ea Qami\u015flo ya her\u00eama Ciz\u00eer\u00ea , dib\u00eaje ku &#8220;em r\u00ea nadin Erdoxan \u00fb \u00e7etey\u00ean w\u00ee\u00a0 axa Bak\u00fbr \u00fb Rojhilat\u00ea S\u00fbriy\u00ea dagir bikin. &#8220; H\u00ears \u00fb k\u00eena gel\u00ea her\u00eam\u00ea ji bo dagirkeran her roj z\u00eade dibe. Gel\u00ea Rojavay\u00ea Kurdistan\u00ea li hember\u00ee dagirkeriya Erdoxan\u00a0 bi biryardar\u00ee \u00fb v\u00eenek\u00ee mezin disekinin. [&hellip;]<\/p>\n","protected":false},"author":1,"featured_media":14645,"comment_status":"closed","ping_status":"closed","sticky":false,"template":"","format":"standard","meta":{"footnotes":""},"categories":[38],"tags":[],"class_list":{"0":"post-10065","1":"post","2":"type-post","3":"status-publish","4":"format-standard","5":"has-post-thumbnail","7":"category-nuce"},"_links":{"self":[{"href":"https:\/\/ypjrojava.net\/index.php?rest_route=\/wp\/v2\/posts\/10065","targetHints":{"allow":["GET"]}}],"collection":[{"href":"https:\/\/ypjrojava.net\/index.php?rest_route=\/wp\/v2\/posts"}],"about":[{"href":"https:\/\/ypjrojava.net\/index.php?rest_route=\/wp\/v2\/types\/post"}],"author":[{"embeddable":true,"href":"https:\/\/ypjrojava.net\/index.php?rest_route=\/wp\/v2\/users\/1"}],"replies":[{"embeddable":true,"href":"https:\/\/ypjrojava.net\/index.php?rest_route=%2Fwp%2Fv2%2Fcomments&post=10065"}],"version-history":[{"count":2,"href":"https:\/\/ypjrojava.net\/index.php?rest_route=\/wp\/v2\/posts\/10065\/revisions"}],"predecessor-version":[{"id":10068,"href":"https:\/\/ypjrojava.net\/index.php?rest_route=\/wp\/v2\/posts\/10065\/revisions\/10068"}],"wp:featuredmedia":[{"embeddable":true,"href":"https:\/\/ypjrojava.net\/index.php?rest_route=\/wp\/v2\/media\/14645"}],"wp:attachment":[{"href":"https:\/\/ypjrojava.net\/index.php?rest_route=%2Fwp%2Fv2%2Fmedia&parent=10065"}],"wp:term":[{"taxonomy":"category","embeddable":true,"href":"https:\/\/ypjrojava.net\/index.php?rest_route=%2Fwp%2Fv2%2Fcategories&post=10065"},{"taxonomy":"post_tag","embeddable":true,"href":"https:\/\/ypjrojava.net\/index.php?rest_route=%2Fwp%2Fv2%2Ftags&post=10065"}],"curies":[{"name":"wp","href":"https:\/\/api.w.org\/{rel}","templated":true}]}}