{"id":10069,"date":"2019-11-06T13:28:21","date_gmt":"2019-11-06T13:28:21","guid":{"rendered":"https:\/\/ypjrojava.net\/?p=10069"},"modified":"2022-06-22T03:37:30","modified_gmt":"2022-06-22T03:37:30","slug":"ji-raya-gisti-ra-2","status":"publish","type":"post","link":"https:\/\/ypjrojava.net\/?p=10069","title":{"rendered":"Ji Raya Gi\u015ft\u00ee Ra"},"content":{"rendered":"<p><strong>Encam\u00ean \u015fer \u00fb berxwedana roja 28em\u00een li Rojavay\u00ea Kurdistan \u00fb Bak\u00fbr\u00ea S\u00fbriy\u00ea<\/strong><\/p>\n<p><strong>\u00a0<\/strong><strong>Til Temir<\/strong><\/p>\n<p>Art\u00ea\u015fa dagirker \u00fb kom\u00ean \u00e7ete \u00ear\u00ee\u015f\u00ean xwe y\u00ean bi \u00e7ek\u00ean giran \u00fb \u00ear\u00ee\u015f\u00ean heway\u00ee li ser gundewar\u00ean Til Temir domandin. Art\u00ea\u015fa dagirker gund\u00ean Menac\u00eer, Ehras \u00fb Er\u00ee\u015fa bi balafir\u00ean b\u00ea mirov bi dehan caran hedef girt, herwiha bi \u00e7ek\u00ean giran \u00ear\u00ee\u015f bir ser van her\u00eaman. H\u00eaz\u00ean me di \u00e7ar\u00e7oveya parastina rewa de bi awayeke tund bersiva \u00ear\u00ee\u015fan dan \u00fb li gund\u00ean Ehras \u00fb Menac\u00eer kom\u00ean \u00e7ete kirin hedef. Di encam de her\u00ee k\u00eam 12 \u00e7ete hatin ku\u015ftin.<\/p>\n<p><strong>Eb\u00fb Rasen<\/strong><\/p>\n<p>H\u00eaz\u00ean me weke bersiva \u00ear\u00ee\u015f\u00ean art\u00ea\u015fa dagirker li ser gund\u00ean Xe\u015f\u00eem Zirgan, Ing el-Hewa \u00fb Til el-Hem\u00eed kom\u00ean \u00e7ete kirin hedef \u00fb l\u00ea dan. Di encama bersiva \u015fervanan de her\u00ee k\u00eam 9 \u00e7ete hatin ku\u015ftin. D\u00eesa li v\u00ea her\u00eam\u00ea tangek hate r\u00fbxandin \u00fb BMPyek hate derbkirin.<\/p>\n<p><strong>Eyn \u00cesa<\/strong><\/p>\n<p>Art\u00ea\u015fa dagirker bi obus \u00fb tangan li gund\u00ean Genter\u00ee \u00fb \u015e\u00eardirad\u00ea topbaran kir. H\u00eaz\u00ean me bersiva van \u00ear\u00ee\u015fan dan. Kom\u00ean \u00e7ete pi\u015ft\u00ee n\u00eevro \u00ear\u00ee\u015f birin ser her\u00eama el-Nasiriy\u00ea \u00fb li wir di navbera h\u00eaz\u00ean me \u00fb kom\u00ean \u00e7ete de p\u00eav\u00e7\u00fbn\u00ean giran qewim\u00een. Di encama van \u015feran de 6 \u00e7ete hatin ku\u015ftin.<\/p>\n<p>Di \u015fer\u00ea roja 28em\u00een de her\u00ee k\u00eam 27 \u00e7ete hatin ku\u015ftin, BMPyek, tangek \u00fb seyareyek le\u015fker\u00ee hatin r\u00fbxandin.<\/p>\n<p>14 heval\u00ean me di v\u00ea berxwedan\u00ea \u015feh\u00eed ketin \u00fb 13 heval\u00ean me br\u00eendar b\u00fbn.<\/p>\n<p><strong><em>Navenda Ragihandina QSD<\/em><\/strong><\/p>\n<p><strong><em>6\u00ea Mijdara 2019<\/em><\/strong><\/p>\n","protected":false},"excerpt":{"rendered":"<p>Encam\u00ean \u015fer \u00fb berxwedana roja 28em\u00een li Rojavay\u00ea Kurdistan \u00fb Bak\u00fbr\u00ea S\u00fbriy\u00ea \u00a0Til Temir Art\u00ea\u015fa dagirker \u00fb kom\u00ean \u00e7ete \u00ear\u00ee\u015f\u00ean xwe y\u00ean bi \u00e7ek\u00ean giran \u00fb \u00ear\u00ee\u015f\u00ean heway\u00ee li ser gundewar\u00ean Til Temir domandin. Art\u00ea\u015fa dagirker gund\u00ean Menac\u00eer, Ehras \u00fb Er\u00ee\u015fa bi balafir\u00ean b\u00ea mirov bi dehan caran hedef girt, herwiha bi \u00e7ek\u00ean giran \u00ear\u00ee\u015f [&hellip;]<\/p>\n","protected":false},"author":1,"featured_media":14171,"comment_status":"closed","ping_status":"closed","sticky":false,"template":"","format":"standard","meta":{"footnotes":""},"categories":[39],"tags":[],"class_list":{"0":"post-10069","1":"post","2":"type-post","3":"status-publish","4":"format-standard","5":"has-post-thumbnail","7":"category-daxuyani"},"_links":{"self":[{"href":"https:\/\/ypjrojava.net\/index.php?rest_route=\/wp\/v2\/posts\/10069","targetHints":{"allow":["GET"]}}],"collection":[{"href":"https:\/\/ypjrojava.net\/index.php?rest_route=\/wp\/v2\/posts"}],"about":[{"href":"https:\/\/ypjrojava.net\/index.php?rest_route=\/wp\/v2\/types\/post"}],"author":[{"embeddable":true,"href":"https:\/\/ypjrojava.net\/index.php?rest_route=\/wp\/v2\/users\/1"}],"replies":[{"embeddable":true,"href":"https:\/\/ypjrojava.net\/index.php?rest_route=%2Fwp%2Fv2%2Fcomments&post=10069"}],"version-history":[{"count":3,"href":"https:\/\/ypjrojava.net\/index.php?rest_route=\/wp\/v2\/posts\/10069\/revisions"}],"predecessor-version":[{"id":14172,"href":"https:\/\/ypjrojava.net\/index.php?rest_route=\/wp\/v2\/posts\/10069\/revisions\/14172"}],"wp:featuredmedia":[{"embeddable":true,"href":"https:\/\/ypjrojava.net\/index.php?rest_route=\/wp\/v2\/media\/14171"}],"wp:attachment":[{"href":"https:\/\/ypjrojava.net\/index.php?rest_route=%2Fwp%2Fv2%2Fmedia&parent=10069"}],"wp:term":[{"taxonomy":"category","embeddable":true,"href":"https:\/\/ypjrojava.net\/index.php?rest_route=%2Fwp%2Fv2%2Fcategories&post=10069"},{"taxonomy":"post_tag","embeddable":true,"href":"https:\/\/ypjrojava.net\/index.php?rest_route=%2Fwp%2Fv2%2Ftags&post=10069"}],"curies":[{"name":"wp","href":"https:\/\/api.w.org\/{rel}","templated":true}]}}