{"id":10075,"date":"2019-11-07T16:12:19","date_gmt":"2019-11-07T16:12:19","guid":{"rendered":"https:\/\/ypjrojava.net\/?p=10075"},"modified":"2022-06-22T03:32:18","modified_gmt":"2022-06-22T03:32:18","slug":"ji-raya-gisti-ra-3","status":"publish","type":"post","link":"https:\/\/ypjrojava.net\/?p=10075","title":{"rendered":"Ji Raya Gi\u015ft\u00ee Ra"},"content":{"rendered":"<p><strong>Encam\u00ean \u015fer \u00fb berxwedana roja 29em\u00een li Rojava \u00fb Bak\u00fbr\u00ea S\u00fbriy\u00ea<\/strong><\/p>\n<p>Art\u00ea\u015fa Tirk a dagirker \u00fb \u00e7etey\u00ean w\u00ea bi hem\u00fb h\u00eaza xwe ya tekn\u00eek\u00ee, ji bejah\u00ee \u00fb heway\u00ee ve \u00ear\u00ee\u015f\u00ean xwe y\u00ean dagirkeriy\u00ea domandin. H\u00eaz\u00ean me di \u00e7ar\u00e7oveya parastina rewa de bersiva \u00ear\u00ee\u015fan dan.<\/p>\n<p><strong>Til Temir<\/strong><br \/>\nArt\u00ea\u015fa dagirker \u00fb kom\u00ean \u00e7ete bi \u00e7ek\u00ean giran, tang \u00fb balafir\u00ean b\u00ea mirov \u00ear\u00ee\u015f birin ser gund\u00ean Tew\u00eel, Dibsa, Menac\u00eer \u00fb Um El K\u00eaf. Di encama bersivday\u00eena h\u00eaz\u00ean me de \u015ferek\u00ee dijwar r\u00fb da, bi gi\u015ft\u00ee 9 \u00e7etey\u00ean art\u00ea\u015fa dagirker a Tirk hatin ku\u015ftin.<\/p>\n<p><strong>Eb\u00fb Ras\u00ean<br \/>\n<\/strong>Art\u00ea\u015fa dagirker \u00fb \u00e7etey\u00ean w\u00ea \u00ear\u00ee\u015f\u00ean xwe li ser gund\u00ean Bab El Ferec, Til Mihemed, Dawidiy\u00ea, Xi\u015fm\u00ea \u00fb Zirgan domandin.<\/p>\n<p><strong>Eyn \u00cesa<\/strong><br \/>\nArt\u00ea\u015fa dagirker a Tirk \u00fb \u00e7etey\u00ean w\u00ea li derdora gund\u00ean Berber\u00eey\u00ea, \u015eergirad\u00ea \u00fb El Nasiriy\u00ea bi \u00e7ek\u00ean giran, tang \u00fb balafiran \u00ear\u00ee\u015f\u00ean xwe domandin. Di encama bersivdana h\u00eaz\u00ean me de 11 \u00e7ete \u00fb le\u015fker\u00ean dagirker hatin ku\u015ftin, 6 bir\u00eendar b\u00fbn \u00fb \u00e7ek\u00eak AK-47 hat desteser kirin. Herwiha \u00ear\u00ee\u015f hatin \u015fikandin.<\/p>\n<p>Bi gi\u015ft\u00ee di encama bersivday\u00eena h\u00eaz\u00ean me \u00fb \u015fer\u00ean ku qewim\u00een de 20 \u00e7ete \u00fb le\u015fker hatin ku\u015ftin, 6 ji wan bir\u00eendar b\u00fbn, \u00e7ekek AK-47 hat desteserkirin \u00fb tangek hat derb kirin.<\/p>\n<p>Her wiha di v\u00ea berxwedana \u015fervan\u00ean me de 15 heval\u00ean me bi leheng\u00ee \u015fer kirin \u00fb \u015feh\u00eed ketin, 13 heval\u00ean me j\u00ee bir\u00eendar b\u00fbn.<\/p>\n<p><strong><em>\u00a0Navenda Ragihandina QSD<\/em><\/strong><\/p>\n<p><em><strong>\u00a0 \u00a0 \u00a0 7\u00ea Mijdara 2019<\/strong><\/em><\/p>\n","protected":false},"excerpt":{"rendered":"<p>Encam\u00ean \u015fer \u00fb berxwedana roja 29em\u00een li Rojava \u00fb Bak\u00fbr\u00ea S\u00fbriy\u00ea Art\u00ea\u015fa Tirk a dagirker \u00fb \u00e7etey\u00ean w\u00ea bi hem\u00fb h\u00eaza xwe ya tekn\u00eek\u00ee, ji bejah\u00ee \u00fb heway\u00ee ve \u00ear\u00ee\u015f\u00ean xwe y\u00ean dagirkeriy\u00ea domandin. H\u00eaz\u00ean me di \u00e7ar\u00e7oveya parastina rewa de bersiva \u00ear\u00ee\u015fan dan. Til Temir Art\u00ea\u015fa dagirker \u00fb kom\u00ean \u00e7ete bi \u00e7ek\u00ean giran, tang [&hellip;]<\/p>\n","protected":false},"author":1,"featured_media":14168,"comment_status":"closed","ping_status":"closed","sticky":false,"template":"","format":"standard","meta":{"footnotes":""},"categories":[39],"tags":[],"class_list":{"0":"post-10075","1":"post","2":"type-post","3":"status-publish","4":"format-standard","5":"has-post-thumbnail","7":"category-daxuyani"},"_links":{"self":[{"href":"https:\/\/ypjrojava.net\/index.php?rest_route=\/wp\/v2\/posts\/10075","targetHints":{"allow":["GET"]}}],"collection":[{"href":"https:\/\/ypjrojava.net\/index.php?rest_route=\/wp\/v2\/posts"}],"about":[{"href":"https:\/\/ypjrojava.net\/index.php?rest_route=\/wp\/v2\/types\/post"}],"author":[{"embeddable":true,"href":"https:\/\/ypjrojava.net\/index.php?rest_route=\/wp\/v2\/users\/1"}],"replies":[{"embeddable":true,"href":"https:\/\/ypjrojava.net\/index.php?rest_route=%2Fwp%2Fv2%2Fcomments&post=10075"}],"version-history":[{"count":1,"href":"https:\/\/ypjrojava.net\/index.php?rest_route=\/wp\/v2\/posts\/10075\/revisions"}],"predecessor-version":[{"id":10076,"href":"https:\/\/ypjrojava.net\/index.php?rest_route=\/wp\/v2\/posts\/10075\/revisions\/10076"}],"wp:featuredmedia":[{"embeddable":true,"href":"https:\/\/ypjrojava.net\/index.php?rest_route=\/wp\/v2\/media\/14168"}],"wp:attachment":[{"href":"https:\/\/ypjrojava.net\/index.php?rest_route=%2Fwp%2Fv2%2Fmedia&parent=10075"}],"wp:term":[{"taxonomy":"category","embeddable":true,"href":"https:\/\/ypjrojava.net\/index.php?rest_route=%2Fwp%2Fv2%2Fcategories&post=10075"},{"taxonomy":"post_tag","embeddable":true,"href":"https:\/\/ypjrojava.net\/index.php?rest_route=%2Fwp%2Fv2%2Ftags&post=10075"}],"curies":[{"name":"wp","href":"https:\/\/api.w.org\/{rel}","templated":true}]}}