{"id":10090,"date":"2019-11-08T14:11:52","date_gmt":"2019-11-08T14:11:52","guid":{"rendered":"https:\/\/ypjrojava.net\/?p=10090"},"modified":"2022-06-22T03:30:43","modified_gmt":"2022-06-22T03:30:43","slug":"ji-raya-gisti-ra-4","status":"publish","type":"post","link":"https:\/\/ypjrojava.net\/?p=10090","title":{"rendered":"Ji Raya Gi\u015ft\u00ee Ra"},"content":{"rendered":"<p><strong>Encama \u015fer <\/strong><strong>\u00fb berxwedana roja 30em\u00een li rojavay<\/strong><strong>\u00ea Kurdistan <\/strong><strong>\u00fb bak<\/strong><strong>\u00fbr<\/strong><strong>\u00ea S<\/strong><strong>\u00fbriy<\/strong><strong>\u00ea<\/strong><\/p>\n<p>Art\u00ea\u015fa Tirk a dagirker \u00fb \u00e7etey\u00ean w\u00ea ruxm\u00ea li her\u00eam\u00ea hevpeyman hatin li dar xistin, l\u00ea bel\u00ea cardin bi hem\u00fb h\u00eaza xwe ya tekn\u00eek\u00ee ji bejah\u00ee \u00fb heway\u00ee ve li seranser\u00ea sinor\u00ea Rojava, bakur \u00fb rojhilat\u00ea Suriy\u00ea \u00ear\u00ee\u015f\u00ean xwe y\u00ean dagirkirin \u00fb qirkirin\u00ea didom\u00eene herwiha hevpeymanan binp\u00ea dike.<\/p>\n<p><strong>Eniya Til Temir<\/strong><br \/>\nArt\u00ea\u015fa Tirk a dagirker \u00fb \u00e7etey\u00ean w\u00ea \u00ear\u00ee\u015f\u00ean xwe ji bejah\u00ee \u00fb heway\u00ee bi balafir \u00fb \u00e7ek\u00ean giran domandin.<\/p>\n<p><strong>Eniya Eb<\/strong><strong>\u00fb <\/strong><strong>Ras<\/strong><strong>\u00ean<\/strong><br \/>\nArt\u00ea\u015fa dagirker \u00fb \u00e7etey\u00ean w\u00ea bi tang \u00fb \u00e7ek\u00ean xwe y\u00ean giran \u00ear\u00ee\u015feke li ser gund\u00ea Til Mihemed li dar xistin.<\/p>\n<p><strong>Eniya Eyn \u00cesa<\/strong><br \/>\nArt\u00ea\u015fa dagirker a Tirk \u00fb \u00e7etey\u00ean w\u00ea bi \u00e7ek\u00ean giran \u00fb tangan bi dijwar\u00ee \u00ear\u00ee\u015f\u00ean gund\u00ean Xirbet Faris, \u015eergirak\u00ea, Zen\u00fbba, Mes\u00fbdiy\u00ea, Dibis, Xirbet Kerem, Qiz El\u00ee, Kef\u00eefa \u00fb Webd\u00ea kirin. H\u00eaz\u00ean me di \u00e7ar\u00e7oveya parastina rewa de bersiv dan \u00ear\u00ee\u015fan \u00fb p\u00eav\u00e7\u00fbn\u00ean dijwar qewim\u00een. Di encama bersivdan\u00ea de li n\u00eaziki r\u00eaya M4 ya navdewlet\u00ee 2 seyarey\u00ean le\u015fker\u00ee, seyareyek do\u00e7ka barkir\u00ee \u00fb tangek hatin r\u00fbxandin. Herwiha 13 \u00e7ete \u00fb le\u015fker hatin ku\u015ftin, 19 ji wan j\u00ee br\u00eendar b\u00fbn. Di heman dem\u00ea de tangek hat derb kirin, 3 \u00e7ek \u00fb rextek j\u00ee hatin desteserkirin.<\/p>\n<p>Bi gi\u015ft\u00ee di encama \u00ear\u00ee\u015f \u00fb bersivday\u00eena h\u00eaz\u00ean me de 13 \u00e7ete \u00fb le\u015fker hatin ku\u015ftin, 19 ji wan br\u00eendar b\u00fbn.<\/p>\n<p>Di v\u00ea berxwedan\u00ea de 12 heval\u00ean me \u015feh\u00eed ketin, 7 heval\u00ean me j\u00ee br\u00eendar b\u00fbn.<\/p>\n<p><strong>Navenda Ragihandina QSD<br \/>\n8<\/strong><strong>\u00ea<\/strong><strong> Mijdara 2019<\/strong><\/p>\n","protected":false},"excerpt":{"rendered":"<p>Encama \u015fer \u00fb berxwedana roja 30em\u00een li rojavay\u00ea Kurdistan \u00fb bak\u00fbr\u00ea S\u00fbriy\u00ea Art\u00ea\u015fa Tirk a dagirker \u00fb \u00e7etey\u00ean w\u00ea ruxm\u00ea li her\u00eam\u00ea hevpeyman hatin li dar xistin, l\u00ea bel\u00ea cardin bi hem\u00fb h\u00eaza xwe ya tekn\u00eek\u00ee ji bejah\u00ee \u00fb heway\u00ee ve li seranser\u00ea sinor\u00ea Rojava, bakur \u00fb rojhilat\u00ea Suriy\u00ea \u00ear\u00ee\u015f\u00ean xwe y\u00ean dagirkirin \u00fb qirkirin\u00ea [&hellip;]<\/p>\n","protected":false},"author":1,"featured_media":14167,"comment_status":"closed","ping_status":"closed","sticky":false,"template":"","format":"standard","meta":{"footnotes":""},"categories":[39],"tags":[],"class_list":{"0":"post-10090","1":"post","2":"type-post","3":"status-publish","4":"format-standard","5":"has-post-thumbnail","7":"category-daxuyani"},"_links":{"self":[{"href":"https:\/\/ypjrojava.net\/index.php?rest_route=\/wp\/v2\/posts\/10090","targetHints":{"allow":["GET"]}}],"collection":[{"href":"https:\/\/ypjrojava.net\/index.php?rest_route=\/wp\/v2\/posts"}],"about":[{"href":"https:\/\/ypjrojava.net\/index.php?rest_route=\/wp\/v2\/types\/post"}],"author":[{"embeddable":true,"href":"https:\/\/ypjrojava.net\/index.php?rest_route=\/wp\/v2\/users\/1"}],"replies":[{"embeddable":true,"href":"https:\/\/ypjrojava.net\/index.php?rest_route=%2Fwp%2Fv2%2Fcomments&post=10090"}],"version-history":[{"count":1,"href":"https:\/\/ypjrojava.net\/index.php?rest_route=\/wp\/v2\/posts\/10090\/revisions"}],"predecessor-version":[{"id":10091,"href":"https:\/\/ypjrojava.net\/index.php?rest_route=\/wp\/v2\/posts\/10090\/revisions\/10091"}],"wp:featuredmedia":[{"embeddable":true,"href":"https:\/\/ypjrojava.net\/index.php?rest_route=\/wp\/v2\/media\/14167"}],"wp:attachment":[{"href":"https:\/\/ypjrojava.net\/index.php?rest_route=%2Fwp%2Fv2%2Fmedia&parent=10090"}],"wp:term":[{"taxonomy":"category","embeddable":true,"href":"https:\/\/ypjrojava.net\/index.php?rest_route=%2Fwp%2Fv2%2Fcategories&post=10090"},{"taxonomy":"post_tag","embeddable":true,"href":"https:\/\/ypjrojava.net\/index.php?rest_route=%2Fwp%2Fv2%2Ftags&post=10090"}],"curies":[{"name":"wp","href":"https:\/\/api.w.org\/{rel}","templated":true}]}}