{"id":10146,"date":"2019-11-11T11:26:35","date_gmt":"2019-11-11T11:26:35","guid":{"rendered":"https:\/\/ypjrojava.net\/?p=10146"},"modified":"2022-06-22T03:28:42","modified_gmt":"2022-06-22T03:28:42","slug":"qsde-bilancoyabinpekirina-agirbeste-ragihand","status":"publish","type":"post","link":"https:\/\/ypjrojava.net\/?p=10146","title":{"rendered":"QSD\u2019\u00ea B\u00eelan\u00e7oya Binp\u00eakirina Agirbest\u00ea Ragihand"},"content":{"rendered":"<h1 id=\"photo\" class=\"social-title\"><\/h1>\n<p><strong>QSD\u2019\u00ea ragihand ku pi\u015ft\u00ee ku di 17\u2019\u00ea Cotmeh\u00ea de agirbest hatiye ragihandin, art\u00ea\u015fa Tirk a dagirker \u00fb \u00e7etey\u00ean w\u00ea 190 caran bi \u00eari\u015f\u00ean bejah\u00ee \u00fb heway\u00ee \u00fb 82 caran j\u00ee bi \u00eari\u015f\u00ean bi drone \u00fb balafir\u00ean \u015fer agirbest binp\u00ea kiriye.<\/strong><\/p>\n<div class=\"content\">\n<div class=\"entry-content\">\n<p>Navenda Ragihandin\u00ea ya H\u00eaz\u00ean S\u00fbriya Demokrat\u00eek (QSD) b\u00eelan\u00e7oya binp\u00eakirin\u00ean art\u00ea\u015fa Tirk a dagirker \u00fb \u00e7etey\u00ean w\u00ea y\u00ean agirbesta ku di 17\u2019\u00ea Cotmeh\u00ea de hate ragihandin, e\u015fkere kir.<\/p>\n<p>QSD\u2019\u00ea diyar kir ku pi\u015ft\u00ee 17\u2019\u00ea Cotmeh\u00ea kom\u00ean \u00e7ete \u00fb art\u00ea\u015fa Tirk a dagirker 190 caran bi \u00ear\u00ee\u015f\u00ean bejah\u00ee \u00fb heway\u00ee agirbest binp\u00ea kir \u00fb 82 caran \u00ear\u00ee\u015f\u00ean heway\u00ee y\u00ean bi drone \u00fb balafir\u00ean \u015fer p\u00eak an\u00een.<\/p>\n<p>Her wiha QSD\u2019\u00ea ragihand ku 182 \u015fervan\u00ean wan di van \u00ear\u00ee\u015f\u00ean pi\u015ft\u00ee ragihandina agirbest\u00ea de \u015feh\u00eed b\u00fbne \u00fb 243 \u015fervan\u00ean wan j\u00ee bir\u00eendar b\u00fbne.<\/p>\n<p>&nbsp;<\/p>\n<p>Navenda Ragihandina QSD&#8217; \u00ea<\/p>\n<\/div>\n<\/div>\n","protected":false},"excerpt":{"rendered":"<p>QSD\u2019\u00ea ragihand ku pi\u015ft\u00ee ku di 17\u2019\u00ea Cotmeh\u00ea de agirbest hatiye ragihandin, art\u00ea\u015fa Tirk a dagirker \u00fb \u00e7etey\u00ean w\u00ea 190 caran bi \u00eari\u015f\u00ean bejah\u00ee \u00fb heway\u00ee \u00fb 82 caran j\u00ee bi \u00eari\u015f\u00ean bi drone \u00fb balafir\u00ean \u015fer agirbest binp\u00ea kiriye. Navenda Ragihandin\u00ea ya H\u00eaz\u00ean S\u00fbriya Demokrat\u00eek (QSD) b\u00eelan\u00e7oya binp\u00eakirin\u00ean art\u00ea\u015fa Tirk a dagirker \u00fb \u00e7etey\u00ean [&hellip;]<\/p>\n","protected":false},"author":1,"featured_media":14166,"comment_status":"closed","ping_status":"closed","sticky":false,"template":"","format":"standard","meta":{"footnotes":""},"categories":[39],"tags":[],"class_list":{"0":"post-10146","1":"post","2":"type-post","3":"status-publish","4":"format-standard","5":"has-post-thumbnail","7":"category-daxuyani"},"_links":{"self":[{"href":"https:\/\/ypjrojava.net\/index.php?rest_route=\/wp\/v2\/posts\/10146","targetHints":{"allow":["GET"]}}],"collection":[{"href":"https:\/\/ypjrojava.net\/index.php?rest_route=\/wp\/v2\/posts"}],"about":[{"href":"https:\/\/ypjrojava.net\/index.php?rest_route=\/wp\/v2\/types\/post"}],"author":[{"embeddable":true,"href":"https:\/\/ypjrojava.net\/index.php?rest_route=\/wp\/v2\/users\/1"}],"replies":[{"embeddable":true,"href":"https:\/\/ypjrojava.net\/index.php?rest_route=%2Fwp%2Fv2%2Fcomments&post=10146"}],"version-history":[{"count":4,"href":"https:\/\/ypjrojava.net\/index.php?rest_route=\/wp\/v2\/posts\/10146\/revisions"}],"predecessor-version":[{"id":10153,"href":"https:\/\/ypjrojava.net\/index.php?rest_route=\/wp\/v2\/posts\/10146\/revisions\/10153"}],"wp:featuredmedia":[{"embeddable":true,"href":"https:\/\/ypjrojava.net\/index.php?rest_route=\/wp\/v2\/media\/14166"}],"wp:attachment":[{"href":"https:\/\/ypjrojava.net\/index.php?rest_route=%2Fwp%2Fv2%2Fmedia&parent=10146"}],"wp:term":[{"taxonomy":"category","embeddable":true,"href":"https:\/\/ypjrojava.net\/index.php?rest_route=%2Fwp%2Fv2%2Fcategories&post=10146"},{"taxonomy":"post_tag","embeddable":true,"href":"https:\/\/ypjrojava.net\/index.php?rest_route=%2Fwp%2Fv2%2Ftags&post=10146"}],"curies":[{"name":"wp","href":"https:\/\/api.w.org\/{rel}","templated":true}]}}