{"id":10151,"date":"2019-11-11T13:14:14","date_gmt":"2019-11-11T13:14:14","guid":{"rendered":"https:\/\/ypjrojava.net\/?p=10151"},"modified":"2022-06-23T09:39:01","modified_gmt":"2022-06-23T09:39:01","slug":"artesa-tirk-a-dagirker-erisi-sunwaren-asuriyan-dikin","status":"publish","type":"post","link":"https:\/\/ypjrojava.net\/?p=10151","title":{"rendered":"Art\u00ea\u015fa Tirk a Dagirker \u00car\u00ee\u015f\u00ee \u015e\u00fbnwar\u00ean A\u015furiyan Dikin"},"content":{"rendered":"<p><strong>Lezgin:<\/strong><\/p>\n<p>Art\u00ea\u015fa Tirk a dagirker, \u00e7etey\u00ean DA\u00ce\u015e \u00fb El N\u00fbsra bi \u00e7ek\u00ean giran bi tanq \u00fb panz\u00earan \u00ear\u00ee\u015f\u00ee gund \u00fb Mezra y\u00ean A\u015furiya (Rihaniy\u00ea, Re\u015f\u00eediy\u00ea) dikin. Heman d\u00eam\u00ee de j\u00ee ev \u015f\u00fbnwar\u00ean A\u015furiyan bi obis \u00fb hawanan t\u00ean bombabaran kirin. Mecl\u00eesa Askeri a S\u00fcryan\u00ee yan j\u00ee\u00a0 li hember\u00ee van \u00ear\u00ee\u015fan berevaniya \u015f\u00fbnwar\u00ea xwe dikin. Li v\u00ea her\u00eam\u00ea \u015ferek\u00ee dijwar di qewime.<\/p>\n<p><strong>Navenda Ragihandina YPJ&#8217; \u00ea<\/strong><\/p>\n<p>&nbsp;<\/p>\n<p><iframe loading=\"lazy\" title=\"D\u00eemen\u00ea \u00car\u00ee\u015f\u00ean Art\u00ea\u015fa  Tirk a Dagirker y\u00ean Li ser Gnd\u00ean Til Temir, \u015eervan\u00ean YPJ\" width=\"696\" height=\"392\" src=\"https:\/\/www.youtube.com\/embed\/zVf0ObtUWSI?feature=oembed\" frameborder=\"0\" allow=\"accelerometer; autoplay; clipboard-write; encrypted-media; gyroscope; picture-in-picture; web-share\" referrerpolicy=\"strict-origin-when-cross-origin\" allowfullscreen><\/iframe><\/p>\n","protected":false},"excerpt":{"rendered":"<p>Lezgin: Art\u00ea\u015fa Tirk a dagirker, \u00e7etey\u00ean DA\u00ce\u015e \u00fb El N\u00fbsra bi \u00e7ek\u00ean giran bi tanq \u00fb panz\u00earan \u00ear\u00ee\u015f\u00ee gund \u00fb Mezra y\u00ean A\u015furiya (Rihaniy\u00ea, Re\u015f\u00eediy\u00ea) dikin. Heman d\u00eam\u00ee de j\u00ee ev \u015f\u00fbnwar\u00ean A\u015furiyan bi obis \u00fb hawanan t\u00ean bombabaran kirin. Mecl\u00eesa Askeri a S\u00fcryan\u00ee yan j\u00ee\u00a0 li hember\u00ee van \u00ear\u00ee\u015fan berevaniya \u015f\u00fbnwar\u00ea xwe dikin. Li [&hellip;]<\/p>\n","protected":false},"author":1,"featured_media":14489,"comment_status":"closed","ping_status":"closed","sticky":false,"template":"","format":"standard","meta":{"footnotes":""},"categories":[38],"tags":[],"class_list":{"0":"post-10151","1":"post","2":"type-post","3":"status-publish","4":"format-standard","5":"has-post-thumbnail","7":"category-nuce"},"_links":{"self":[{"href":"https:\/\/ypjrojava.net\/index.php?rest_route=\/wp\/v2\/posts\/10151","targetHints":{"allow":["GET"]}}],"collection":[{"href":"https:\/\/ypjrojava.net\/index.php?rest_route=\/wp\/v2\/posts"}],"about":[{"href":"https:\/\/ypjrojava.net\/index.php?rest_route=\/wp\/v2\/types\/post"}],"author":[{"embeddable":true,"href":"https:\/\/ypjrojava.net\/index.php?rest_route=\/wp\/v2\/users\/1"}],"replies":[{"embeddable":true,"href":"https:\/\/ypjrojava.net\/index.php?rest_route=%2Fwp%2Fv2%2Fcomments&post=10151"}],"version-history":[{"count":2,"href":"https:\/\/ypjrojava.net\/index.php?rest_route=\/wp\/v2\/posts\/10151\/revisions"}],"predecessor-version":[{"id":14491,"href":"https:\/\/ypjrojava.net\/index.php?rest_route=\/wp\/v2\/posts\/10151\/revisions\/14491"}],"wp:featuredmedia":[{"embeddable":true,"href":"https:\/\/ypjrojava.net\/index.php?rest_route=\/wp\/v2\/media\/14489"}],"wp:attachment":[{"href":"https:\/\/ypjrojava.net\/index.php?rest_route=%2Fwp%2Fv2%2Fmedia&parent=10151"}],"wp:term":[{"taxonomy":"category","embeddable":true,"href":"https:\/\/ypjrojava.net\/index.php?rest_route=%2Fwp%2Fv2%2Fcategories&post=10151"},{"taxonomy":"post_tag","embeddable":true,"href":"https:\/\/ypjrojava.net\/index.php?rest_route=%2Fwp%2Fv2%2Ftags&post=10151"}],"curies":[{"name":"wp","href":"https:\/\/api.w.org\/{rel}","templated":true}]}}