{"id":10154,"date":"2019-11-11T14:54:59","date_gmt":"2019-11-11T14:54:59","guid":{"rendered":"https:\/\/ypjrojava.net\/?p=10154"},"modified":"2019-11-11T14:54:59","modified_gmt":"2019-11-11T14:54:59","slug":"hevre-nupelda-ji-bo-parastina-nirxen-soresa-jine-tekosin-kir","status":"publish","type":"post","link":"https:\/\/ypjrojava.net\/?p=10154","title":{"rendered":"Hevr\u00ea N\u00fbpelda Ji Bo Parastina Nirx\u00ean \u015eore\u015fa Jin\u00ea T\u00eako\u015f\u00een Kir \u00a0"},"content":{"rendered":"<p>&nbsp;<\/p>\n<p>Em di kesayeta r\u00eaheval N\u00fbpelda de, \u015feh\u00eed\u00ean Berxwedana R\u00fbmet\u00ea \u00fb tevah\u00ee \u015feh\u00eed\u00ean azadiy\u00ea bi b\u00eert\u00eenin. Ji gel\u00ea me \u00fb malbat\u00ean hevr\u00eaya me re sersax\u00ee dixwezin. Em careke din soza xwe li hember\u00ee mezinb\u00fbna berxwedana \u015feh\u00eed\u00ean me n\u00fb dikin.<\/p>\n<p>Dewleta Tirk a dagirker \u00fb hevkar\u00ean w\u00ee y\u00ea kujer, ji 9\u2019\u00ea Cotmeh\u00ea ve \u00eari\u015fek\u00ee dijwar li ser gel\u00ea me \u00fb \u00e7eper\u00ean me y\u00ea parstin\u00ea p\u00ea\u015fxistin. Ev \u00eari\u015fa bi armanca dagirker\u00ee \u00fb qirkirin\u00ea bi her away\u00ee berdewam dike. Her r\u00eahevaleke me ji bo li p\u00ea\u015fiya v\u00ea dagirkeriy\u00ea bibe bendek ya parastin\u00ea bi hem\u00fb fedekar\u00ee tevl\u00ee berxwedana r\u00fbmet\u00ea b\u00fbn. Her \u015fervan \u00fb fermandareke me bi bawer\u00ee \u00fb h\u00eaviya ku ew\u00ea bi berxwedan\u00ea, parastina welat\u00ea xwe bikin li p\u00ea\u015fiya dagirkeriy\u00ea sekin\u00eenin. Em li hember\u00ee ked \u00fb fedekariya \u015feh\u00eed\u00ean xwe her tim d\u00eandarin. \u015eehadet, rastiya ebed\u00ee \u00fb mertebeya hey\u00eena jiyana azad e. Hevr\u00ea N\u00fbpelda, bi rih\u00ea p\u00ea\u015fengiy\u00ea di \u015fer\u00ea berxwedana R\u00fbmet\u00ea de b\u00fb m\u00eenak \u00fb sembola jiyana azad.<\/p>\n<p>R\u00eaheval N\u00fbpelda, di \u015fore\u015fa azadiy\u00ea de ji bo heval\u00ean xwe b\u00fb xwed\u00ee ked \u00fb hewldanek\u00ee mezin. Di fermandariya alaya xweser ya \u015feh\u00eed Z\u00eelan de cih\u00ea xwe digirt. Ji bo ezm\u00fbniya xwe ya \u015fer \u00fb jiyan\u00ea bide heval\u00ean derdor her tim di nava ked day\u00een\u00ea de b\u00fb. Ji bo ji pirs, h\u00eav\u00ee, bawer\u00ee \u00fb keda jin\u00ea \u00fb gel\u00ea xwe re bibe bersiv her tim di nava l\u00eager\u00een\u00ea de b\u00fb. Bi rih\u00ea berpirsyartiya ji v\u00ea dem\u00ea t\u00ea xwestin tevgeriya. Heval N\u00fbpelda bi v\u00ea sekna bibiryar ber\u00ea xwe da Ser\u00ea Kaniy\u00ea \u00fb di \u00e7eper\u00ean berxwedana r\u00fbmet\u00ea de cih girt. Di \u015fexs\u00ea hevr\u00ea N\u00fbpelda \u00fb r\u00eaheval\u00ean me y\u00ea li Ser\u00ea Kaniy\u00ea \u015feh\u00eed b\u00fbn de me careke din berd\u00eala avakirina jiyanek azad \u00e7iqas zehmete d\u00eet. Van r\u00eaheval\u00ean me di v\u00ea dema d\u00eerok\u00ee de xwe xistin bin v\u00ea bar\u00ea giran y\u00ea teko\u015f\u00een\u00ea. Ev fedekariya heval\u00ea mey\u00ee \u015feh\u00eed n\u00ee\u015fan da ye, ji bo me fermana mezinkirina teko\u015f\u00een\u00ea ye. Biryardariya heval N\u00fbpelda \u00fb heval\u00ean mey\u00ee ku di v\u00ea berxwedana r\u00fbmet\u00ea de \u015feh\u00eed b\u00fbne biryardariya di parastina xaka xwe de \u00eesrarkirine.<\/p>\n<p>Me weke YPJ\u2019\u00ea di her p\u00eangava teko\u015f\u00eena azadiy\u00ea de r\u00eaheval\u00ean h\u00eaja winda kirin. Ji \u015fer\u00ea destp\u00eak\u00ea y\u00ea Ser\u00ea Kaniy\u00ea di 2013\u2019an de \u00fb heya Koban\u00ea, Minbic, Reqa, D\u00earezor, Efr\u00een\u00ea \u00fb \u00eero li Ser\u00ea Kaniy\u00ea \u00fb Gir\u00ea Sp\u00ee me bi dehan heval\u00ean xwey\u00ee \u015feh\u00eed spatin v\u00ea xak\u00ea. Ev xak \u00ead\u00ee xaka \u015feh\u00eeda ye. ji bo w\u00ea em dib\u00eajin p\u00eaw\u00eeste em hem weke gel \u00fb hem j\u00ee weke \u015fopdar\u00ean xeta \u015feh\u00eedan v\u00ea xak\u00ea weke \u00e7av\u00ea xwe bipar\u00eazin. Me \u00e7awa heya niha parast \u00fb di oxir\u00ea de berd\u00eal\u00ean giranbiha dan em \u00eero j\u00ee bi heman berpirsyariy\u00ea di eniy\u00ean parastin\u00ea y\u00ea her\u00ee p\u00ea\u015f de cih bigrin. H\u00eav\u00ee \u00fb baweriya \u015feh\u00eed N\u00fbpelda \u00fb hem\u00fb \u015feh\u00eedan ji me eve. P\u00eakan\u00eena h\u00eav\u00ee \u00fb baweriya \u015feh\u00eedan w\u00ea me misoger bigh\u00eeje jiyana azad.<\/p>\n<p>Li ser w\u00ea bingeh\u00ea em careke din di \u015fexs\u00ea \u015feh\u00eed N\u00fbpelda de tevah\u00ee \u015feh\u00eed\u00ean \u015fore\u015fa azadiy\u00ea \u00fb \u015feh\u00eed\u00ean berxwedana r\u00fbmet\u00ea bi b\u00eert\u00eenin. Ji malbata \u015feh\u00eed N\u00fbpelda, gel\u00ean azad\u00eexwaz \u00fb gel\u00ea Bak\u00fbr-Rojhilat\u00ea S\u00fbriy\u00ea re sersax\u00ee dixwezin. Em careke din li hember\u00ee mezinb\u00fbna \u015feh\u00eed\u00ean xwe soza domandina r\u00eaya wan n\u00fb dikin.<\/p>\n<p><strong>Nasnamey<\/strong><strong>a<\/strong><strong>\u00a0r\u00eaheval<\/strong><strong>a<\/strong><strong>\u00a0me y<\/strong><strong>a<\/strong><strong>\u00a0\u015feh\u00eed wiha ye:<\/strong><\/p>\n<p>&nbsp;<\/p>\n<p><img loading=\"lazy\" decoding=\"async\" class=\"alignnone size-medium wp-image-10156\" src=\"http:\/\/ypjrojava.net\/wp-content\/uploads\/2019\/11\/nupelda-215x300.jpg\" alt=\"\" width=\"215\" height=\"300\" srcset=\"https:\/\/ypjrojava.net\/wp-content\/uploads\/2019\/11\/nupelda-215x300.jpg 215w, https:\/\/ypjrojava.net\/wp-content\/uploads\/2019\/11\/nupelda-733x1024.jpg 733w, https:\/\/ypjrojava.net\/wp-content\/uploads\/2019\/11\/nupelda.jpg 751w\" sizes=\"auto, (max-width: 215px) 100vw, 215px\" \/><\/p>\n<p>&nbsp;<\/p>\n<p><strong>Nasnav: <\/strong>N\u00dbPELDA BAGOK<\/p>\n<p><strong>Nav \u00fb Pa\u015fnav:<\/strong> SONGUL MIHEMED<\/p>\n<p><strong>Nav\u00ea Day\u00eek: <\/strong>ZEL\u00ceXA<\/p>\n<p><strong>Nav\u00ea Bav: <\/strong>MIHEMED<\/p>\n<p><strong>Cih \u00fb D\u00eeroka \u015eehadet\u00ea: <\/strong>18.10.2019 \/SER\u00caKANIY\u00ca<\/p>\n<p>&nbsp;<\/p>\n<p><strong>Fermandariya Gi\u015f\u00ee A YPJ<\/strong><\/p>\n<p><strong>11.11.2019 <\/strong><\/p>\n<p>&nbsp;<\/p>\n","protected":false},"excerpt":{"rendered":"<p>&nbsp; Em di kesayeta r\u00eaheval N\u00fbpelda de, \u015feh\u00eed\u00ean Berxwedana R\u00fbmet\u00ea \u00fb tevah\u00ee \u015feh\u00eed\u00ean azadiy\u00ea bi b\u00eert\u00eenin. Ji gel\u00ea me \u00fb malbat\u00ean hevr\u00eaya me re sersax\u00ee dixwezin. Em careke din soza xwe li hember\u00ee mezinb\u00fbna berxwedana \u015feh\u00eed\u00ean me n\u00fb dikin. Dewleta Tirk a dagirker \u00fb hevkar\u00ean w\u00ee y\u00ea kujer, ji 9\u2019\u00ea Cotmeh\u00ea ve \u00eari\u015fek\u00ee dijwar li [&hellip;]<\/p>\n","protected":false},"author":1,"featured_media":10155,"comment_status":"closed","ping_status":"closed","sticky":false,"template":"","format":"standard","meta":{"footnotes":""},"categories":[39],"tags":[],"class_list":{"0":"post-10154","1":"post","2":"type-post","3":"status-publish","4":"format-standard","5":"has-post-thumbnail","7":"category-daxuyani"},"_links":{"self":[{"href":"https:\/\/ypjrojava.net\/index.php?rest_route=\/wp\/v2\/posts\/10154","targetHints":{"allow":["GET"]}}],"collection":[{"href":"https:\/\/ypjrojava.net\/index.php?rest_route=\/wp\/v2\/posts"}],"about":[{"href":"https:\/\/ypjrojava.net\/index.php?rest_route=\/wp\/v2\/types\/post"}],"author":[{"embeddable":true,"href":"https:\/\/ypjrojava.net\/index.php?rest_route=\/wp\/v2\/users\/1"}],"replies":[{"embeddable":true,"href":"https:\/\/ypjrojava.net\/index.php?rest_route=%2Fwp%2Fv2%2Fcomments&post=10154"}],"version-history":[{"count":1,"href":"https:\/\/ypjrojava.net\/index.php?rest_route=\/wp\/v2\/posts\/10154\/revisions"}],"predecessor-version":[{"id":10157,"href":"https:\/\/ypjrojava.net\/index.php?rest_route=\/wp\/v2\/posts\/10154\/revisions\/10157"}],"wp:featuredmedia":[{"embeddable":true,"href":"https:\/\/ypjrojava.net\/index.php?rest_route=\/wp\/v2\/media\/10155"}],"wp:attachment":[{"href":"https:\/\/ypjrojava.net\/index.php?rest_route=%2Fwp%2Fv2%2Fmedia&parent=10154"}],"wp:term":[{"taxonomy":"category","embeddable":true,"href":"https:\/\/ypjrojava.net\/index.php?rest_route=%2Fwp%2Fv2%2Fcategories&post=10154"},{"taxonomy":"post_tag","embeddable":true,"href":"https:\/\/ypjrojava.net\/index.php?rest_route=%2Fwp%2Fv2%2Ftags&post=10154"}],"curies":[{"name":"wp","href":"https:\/\/api.w.org\/{rel}","templated":true}]}}