{"id":10233,"date":"2019-11-22T23:25:08","date_gmt":"2019-11-22T23:25:08","guid":{"rendered":"https:\/\/ypjrojava.net\/?p=10233"},"modified":"2022-06-23T07:26:32","modified_gmt":"2022-06-23T07:26:32","slug":"ji-bo-em-nirxen-tekosina-jinen-berxweder-biparezin-ser-dikin","status":"publish","type":"post","link":"https:\/\/ypjrojava.net\/?p=10233","title":{"rendered":"&#8220;Ji Bo Em Nirx\u00ean Teko\u015f\u00eena Jin\u00ean Berxwed\u00ear Bipar\u00eazin \u015eer Dikin&#8221; \u00a0"},"content":{"rendered":"<p style=\"text-align: left;\"><strong>\u00a0<\/strong>Fermandara yek\u00eeney\u00ean parastina jin\u00ea YPJ&#8217;\u00ea Kurdistan Wa\u015fokan\u00ee bi boneya 25&#8217;\u00ea Mijdar\u00ea, roja teko\u015f\u00eena\u00a0 li hember\u00ee t\u00fbnd \u00fb tij\u00eeya li ser\u00a0 jin\u00ea bersiv da pirs\u00ean ajansa me. Kurdistan \u00ear\u00ee\u015f\u00ean dagirkeriya dewleta Tirk nirxand\u00a0 \u00fb diyar kir ku \u00ear\u00ee\u015f\u00ean\u00a0 li ser Bak\u00fbr \u00fb Rojhilat\u00ea S\u00fbriy\u00ea bi hedef girtina\u00a0 \u015fervan\u00ean jin ve\u00a0 ti \u00a0cudahiya \u00a0xwe ji hi\u015fmendiya ku Xu\u015fk\u00ean Mirabel qetil kirin, n\u00eene.<\/p>\n<p style=\"text-align: left;\"><strong>Kurdistan Wa\u015fokan\u00ee sedema \u00ear\u00ee\u015fkirina hi\u015fmendiya zilam ya dagirker wiha nirxand:<\/strong><\/p>\n<p style=\"text-align: left;\">&#8220;Er\u00ee\u015f\u00ean ku li dij\u00ee jin\u00ea di heman dem\u00ea de li ser hem\u00fb civak\u00ea ye. Ji ber ku weke R\u00eaber Apo j\u00ee day\u00ea diyar kirin &#8216; rastiya jin \u00fb dayik rastiya civak\u00ea ye&#8217;. Civak bi xwe \u00e7and,exlaq \u00fb\u00a0 heb\u00fbne ji bo v\u00ea yek\u00ea j\u00ee \u00ear\u00ee\u015f\u00ean ku li hember\u00ee jin\u00ea t\u00ea kirin li dij\u00ee nirx\u00ean civak\u00ea t\u00ea kirin\u00ea.\u00a0 Jin\u00ean ku li hember\u00ee d\u00eektatoriy\u00ea\u00a0\u00a0 disekinin\u00a0 armanc\u00ea wan hem\u00fb yeke.\u00a0 Jinbuy\u00een\u00a0 nasnameyeke ji bona w\u00ea j\u00ee \u00e7\u00een,netew \u00fb reng\u00ea jinan \u00a0yeke. Di d\u00eerok\u00ea de heta roja me ye \u00eero jin\u00ea tu car ev pergala zilam qeb\u00fbl nekiriye\u00a0 \u00fb\u00a0 her dem li hember\u00ee v\u00ea teko\u015f\u00een kiriye.\u00a0 X\u00fb\u015fk\u00ean Mirabel j\u00ee\u00a0 ji aliy\u00ea Trujillo d\u00eektator\u00ea sal\u00ean\u00a0 1960&#8217;dan ve bi avayek\u00ee hovane hatin qetil kirin \u00fb pi\u015ftra j\u00ee xwestin\u00a0 li ser v\u00ea komkujiya hovan\u00ea bigrin. L\u00ea X\u00fb\u015fk\u00ean M\u00eerabel r\u00fbxm\u00ee hem\u00fb hov\u00eet\u00ee \u00fb dirindetiya Trujillo teko\u015f\u00eena xwe dan me\u015fandin, di encam\u00ea de j\u00ee sala 1999&#8217;an\u00a0 da\u00a0 roja qetil kirina\u00a0 X\u00fb\u015fk\u00ean Mirabel b\u00fb rojeke navnetew\u00eeya ya teko\u015f\u00eena li hember\u00ee t\u00fbnd \u00fb tijiya li ser jin\u00ea. V\u00ea\u00a0 roj\u00ea\u00a0 h\u00ee\u015ft ku li hember\u00ee t\u00fbnd \u00fb tij\u00eeya li ser jin\u00ea h\u00ee\u015fyar\u00ee\u00a0 z\u00eadebin . Her jina ku li hember\u00ee d\u00eektatoriy\u00ea ser\u00ee radike \u00fb teko\u015f\u00een dike\u00a0 bi nav\u00ea civakb\u00fby\u00een \u00fb mirovatiy\u00ea ser\u00ee radike.&#8221;<\/p>\n<p style=\"text-align: left;\"><strong>Rih\u00ea \u015eervan\u00ean YPJ&#8217;\u00ea N\u00ee\u015faneya Xetta Teko\u015f\u00eeniy\u00ea <\/strong><\/p>\n<p style=\"text-align: left;\">DAI\u015e&#8217;\u00ea,\u00a0 sedsala 21&#8217;\u00eam\u00een xwast ji bo jinan bike\u00a0 tirbek\u00ee, di heman dem\u00ea de di \u015fexs\u00ea jinan de xwastin\u00a0 hem\u00fb civak\u00ea\u00a0 t\u00fbnne bikin. \u00car\u00ee\u015fa xwe ye yekem di \u015fexse jin\u00ean \u015eengal\u00ee de, bi bazaran de weke kole firotandina wan, xwastin \u00e7and \u00fb exlaq\u00ea Rojhilata Nav\u00een bi\u00a0 nav\u00ea \u00ceslama rad\u00eekal\u00a0 de\u00a0 bin ewr\u00ean tar\u00ee de bih\u00ealin. L\u00ea weke YPJ\u00a0 li hember\u00ee van kiryar\u00ean qir\u00eaj\u00a0 teko\u015f\u00eena \u00a0jin\u00ean\u00a0 Kurd destp\u00ea kir.\u00a0 Ev teko\u015f\u00een bi Ar\u00een,Slava,Awesteyan desp\u00eakir , bi berxwedana R\u00fbmet\u00ea re j\u00ee di \u015fexse hevala Z\u00een,Amara de \u015fenbertir b\u00fb.<\/p>\n<p style=\"text-align: left;\"><strong>DAI\u015e Bi H\u00eaza Jinan Hat Binxistin\u00a0 <\/strong><\/p>\n<p style=\"text-align: left;\">Hi\u015fmendiya zilam \u00eero ne ten\u00ea di Kurdistan\u00ea de hem\u00fb c\u00eehan\u00ea de serweriya xwe\u00a0 dide me\u015fandin. Bi taybet j\u00ee li hember\u00ee \u015eore\u015fa Rojava ku em weke \u015eore\u015fa Jin p\u00eanase dikin xwastin\u00a0 \u00ear\u00ee\u015fek\u00ee\u00a0 p\u00eak b\u00eenin. \u015eore\u015fa Rojava hem\u00fb tabuy\u00ean ku li beramber\u00ee jin \u015fikand \u00fb h\u00eaza jin ya cewher\u00ee derxist hol\u00ea. Da ni\u015fandan ku jin hem\u00fb qad\u00ean jiyan\u00ea de dikar\u00ea cih\u00ea xwe bigre \u00fb ji bo parastina welat\u00ea xwe\u00a0 \u015fer bike.\u00a0 Dewleta her\u00ee kevnar Irak \u00ea li hember\u00ee DAI\u015e&#8217;\u00ea ten\u00ea \u00e7end meha\u00a0\u00a0 berxwe de, di heman dem\u00ea de dewleta S\u00fbr\u00ee ya ku xwe weke dil\u00ea netewa Ereb\u00a0 p\u00eanase dikir j\u00ee ber xwe ne da. L\u00ea\u00a0\u00a0 jina Kurd weke YPJ di P\u00eangava Baxoz\u00ea de DAI\u015e binxist. \u00cero j\u00ee hem\u00fb c\u00eehan li hember\u00ee\u00a0\u00a0\u00a0 v\u00ea\u00a0 teko\u015f\u00eena jina Kurd dey\u00eendar\u00ea . Ji ber ku DAI\u015e ne ten\u00ea\u00a0 bela ser\u00ea \u00a0gel\u00ea Kurd b\u00fb, bela\u00a0 ser\u00ea hem\u00fb mirovatiy\u00ea b\u00fb.<\/p>\n<p style=\"text-align: left;\"><strong>D\u00eektator Dixwazin Jinan B\u00ea Deng \u00a0Bikin<\/strong><\/p>\n<p style=\"text-align: left;\">\u00car\u00ee\u015f\u00ean di salvegara\u00a0 plangeriya 9&#8217;\u00ea Cotmeh\u00ea de desp\u00ea kir\u00ee ji bo baweriya di dil\u00ea jinan de t\u00fbnne bikin hate p\u00eak an\u00een. L\u00ea teko\u015f\u00eena jina Kurd\u00a0 h\u00ee\u015ft ku ji aliy\u00ea raya gi\u015ft\u00ee ve bertek\u00ean v\u00eecdana mirovatiy\u00ea p\u00ea\u015f bikeve.\u00a0 D\u00eektatoriya di \u015fexs\u00ea Trump,Put\u00een \u00fb Erdo\u011fan de dixwazin bilind bikin armanca xwe b\u00eadeng kirina jin\u00ea \u00fb b\u00eadeng kirina gellan e. Hevala me\u00a0 Z\u00een,Amara \u00fb Hav\u00een li hember\u00ee dagirkeriy\u00ea careke din xetta me ye teko\u015f\u00een\u00ea \u00a0\u00a0dan n\u00ee\u015fandan. Dewleta Tirk bi hem\u00fb tekn\u00eek xwe \u00ear\u00ee\u015f\u00ee me dike, dibe ku me f\u00eez\u00eek\u00ee bik\u00fbje \u00fb t\u00fbnne bike l\u00ea nikare \u00eerade, dil \u00fb m\u00eajiy\u00ea me bik\u00fbje. Ji ber ku ev berxwedan,teko\u015f\u00een \u00fb p\u00ea\u015fengiya jin\u00ea di dil \u00fb m\u00eajiy\u00ea zarok\u00ean Kurdan dibe\u00a0 tov \u00fb \u015f\u00een dibe.<\/p>\n<p style=\"text-align: left;\"><strong>Me S\u00eenor\u00ean Tirs\u00ea Derbas Kiriy\u00ea <\/strong><\/p>\n<p style=\"text-align: left;\">Dagirker dixwazin bi \u00ear\u00ee\u015f\u00ean xwe y\u00ean li ser Rojava\u00a0 me bitirs\u00eenin l\u00ea me s\u00eenor\u00ean tirs\u00ea derbas kiriy\u00ea. Ger ku \u00eero jin\u00ean Kurd bi til\u00eel\u00eeyan di\u00e7in ser mirin\u00ea ev n\u00ee\u015fan dide ku me mirin di dil \u00fb m\u00eajiy\u00ea xwe de k\u00fb\u015ftiye. Em ji bo v\u00ea civak\u00ea hezar car bimrin\u00a0 j\u00ee em ne po\u015fmanin \u00fb em\u00ea tu car\u00a0 ser\u00ee netew\u00eenin.\u00a0\u00a0 Erka me ten\u00ea ne \u015fere\u00a0 bi qas\u00ee \u015fer ewqas j\u00ee jiyaneke azada ava kirine. Em careke din bang li hem\u00fb jinan dikin ku bila li hember\u00ee\u00a0 qirkirin \u00fb\u00a0 dagirkeriya\u00a0 li ser welat\u00ea me di heman dem\u00ea de\u00a0 hedef girtina jinan erka xwe ye \u00a0mirov\u00ee \u00fb v\u00eecadan\u00ee p\u00eak b\u00eenin.<\/p>\n<p style=\"text-align: left;\"><strong>Navenda Ragihandina YPJ<\/strong><\/p>\n<p><iframe loading=\"lazy\" title=\"Em Ji Bo Nirx\u00ean Teko\u015f\u00eena Jin\u00ean Berxwed\u00ear Bipar\u00eazin \u015eer Dikin\" width=\"696\" height=\"392\" src=\"https:\/\/www.youtube.com\/embed\/x6FxeDNe6Hs?feature=oembed\" frameborder=\"0\" allow=\"accelerometer; autoplay; clipboard-write; encrypted-media; gyroscope; picture-in-picture; web-share\" referrerpolicy=\"strict-origin-when-cross-origin\" allowfullscreen><\/iframe><\/p>\n","protected":false},"excerpt":{"rendered":"<p>\u00a0Fermandara yek\u00eeney\u00ean parastina jin\u00ea YPJ&#8217;\u00ea Kurdistan Wa\u015fokan\u00ee bi boneya 25&#8217;\u00ea Mijdar\u00ea, roja teko\u015f\u00eena\u00a0 li hember\u00ee t\u00fbnd \u00fb tij\u00eeya li ser\u00a0 jin\u00ea bersiv da pirs\u00ean ajansa me. Kurdistan \u00ear\u00ee\u015f\u00ean dagirkeriya dewleta Tirk nirxand\u00a0 \u00fb diyar kir ku \u00ear\u00ee\u015f\u00ean\u00a0 li ser Bak\u00fbr \u00fb Rojhilat\u00ea S\u00fbriy\u00ea bi hedef girtina\u00a0 \u015fervan\u00ean jin ve\u00a0 ti \u00a0cudahiya \u00a0xwe ji hi\u015fmendiya ku [&hellip;]<\/p>\n","protected":false},"author":1,"featured_media":14478,"comment_status":"closed","ping_status":"closed","sticky":false,"template":"","format":"standard","meta":{"footnotes":""},"categories":[38],"tags":[],"class_list":{"0":"post-10233","1":"post","2":"type-post","3":"status-publish","4":"format-standard","5":"has-post-thumbnail","7":"category-nuce"},"_links":{"self":[{"href":"https:\/\/ypjrojava.net\/index.php?rest_route=\/wp\/v2\/posts\/10233","targetHints":{"allow":["GET"]}}],"collection":[{"href":"https:\/\/ypjrojava.net\/index.php?rest_route=\/wp\/v2\/posts"}],"about":[{"href":"https:\/\/ypjrojava.net\/index.php?rest_route=\/wp\/v2\/types\/post"}],"author":[{"embeddable":true,"href":"https:\/\/ypjrojava.net\/index.php?rest_route=\/wp\/v2\/users\/1"}],"replies":[{"embeddable":true,"href":"https:\/\/ypjrojava.net\/index.php?rest_route=%2Fwp%2Fv2%2Fcomments&post=10233"}],"version-history":[{"count":3,"href":"https:\/\/ypjrojava.net\/index.php?rest_route=\/wp\/v2\/posts\/10233\/revisions"}],"predecessor-version":[{"id":14479,"href":"https:\/\/ypjrojava.net\/index.php?rest_route=\/wp\/v2\/posts\/10233\/revisions\/14479"}],"wp:featuredmedia":[{"embeddable":true,"href":"https:\/\/ypjrojava.net\/index.php?rest_route=\/wp\/v2\/media\/14478"}],"wp:attachment":[{"href":"https:\/\/ypjrojava.net\/index.php?rest_route=%2Fwp%2Fv2%2Fmedia&parent=10233"}],"wp:term":[{"taxonomy":"category","embeddable":true,"href":"https:\/\/ypjrojava.net\/index.php?rest_route=%2Fwp%2Fv2%2Fcategories&post=10233"},{"taxonomy":"post_tag","embeddable":true,"href":"https:\/\/ypjrojava.net\/index.php?rest_route=%2Fwp%2Fv2%2Ftags&post=10233"}],"curies":[{"name":"wp","href":"https:\/\/api.w.org\/{rel}","templated":true}]}}