{"id":10243,"date":"2019-11-24T08:58:46","date_gmt":"2019-11-24T08:58:46","guid":{"rendered":"https:\/\/ypjrojava.net\/?p=10243"},"modified":"2022-06-23T07:07:20","modified_gmt":"2022-06-23T07:07:20","slug":"rihe-xusken-mirabel-iro-ypj-ye","status":"publish","type":"post","link":"https:\/\/ypjrojava.net\/?p=10243","title":{"rendered":"Rih\u00ea X\u00fb\u015fk\u00ean M\u00eerabel \u00cero YPJ ye"},"content":{"rendered":"<p style=\"text-align: left;\">\u015eervan\u00ean YPJ&#8217;\u00ea li eniy\u00ean \u015fer li hember\u00ee dagirkeriya dewleta Tirk \u00fb \u00e7etey\u00ean DAI\u015e \u00ea berxwe didin. \u015eervan bi boneya 25&#8217;\u00ea Mijdar\u00ea roja teko\u015f\u00eena li hember\u00ee t\u00fbnd \u00fb tijiya li ser jin\u00ea ji malpera me re axif\u00een. \u015eervanan balki\u015fandin li ser armanca \u00ear\u00ee\u015f\u00ean dagirkeriya dewleta Tirk \u00fb \u00e7etey\u00ean w\u00ea. \u015eervanan di derbar\u00ea armanca van \u00ear\u00ee\u015fan \u00fb hedef girtina jinan de\u00a0 wiha gotin:&#8221; Jina Kurd li hember\u00ee her cure \u00ear\u00ee\u015fkariya zilam berxwe dide. Li hember\u00ee ev berxwedana jin\u00ea dagirker her cur\u00ea t\u00fbnd \u00fb tijiy\u00ea bikart\u00eenin.&#8221;<\/p>\n<p style=\"text-align: left;\"><strong>\u015eervana YPJ&#8217;\u00ea bi nav\u00ea Cud\u00ee Tolhildan \u00a0di derbar\u00ea t\u00fbnd \u00fb tijiya li ser jin de wiha nirxand:<\/strong>&#8221; Hi\u015fmendiya zilam t\u00fb car jin weke heb\u00fbn\u00a0 ne d\u00eet. Tu qad\u00ean jiyan\u00ea de maf\u00ea axaftin\u00ea nedan jinan \u00fb xwastin her tim jinan \u00a0serk\u00fbt bikin. Dema ku jin ser\u00ee j\u00ee rakir hat qetil kirin. \u00cero em weke YPJ di \u00e7eper\u00ean her\u00ee p\u00ea\u015f de li hember\u00ee v\u00ea hi\u015fmendiy\u00ea \u015fer dikin. Berxwedana jin ya ku\u00a0\u00a0 li Ser\u00eakaniy\u00ea \u00fb Gir\u00ea Sp\u00ee\u00a0 p\u00ea\u015f ket\u00a0 di \u015fexs\u00ea Hevr\u00een Xelef \u00fb Amara\u00a0 de \u015fenbertir b\u00fb. Kiryar\u00ean ku dewleta Tirk li hember\u00ee van jin\u00ean berxwed\u00ear p\u00eak t\u00eene t\u00fb para xwe ji exlaq\u00ea mirovatiy\u00ea ne girtiye. &#8220;<\/p>\n<p style=\"text-align: left;\"><strong>\u015eervana bi nav\u00ea \u00c7ekj\u00een Can j\u00ee di derbar\u00ea kiryar\u00ean art\u00ea\u015fa dewleta Tirk \u00fb hov\u00eetiya ku li hember\u00ee\u00a0 d\u00eel girt\u00ee \u00fb term\u00ean \u015fervan\u00ean jin wiha got:<\/strong>&#8221; Qetl\u00eeama ku li ser jin\u00ea t\u00ea p\u00eakan\u00een me natirs\u00een\u00ea. Heval\u00ean ku \u015feh\u00eed ketin\u00ea \u00fb d\u00eel ketine dest\u00ea dijmin\u00a0 dibe\u00a0 k\u00fb me\u00a0 aliy\u00ea h\u00eastiyar\u00ee\u00a0 de bi\u00ea\u015fin, ji ber ew r\u00eaheval\u00ean me ne l\u00ea\u00a0 ev hov\u00eetiya dijmin hersa me ye teko\u015f\u00een h\u00een \u00a0z\u00eadetir dike. Bila Erdoxan ne b\u00eaje bi van kiryar\u00ean hovan\u00ea em\u00ea jin\u00ean Kurd bitirs\u00eenin, ji ber ku me soza xwe berxwedan\u00ea daye, em\u00ea \u00e7aw\u00ean Erdoxan birij\u00eenin.&#8221;<\/p>\n<p style=\"text-align: left;\">\u015eervan\u00ean YPJ \u00ea ji \u00e7eper\u00ean \u015fer ji bo hem\u00fb jin\u00ean c\u00eehan\u00ea bang kirin k\u00fb li hember\u00ee v\u00ea dagirkeriy\u00ea deng\u00ea berxwedan\u00ea bilind bikin. Her\u00ee daw\u00ee j\u00ee \u015fervana YPJ&#8217;\u00ea \u00c7ekj\u00een Can staranek ji bo b\u00eeran\u00eena heval\u00ean xwe y\u00ean \u015feh\u00eed niv\u00eesandib\u00fb bi me re parve kir.<\/p>\n<p>&nbsp;<\/p>\n<p style=\"text-align: left;\"><strong>Navenda Ragihandina YPJ&#8217; \u00ea<\/strong><\/p>\n<p style=\"text-align: left;\">\n","protected":false},"excerpt":{"rendered":"<p>\u015eervan\u00ean YPJ&#8217;\u00ea li eniy\u00ean \u015fer li hember\u00ee dagirkeriya dewleta Tirk \u00fb \u00e7etey\u00ean DAI\u015e \u00ea berxwe didin. \u015eervan bi boneya 25&#8217;\u00ea Mijdar\u00ea roja teko\u015f\u00eena li hember\u00ee t\u00fbnd \u00fb tijiya li ser jin\u00ea ji malpera me re axif\u00een. \u015eervanan balki\u015fandin li ser armanca \u00ear\u00ee\u015f\u00ean dagirkeriya dewleta Tirk \u00fb \u00e7etey\u00ean w\u00ea. \u015eervanan di derbar\u00ea armanca van \u00ear\u00ee\u015fan \u00fb [&hellip;]<\/p>\n","protected":false},"author":1,"featured_media":14473,"comment_status":"closed","ping_status":"closed","sticky":false,"template":"","format":"standard","meta":{"footnotes":""},"categories":[38],"tags":[],"class_list":{"0":"post-10243","1":"post","2":"type-post","3":"status-publish","4":"format-standard","5":"has-post-thumbnail","7":"category-nuce"},"_links":{"self":[{"href":"https:\/\/ypjrojava.net\/index.php?rest_route=\/wp\/v2\/posts\/10243","targetHints":{"allow":["GET"]}}],"collection":[{"href":"https:\/\/ypjrojava.net\/index.php?rest_route=\/wp\/v2\/posts"}],"about":[{"href":"https:\/\/ypjrojava.net\/index.php?rest_route=\/wp\/v2\/types\/post"}],"author":[{"embeddable":true,"href":"https:\/\/ypjrojava.net\/index.php?rest_route=\/wp\/v2\/users\/1"}],"replies":[{"embeddable":true,"href":"https:\/\/ypjrojava.net\/index.php?rest_route=%2Fwp%2Fv2%2Fcomments&post=10243"}],"version-history":[{"count":2,"href":"https:\/\/ypjrojava.net\/index.php?rest_route=\/wp\/v2\/posts\/10243\/revisions"}],"predecessor-version":[{"id":14474,"href":"https:\/\/ypjrojava.net\/index.php?rest_route=\/wp\/v2\/posts\/10243\/revisions\/14474"}],"wp:featuredmedia":[{"embeddable":true,"href":"https:\/\/ypjrojava.net\/index.php?rest_route=\/wp\/v2\/media\/14473"}],"wp:attachment":[{"href":"https:\/\/ypjrojava.net\/index.php?rest_route=%2Fwp%2Fv2%2Fmedia&parent=10243"}],"wp:term":[{"taxonomy":"category","embeddable":true,"href":"https:\/\/ypjrojava.net\/index.php?rest_route=%2Fwp%2Fv2%2Fcategories&post=10243"},{"taxonomy":"post_tag","embeddable":true,"href":"https:\/\/ypjrojava.net\/index.php?rest_route=%2Fwp%2Fv2%2Ftags&post=10243"}],"curies":[{"name":"wp","href":"https:\/\/api.w.org\/{rel}","templated":true}]}}