{"id":10246,"date":"2019-11-24T10:44:29","date_gmt":"2019-11-24T10:44:29","guid":{"rendered":"https:\/\/ypjrojava.net\/?p=10246"},"modified":"2022-06-21T12:17:13","modified_gmt":"2022-06-21T12:17:13","slug":"tekosina-me-we-bi-rihe-hevrin-dayika-eqide-amara-u-xusken-mirabal-bidome","status":"publish","type":"post","link":"https:\/\/ypjrojava.net\/?p=10246","title":{"rendered":"Teko\u015f\u00eena Me W\u00ea Bi Rih\u00ea Hevr\u00een, Dayika Eq\u00eede, Amara \u00fb X\u00fb\u015fk\u00ean M\u00eerabal Bidome\u00a0\u00a0"},"content":{"rendered":"<p>Em di \u015fexs\u00ea her s\u00ea x\u00fb\u015fk\u00ean M\u00eerabal de \u00fb xwediy\u00ean fedekariy\u00ean mezin r\u00eahevala me Amara, Hevr\u00een \u00fb kedkara \u015fore\u015f\u00ea dayika Eq\u00eede de tevah\u00ee jin\u00ean ku di oxira welat, nasname \u00fb parastina heb\u00fbna civak\u00ea de xwe feda kirine bi b\u00eert\u00eenin. Li ser rastiya \u015feh\u00eed\u00ean berxwedana R\u00fbmet\u00ea em careke din soza mezinkirina teko\u015f\u00eena li hember\u00ee hi\u015fmend\u00eeya desthilatdar\u00eey\u00ea n\u00fb dikin.<\/p>\n<p>Di d\u00eerok\u00ea de jin\u00ean ku teko\u015f\u00een kirine, ser\u00ee rakirin \u00fb bi rih\u00ea berxwedan\u00ea li hember\u00ee desthilatdaran \u00fb hi\u015fmendiya serdest ya m\u00ear sekin\u00eene, bi \u00eari\u015f\u00ean her\u00ee hovane re r\u00fb bir\u00fb mane. Ser\u00ee rakirin \u00fb teko\u015f\u00eena her s\u00ea x\u00fb\u015fkan ya li hember\u00ee pergala desthilatdar a dewleta Dominik xwed\u00ee heman rast\u00ee ye. Pergala serdest ya bi dest\u00ea m\u00ear hatiye avakirin jin\u00ean zane \u00fb civaka berxwed\u00ear her tim ji bo xwe xeter\u00ee d\u00eetiye. Ji bo xwe li ser piyan bigre bi r\u00eabaz\u00ean her\u00ee qir\u00eaj \u00fb p\u00eelangeriy\u00ean komploger hewl daye qirkirina \u00e7and\u00ee, f\u00eez\u00eek\u00ee, fikr\u00ee \u00fb r\u00fbh\u00ee p\u00eak b\u00eene. Teko\u015f\u00eena me bi zaneb\u00fbna van rastiyan derket \u00fb bi avakirina h\u00eaza parastina jin\u00ea re ji bo em bibin tolhild\u00ear\u00ean hem\u00fb hov\u00eetiy\u00ean li ser jin hatine p\u00eakan\u00een \u00fb ketin r\u00eaya teko\u015f\u00een\u00ea.<\/p>\n<p>Di serdema ku em dij\u00een de her ku di\u00e7e teko\u015f\u00eena jinan li seranser\u00ea c\u00eehan\u00ea \u00fb bi taybet di rojhilata nav\u00een de xwe \u015f\u00eanber dike. Pergala desthilatdar \u00eero xwe bi h\u00eaza zordar li ser piyan digre. Bi qas\u00ee ku bi h\u00eaz x\u00fbya dike ewqas\u00ee j\u00ee di rew\u015fa hey\u00ee de berbi hilwe\u015fandin\u00ea ve ye. \u00c7eka h\u00eaz\u00ean desthildar\u00ea ya van 10 sal\u00ean daw\u00ee de li hember\u00ee civak\u00ea \u00fb tunekirina nirx\u00ean civak\u00ee \u00e7etey\u00ean hovane ne. Di ser\u00ee de \u00e7etey\u00ean DAI\u015e\u2019\u00ea ku b\u00fbn tirs \u00fb xufa tevah\u00ee c\u00eehan\u00ea \u00fb di bin nav\u00ean cuda de bi sedan kom\u00ean \u00e7ete avakirin. Ev kom\u00ean \u00e7ete berhem\u00ean aqil\u00ea ne \u00ea ku pergala kap\u00eetal\u00eest li ser piyan digire. Hov\u00eetiya \u00e7eteyan di esas\u00ea xwe de r\u00fby\u00ea ve\u015fart\u00ee y\u00ea netew dewlet\u00ea ye. Di ser\u00ee de dewleta Tirk a dagirker, qirker \u00fb hevkar\u00ean w\u00ee \u00fb tevah\u00ee pergala serdest ya xw\u00eenxwar \u00ea civak\u00ea \u00eero careke din di \u015fexs\u00ea teko\u015f\u00eenvan\u00ean mezin heval Hevr\u00een, dayika Eq\u00eede, heval Amara \u00fb bi sedan r\u00eaheval\u00ean me bi biryara t\u00eakbirina teko\u015f\u00eena me daye. Ev biryar biryara tunekirina tevah\u00ee nirx\u00ean civak\u00ea ye. Ev pilanger\u00ee ya ku di bingeha xwe de tunekirina destkeftiy\u00ean \u015fore\u015fa gelan dike armanc, di 9\u2019\u00ea Cotmeha \u00eesal de hilbijartin ji bo gel\u00ean her\u00eam\u00ea manedare.<\/p>\n<p>Em di demeke wisa d\u00eerok\u00ee ya teko\u015f\u00een\u00ea de 25\u2019\u00ea Mijdar\u00ea p\u00ea\u015fwaz\u00ee dikin. D\u00eerok, careke din di \u015fexs\u00ea dayika Eq\u00eede, r\u00eaheval Hevr\u00een \u00fb Amara de xwe dubare dike. Dewleta Tirk \u00fb \u00e7etey\u00ean w\u00ee eger \u00eero ewqas bi hovane heval\u00ean me \u015feh\u00eed dixe, bi cenazey\u00ea wan diley\u00eeze \u00fb v\u00eeya di medya de belav dike, bi armancek\u00ee dike. Ev asta hov\u00eetiya h\u00eaz\u00ean serdest \u00eefade dike. Ji bo w\u00ea em dib\u00eajin li hember\u00ee v\u00ea hov\u00eetiya mezin, eger \u00eero jin dixwazin roja 25\u2019\u00ea Mijdar\u00ea bigh\u00eenin wateyeke mezin ya teko\u015f\u00een\u00ea \u00fb veguher\u00eenin destp\u00eakeke n\u00fb p\u00eaw\u00eest\u00ee bi hevgirtineke h\u00een xurt ya ruh\u00ee heye. Li kudera c\u00eehan\u00ea dibe bila bibe ger ku jinek, komek an r\u00eaxistineke jin ji bo azadiya jin\u00ea \u00fb civak\u00ea teko\u015f\u00een dime\u015f\u00eene, p\u00eaw\u00eeste hem\u00fb jin ber\u00ea xwe bidin\u00ea \u00fb xwed\u00ee l\u00eaderbikevin. Teko\u015f\u00eena azadiy\u00ea \u00e7iqas mezin \u00fb fereh bibe ewqas t\u00fbnd\u00ee ango bi nav\u00ea din dagirker\u00ee bi\u00e7\u00fbk dibe.<\/p>\n<p>Li ser v\u00ea bingeh\u00ea em bang li hem\u00fb jin\u00ean c\u00eehan\u00ea dikin \u00fb dib\u00eajin, em dest\u00ea xwe bidin hev \u00fb li hember\u00ee dagirkeriya \u00eero li ser jin\u00ean Bak\u00fbr-Rojhilat\u00ea S\u00fbriy\u00ea \u00fb li dever\u00ean ku xeteriya dagirkeriy\u00ea \u00fb tundiy\u00ea t\u00ea kirin deng\u00ea xwe bilind bikin. Teko\u015f\u00eena her s\u00ea x\u00fb\u015fkan \u00eero veguheriya teko\u015f\u00eena bi hezaran jinan. Ji bo em destkeftiy\u00ean teko\u015f\u00eena jinan daye bipar\u00eazin, \u00e7i berd\u00eal ji me t\u00ea xwestin em\u00ea bidin. Em ji bo h\u00eaviy\u00ean her s\u00ea x\u00fb\u015fkan, teko\u015f\u00eena dayika Eq\u00eede, r\u00eaheval Hevr\u00een, Amara \u00fb bi hezaran \u015feh\u00eed\u00ean me p\u00eak b\u00eenin. Em\u00a0 di \u00e7er\u00e7eveya \u015fer\u00ea parastina rewa de li hember\u00ee dagirkeriy\u00ea bisekinin \u00fb teko\u015f\u00eena xwe h\u00een bilind bikin.<\/p>\n<p>Bi v\u00ea b\u00eer \u00fb baweriy\u00ea em bi rasthatina roja 25\u2019\u00ea Mijdar\u00ea, teko\u015f\u00een \u00fb fedekariya jinan \u00fb dayik\u00ean me raber dikin bi r\u00eazdar\u00ee silav dikin \u00fb soza me dayke \u015feh\u00eedan careke din n\u00fb dikin.<\/p>\n<p><strong>Fermandar\u00eeya Gi\u015ft\u00ee Ya YPJ\u2019\u00ea<\/strong><\/p>\n<p><strong>24.11.2019<\/strong><\/p>\n","protected":false},"excerpt":{"rendered":"<p>Em di \u015fexs\u00ea her s\u00ea x\u00fb\u015fk\u00ean M\u00eerabal de \u00fb xwediy\u00ean fedekariy\u00ean mezin r\u00eahevala me Amara, Hevr\u00een \u00fb kedkara \u015fore\u015f\u00ea dayika Eq\u00eede de tevah\u00ee jin\u00ean ku di oxira welat, nasname \u00fb parastina heb\u00fbna civak\u00ea de xwe feda kirine bi b\u00eert\u00eenin. Li ser rastiya \u015feh\u00eed\u00ean berxwedana R\u00fbmet\u00ea em careke din soza mezinkirina teko\u015f\u00eena li hember\u00ee hi\u015fmend\u00eeya desthilatdar\u00eey\u00ea [&hellip;]<\/p>\n","protected":false},"author":1,"featured_media":14083,"comment_status":"closed","ping_status":"closed","sticky":false,"template":"","format":"standard","meta":{"footnotes":""},"categories":[39],"tags":[],"class_list":{"0":"post-10246","1":"post","2":"type-post","3":"status-publish","4":"format-standard","5":"has-post-thumbnail","7":"category-daxuyani"},"_links":{"self":[{"href":"https:\/\/ypjrojava.net\/index.php?rest_route=\/wp\/v2\/posts\/10246","targetHints":{"allow":["GET"]}}],"collection":[{"href":"https:\/\/ypjrojava.net\/index.php?rest_route=\/wp\/v2\/posts"}],"about":[{"href":"https:\/\/ypjrojava.net\/index.php?rest_route=\/wp\/v2\/types\/post"}],"author":[{"embeddable":true,"href":"https:\/\/ypjrojava.net\/index.php?rest_route=\/wp\/v2\/users\/1"}],"replies":[{"embeddable":true,"href":"https:\/\/ypjrojava.net\/index.php?rest_route=%2Fwp%2Fv2%2Fcomments&post=10246"}],"version-history":[{"count":2,"href":"https:\/\/ypjrojava.net\/index.php?rest_route=\/wp\/v2\/posts\/10246\/revisions"}],"predecessor-version":[{"id":14084,"href":"https:\/\/ypjrojava.net\/index.php?rest_route=\/wp\/v2\/posts\/10246\/revisions\/14084"}],"wp:featuredmedia":[{"embeddable":true,"href":"https:\/\/ypjrojava.net\/index.php?rest_route=\/wp\/v2\/media\/14083"}],"wp:attachment":[{"href":"https:\/\/ypjrojava.net\/index.php?rest_route=%2Fwp%2Fv2%2Fmedia&parent=10246"}],"wp:term":[{"taxonomy":"category","embeddable":true,"href":"https:\/\/ypjrojava.net\/index.php?rest_route=%2Fwp%2Fv2%2Fcategories&post=10246"},{"taxonomy":"post_tag","embeddable":true,"href":"https:\/\/ypjrojava.net\/index.php?rest_route=%2Fwp%2Fv2%2Ftags&post=10246"}],"curies":[{"name":"wp","href":"https:\/\/api.w.org\/{rel}","templated":true}]}}