{"id":10254,"date":"2019-11-25T12:45:26","date_gmt":"2019-11-25T12:45:26","guid":{"rendered":"https:\/\/ypjrojava.net\/?p=10254"},"modified":"2022-06-23T06:44:21","modified_gmt":"2022-06-23T06:44:21","slug":"sehid-yildiz-turkmen-ez-ji-bo-naskirina-nasnameya-xwe-besdar-ypje-bum","status":"publish","type":"post","link":"https:\/\/ypjrojava.net\/?p=10254","title":{"rendered":"\u015eeh\u00eed Y\u0131ld\u0131z Turkmen: Ez Ji Bo Naskirina Nasnameya Xwe Be\u015fdar YPJ&#8217;\u00ea B\u00fbm"},"content":{"rendered":"<p>\u015eervana bi nav\u00ea Y\u0131ld\u0131z Taner ya bi esl\u00ea xwe Turkmen b\u00fb, di Berxwedana R\u00fbmet\u00ea de li eniya Ey\u00een \u00cesa \u015feh\u00eed b\u00fb, di hevpeyv\u00eenek\u00ea de armanca tevl\u00eeb\u00fbna xwe bi van gotinan aniye ziman; &#8220;Ez ji bo naskirina maf\u00ea xwe be\u015fdar\u00ee YPJ&#8217;\u00ea b\u00fbm.&#8221;<\/p>\n<p>\u015eervana YPJ&#8217;\u00ea ya bi esl\u00ea xwe Turkmen b\u00fb, di sala 2017&#8217;an de ji Heleb\u00ea be\u015fdar\u00ee nav ref\u00ean YPJ&#8217;\u00ea dibe. Ew pi\u015ft\u00ee ku perwerdeya xwe ya \u015fervan\u00ean n\u00fb dib\u00eene, dixweze bi\u00e7e alay\u00ean \u015fervanan y\u00ean xweser. Li ser daxwaza xwe derbas\u00ee alaya xweser ya bi nav\u00ea \u015feh\u00eed Viyan Koban\u00ea dibe.<\/p>\n<p><strong>&#8216;L\u00eager\u00een\u00ean min ez an\u00eem nav rastiya teko\u015f\u00eeneke wiha bi h\u00eaz&#8217;<\/strong><\/p>\n<p>Y\u0131ld\u0131z, di hevpeyv\u00eeneke par p\u00eare hatiye kirin de bi van gotinan behsa tevl\u00eeb\u00fbn xwe ya nav ref\u00ean YPJ&#8217;\u00ea dike \u00fb \u00e7\u00fby\u00eena xwe ya alaya xweser wiha p\u00eanase dike;&#8221; Zaneb\u00fbna min li ser rastiya teko\u015f\u00eena YPJ&#8217;\u00ea tineb\u00fb. K\u00eamek be j\u00ee min \u015fer\u00ea wan li hember\u00ee \u00e7etey\u00ean DAI\u015e&#8217;\u00ea me\u015fand\u00ee bih\u00eestib\u00fb. Min \u015fervan\u00ean jin y\u00ean Kurd di \u015fer\u00ea Heleb\u00ea j\u00ee d\u00eetin. Ev bandora xwe li ser min kir ez biryar bidim be\u015fdar bibim. L\u00eager\u00een\u00ean min ez an\u00eem nav rastiya teko\u015f\u00eeneke wiha bi h\u00eaz.&#8221;<\/p>\n<p><strong>&#8216;Alaya xweser ji bo min b\u00fb \u00e7avkaniya xwe naskirin\u00ea&#8217;<\/strong><\/p>\n<p>&#8220;Armanca hatina min a alaya xweser perwerdeyek\u00ee h\u00een xurttir, zelaltir \u00fb bi wate d\u00eetin b\u00fb. Min li vir maf\u00ea jin\u00ea fam kir. Ez dema hevaleke jin dib\u00eenim di heybet, axaftin \u00fb sekna wan de maf\u00ea jin h\u00een b\u00eahtir nasdikim. Em li vir bi hevre jiyaneke hevpar dij\u00een, ev ji bo min cih\u00ea k\u00eayfxwe\u015fiy\u00ea ye. K\u00eamek be j\u00ee min hinek rastiya R\u00eaber APO nas kir, ka b\u00ea \u00e7iqas nireke mezin dide teko\u015f\u00eena jin. Her wiha gelek ked ji bo jinan daye. P\u00eaw\u00eeste mirov bixw\u00eene \u00fb ba\u015f fam bike. Ez bawerim ger em di van qad\u00ean xweser de xwe fam bikin, xwe \u00eefade bikin em karin p\u00ea\u015fengiy\u00ea bikin. Min j\u00ee weke jinek Turkmen xwest ez maf\u00ea xwe bizanibim, ev der ji bo min naskirin\u00ea zem\u00eenek\u00ee bi h\u00eaze. Daw\u00ee de ji bo gi\u015ft\u00ee jinan dib\u00eajim ku jin p\u00eaw\u00eeste maf\u00ea xwe bizane \u00fb ji bo w\u00ea \u015fer bike \u00fb teko\u015f\u00een\u00ea bide me\u015fandin.&#8221;<\/p>\n<p>\u015eervana YPJ&#8217;\u00ea Y\u0131ld\u0131z, pi\u015ft\u00ee ku dewleta dagirker di 9&#8217;\u00ea Cotmeh\u00ea de \u00eari\u015f\u00ee ser xaka Bak\u00fbr-Rojhilat\u00ea S\u00fbriy\u00ea kir, li eniya Ey\u00een \u00cesa, cih\u00ea xwe di Berxwedana R\u00fbmet\u00ea de digre. Di 19.Cotmeh\u00ea de, encama dagirkeriya dewleta Tirk \u00fb \u00e7etey\u00ean w\u00ee ya li ser xeta derdora Ey\u00een \u00cesa \u00fb Gir\u00ea Sp\u00ee de \u015feh\u00eed dikeve.<\/p>\n<p>&nbsp;<\/p>\n<p><strong>Nasnav:<\/strong>\u00a0YILDIZ TANER<\/p>\n<p><strong>Nav \u00fb Pa\u015fnav: <\/strong>RUQ\u0130YE H\u0130S\u00caN M\u0130HEMMED<\/p>\n<p><strong>\u00a0Cih \u00fb D\u00eeroka \u015eehadet\u00ea:\u00a0<\/strong>19.10.2019 \/Eyn \u00cesa<\/p>\n<p><strong>Navenda Ragihandina YPJ<\/strong><\/p>\n<p>&nbsp;<\/p>\n<p>&nbsp;<\/p>\n<p><iframe loading=\"lazy\" title=\"\u015eeh\u00eed Y\u0131ld\u0131z Turkmen: Ez Ji Bo Naskirina Nasnameya Xwe Be\u015fdar YPJ&#039;\u00ea B\u00fbm\" width=\"696\" height=\"392\" src=\"https:\/\/www.youtube.com\/embed\/Ah01FN7VJnQ?feature=oembed\" frameborder=\"0\" allow=\"accelerometer; autoplay; clipboard-write; encrypted-media; gyroscope; picture-in-picture; web-share\" referrerpolicy=\"strict-origin-when-cross-origin\" allowfullscreen><\/iframe><\/p>\n<p>&nbsp;<\/p>\n","protected":false},"excerpt":{"rendered":"<p>\u015eervana bi nav\u00ea Y\u0131ld\u0131z Taner ya bi esl\u00ea xwe Turkmen b\u00fb, di Berxwedana R\u00fbmet\u00ea de li eniya Ey\u00een \u00cesa \u015feh\u00eed b\u00fb, di hevpeyv\u00eenek\u00ea de armanca tevl\u00eeb\u00fbna xwe bi van gotinan aniye ziman; &#8220;Ez ji bo naskirina maf\u00ea xwe be\u015fdar\u00ee YPJ&#8217;\u00ea b\u00fbm.&#8221; \u015eervana YPJ&#8217;\u00ea ya bi esl\u00ea xwe Turkmen b\u00fb, di sala 2017&#8217;an de ji Heleb\u00ea [&hellip;]<\/p>\n","protected":false},"author":1,"featured_media":14467,"comment_status":"closed","ping_status":"closed","sticky":false,"template":"","format":"standard","meta":{"footnotes":""},"categories":[38],"tags":[],"class_list":{"0":"post-10254","1":"post","2":"type-post","3":"status-publish","4":"format-standard","5":"has-post-thumbnail","7":"category-nuce"},"_links":{"self":[{"href":"https:\/\/ypjrojava.net\/index.php?rest_route=\/wp\/v2\/posts\/10254","targetHints":{"allow":["GET"]}}],"collection":[{"href":"https:\/\/ypjrojava.net\/index.php?rest_route=\/wp\/v2\/posts"}],"about":[{"href":"https:\/\/ypjrojava.net\/index.php?rest_route=\/wp\/v2\/types\/post"}],"author":[{"embeddable":true,"href":"https:\/\/ypjrojava.net\/index.php?rest_route=\/wp\/v2\/users\/1"}],"replies":[{"embeddable":true,"href":"https:\/\/ypjrojava.net\/index.php?rest_route=%2Fwp%2Fv2%2Fcomments&post=10254"}],"version-history":[{"count":3,"href":"https:\/\/ypjrojava.net\/index.php?rest_route=\/wp\/v2\/posts\/10254\/revisions"}],"predecessor-version":[{"id":14468,"href":"https:\/\/ypjrojava.net\/index.php?rest_route=\/wp\/v2\/posts\/10254\/revisions\/14468"}],"wp:featuredmedia":[{"embeddable":true,"href":"https:\/\/ypjrojava.net\/index.php?rest_route=\/wp\/v2\/media\/14467"}],"wp:attachment":[{"href":"https:\/\/ypjrojava.net\/index.php?rest_route=%2Fwp%2Fv2%2Fmedia&parent=10254"}],"wp:term":[{"taxonomy":"category","embeddable":true,"href":"https:\/\/ypjrojava.net\/index.php?rest_route=%2Fwp%2Fv2%2Fcategories&post=10254"},{"taxonomy":"post_tag","embeddable":true,"href":"https:\/\/ypjrojava.net\/index.php?rest_route=%2Fwp%2Fv2%2Ftags&post=10254"}],"curies":[{"name":"wp","href":"https:\/\/api.w.org\/{rel}","templated":true}]}}