{"id":10276,"date":"2019-11-27T21:51:42","date_gmt":"2019-11-27T21:51:42","guid":{"rendered":"https:\/\/ypjrojava.net\/?p=10276"},"modified":"2022-06-23T05:52:47","modified_gmt":"2022-06-23T05:52:47","slug":"bermal-dilges-li-sere-kaniye-rihe-berxwedane-bi-serket","status":"publish","type":"post","link":"https:\/\/ypjrojava.net\/?p=10276","title":{"rendered":"Bermal Dilg\u00ea\u015f: Li Ser\u00ea Kaniy\u00ea Rih\u00ea Berxwedan\u00ea Bi Serket"},"content":{"rendered":"<p>Di nava her d\u00eerokek\u00ea de berxwedan\u00ee xwe n\u00fb dikin. Doh berxwedaniya Serdem\u00ea b\u00fb \u00eero j\u00ee bi Berxwedana R\u00fbmet\u00ea carekedin gel\u00ea Kurd li k\u00ealeka \u015fervan\u00ean xwe deng\u00ea xwe li d\u00eerok\u00ea belav kir.<\/p>\n<p>\u015eervana YPJ&#8217;\u00ea Bermal Dilg\u00ea\u015f ku ji roja destp\u00eak\u00ea de cih\u00ea xwe di nava Berxwedaniya R\u00fbmet\u00ea de girtiye wiha behsa \u00e7\u00eeroka xwe \u00fb berxwedaniya R\u00fbmet\u00ea dike.<\/p>\n<p>Di 9&#8217;\u00ea Cotmeh\u00ea de destp\u00eakirina \u00ear\u00ee\u015f\u00ean li ser xaka Bak\u00fbr \u00fb Rojhilat\u00ea S\u00fbr\u00ee Berdewamiya komploy\u00ea ye. Di v\u00ea meh\u00ea de \u00fb di v\u00ea roj\u00ea de \u00ear\u00ee\u015f\u00ean gelek mezin li ser gel\u00ea Kurd hatine kirin. Dewleta Tirk her dem\u00ea digot ku em\u00ea \u00ear\u00ee\u015f bikin \u00fb di 9&#8217;\u00ea Cotmeh\u00ea de \u00ear\u00ee\u015f kir. Erdoxan digot ku armanca me ne gel\u00ea Kurd e. L\u00ea dema ku \u00ear\u00ee\u015f kirin em bi xwe j\u00ee b\u00fbn \u015fahid ku armanca \u00ear\u00ee\u015f\u00ean w\u00ee tine kirina Gel\u00ea Kurd e. Ji ber ku gelek ol mezhep \u00fb baweriy\u00ean c\u00fbda li Ser\u00eakaniy\u00ea jiyana xwe didan domandin, kirin armanca \u00eari\u015f\u00ean xwe.<\/p>\n<p>\u015eervana YPJ&#8217;\u00ea ku ji Roja yekem\u00een ya berxwedan\u00ea \u015fahidiya rih\u00ea feda\u00ee kiriye da zan\u00een ku\u00a0 ji roja yekem\u00een de balafiran li ser\u00eakaniy\u00ea xist. Armanca dewleta tirk ew b\u00fb ku gel, Serkaniy\u00ea berde da ku bikaribin \u00ear\u00ee\u015f\u00ean xwe bi awayek\u00ee ku ew dixwazin p\u00eak b\u00eenin.<\/p>\n<p>Bermal, di axaftin\u00ean xwe de bal ki\u015fand ser \u015fer\u00ea ps\u00eekoloj\u00eek y\u00ea ku destp\u00eak\u00ea Dewleta Tirk \u00fb \u00e7etey\u00ean xwe li ser gel bidin me\u015fandin kir. Armanca dewleta Tirk ew b\u00fb ku destp\u00eak\u00ea gel bide tirsandin. Dewleta Tirk \u00fb \u00e7etey\u00ean xwe di \u015eer\u00ea Ser\u00eakaniy\u00ea de \u00e7ek\u00ean ku p\u00eaw\u00eeste di nava ti \u015feran de ney\u00ean bikar an\u00eenin \u00fb di nava ti \u015feran de j\u00ee nehatiye bikaran\u00een \u00e7ek\u00ean weke fosfor, k\u00eemyasal li Serkaniy\u00ea hatin \u015fixulandin. Dewleta Tirk dib\u00eaje ku me ti \u00e7ek\u00ean bi v\u00ee reng\u00ee bikar nean\u00eene l\u00ea em bi xwe b\u00fbn \u015fahid\u00ea v\u00ea rastiy\u00ea, ku zarok di van \u00eari\u015fan de \u015fewit\u00een.<\/p>\n<p>Destp\u00eak\u00ea dema ku \u00ear\u00ee\u015f kirin bi balafir \u00fb \u00e7ek\u00ean giran \u00ear\u00ee\u015f\u00ean xwe dan destp\u00ea kirin. L\u00ea van \u00eari\u015fan ti car\u00ee li ser h\u00eaza me ya moral\u00ea \u00fb baweriya bi serkeftin\u00ea bandora xwe ya ney\u00een\u00ee \u00e7\u00eanekir. k\u00eam nekir. Berovaj\u00ee ti\u015fta min di heval\u00ean me de did\u00eet, rihek\u00ee feda\u00ee b\u00fb.<\/p>\n<p>Di nava v\u00ea berxwedan\u00ea de ku gel, zarok, kal p\u00eer, dayik \u00fb ciwan li k\u00ealeka \u015fervan\u00ean xwe \u015fer dikirin de bi balafiran \u00ear\u00ee\u015f birin ser gel\u00ea Siv\u00eel j\u00ee. Bermal gotin\u00ean xwe wiha berdewam dike. Destp\u00eak\u00ea ji xetek\u00ea \u00ear\u00ee\u015f kirin. L\u00ea her ku \u00e7\u00fb \u00ear\u00ee\u015f\u00ean xwe h\u00een dijwartir kirin. L\u00ea heval\u00ean me bi qehreman\u00ee li ber xwe dan. Me \u015eeh\u00eed \u00fb br\u00eendar bir\u00eendar j\u00ee dan. \u015eehadet ji bona me p\u00eeroze. Ger ku mijar bibe xak wateya w\u00ea h\u00een girantir \u00fb p\u00eeroztir dibe. Cih di nava v\u00ea berxwedaniy\u00ea de girtin jibo min xwed\u00ee wateyeke mezine. Wek fedaiyeke R\u00eaber APO, me j\u00ee cih di nav de girt.<\/p>\n<p>Bermal gotin\u00ean xwe wiha berdewam kir. Destp\u00eak\u00ea dema ku me d\u00eet dijmin dihat me operasyon da destp\u00eakirin. Me digot ku w\u00ea \u00e7ete werin l\u00ea me d\u00eet ku le\u015fker\u00ean Dewleta Tirk bi tang\u00ean xwe \u00fb \u00e7ek\u00ean xwe y\u00ean giran xwestin p\u00ea\u015fde werin l\u00ea heval\u00ean me li tang\u00ean wan xistin \u00fb dan sekinandin. Pi\u015ft\u00ee w\u00ea \u00e7etey\u00ean gir\u00eaday\u00ee Dewleta Tirk ketin tevger\u00ea. W\u00ea dem\u00ea her\u00ee z\u00eade \u00e7ek\u00ean xwe y\u00ean giran ob\u00ees \u00fb hawan\u00ean xwe bi kar dian\u00een. Di roja destp\u00eak\u00ea de j\u00ee dema ku \u00ear\u00ee\u015f kirin ti tirsek neket dil\u00ea me berovaj\u00ee w\u00ea, me h\u00een z\u00eadetir h\u00earsa xwe mezintir kir.<\/p>\n<p><strong>\u00c7etey\u00ean ku bi Tekb\u00eeran q\u00eer dikirin me j\u00ee bersiva wan bi sir\u00fbd\u00ean Bij\u00ee Berxwedana Ser\u00eakaniy\u00ea dida. <\/strong><\/p>\n<p>\u00c7eteyan tekb\u00eer dik\u015fand me j\u00ee bi dir\u00fb\u015fmeya bij\u00ee berxwedana Ser\u00eakaniy\u00ea bersiv\u00ea wan dida. Ji d\u00fbr de bi \u00e7ek\u00ean xwe y\u00ean giran li cih\u00ea me dixistin. Pev\u00e7\u00fbna me ya yekem\u00een de n\u00eaz bi tekb\u00eer\u00ean xwe ki\u015fandin \u00fb hatin. Li wir hevalek me br\u00eendar b\u00fb l\u00ea bir\u00eendariyeke sivik b\u00fb. Dijmin wiha diikir\u00ee ku bi \u00ear\u00ee\u015f\u00ean xwe w\u00ea moral\u00ea me bi\u015fk\u00eene l\u00ea ne wisa b\u00fb me li ber xwe dida \u00fb moral\u00ea me j\u00ee bilind b\u00fb me bersiv\u00ea dijmin j\u00ee dida. Pir caran ji d\u00fbr de \u00e7alakiy\u00ean tac\u00eez\u00ea li dar dixistin. Dema me li dijmin dida windahiy\u00ean wan \u00e7\u00eadib\u00fbn \u00fb li ser moral wan j\u00ee bandor dikir.<\/p>\n<p>Bermal di gotin\u00ean xwe de bal ki\u015fand ser \u015fer\u00ea li ser xeta s\u00eenor \u00fb wiha got.<\/p>\n<p>Deriy\u00ea s\u00eenor vekirin \u00fb \u00e7ek\u00ean xwe y\u00ean giran j\u00ee di der\u00ee de derbas kirin \u00fb \u00ear\u00ee\u015f\u00ean xwe dan domadin. Heval\u00ean me bersiv\u00ean wan dida \u00fb pir caran wesay\u00eet\u00ean wan tune dikirin. Dema ku bersiv\u00ean me did\u00eetin \u00fb derbe dixwarin \u00ead\u00ee deng\u00ea wan qut dib\u00fb. Ji bona ku derbe nexwin bi hejmareke mezin dihatin \u00fb \u00e7ek\u00ean xwe y\u00ean giran \u00fb balafir\u00ean xwe dixistin dewr\u00ea. H\u00eazeke dijmin ya ku ji b\u00eajah\u00ee de \u00ear\u00ee\u015f bikin tine b\u00fb. Ez karim b\u00eajim li Ser\u00ea Kaniy\u00ea rih\u00ea berxwedan\u00ea bi serket.<\/p>\n<p>Bermal dilg\u00ea\u015f behsa k\u00ealiy\u00ean bir\u00eendariya xwe kir \u00fb gotin\u00ean xwe wiha berdewam kir. Di nava pev\u00e7\u00fbn\u00ea de ez bir\u00eendar b\u00fbm. W\u00ea dem\u00ea dixwest bajar bigrin ji bona w\u00ea j\u00ee tekn\u00eek\u00ea xwe bikar dian\u00een. Dema ku hevalan bi moral \u015fer dikirin ev ji bona me tevahiyan j\u00ee dib\u00fb moral\u00ea her\u00ee mezin. Windahiy\u00ean dijmin \u00e7\u00eadib\u00fbn ji ber ku me bi xwe j\u00ee cenazey\u00ean wan did\u00eet. Di her derbeyeke dixwarin de em k\u00eafxwe\u015f dib\u00fbn. Ger ku tekn\u00eeka xwe bi kar nean\u00eena ew h\u00eaza w\u00ee n\u00een b\u00fb ku \u015fer j\u00ee bike. Ez bi xwe j\u00ee bi ke\u015fif\u00ea bir\u00eendar b\u00fbm. Armanca wan \u015fikandina eniya ku em l\u00ea b\u00fbn b\u00fb. Em bir\u00eendar b\u00fbn l\u00ea cih\u00ea me vala nema. Pi\u015ft\u00ee em bir\u00eendar b\u00fbn j\u00ee hevalan cih\u00ea me tij\u00ee kirin. Ji ber ku em xwed\u00ee baweriya em\u00ea carekedin bizivirin eniy\u00ean xwe \u00fb cih\u00ean ku dijmin dagir kiriye em\u00ea j\u00ee ji dest derxin. Destp\u00eak\u00ea dema ku ez bir\u00eendar b\u00fbm m\u00fbdaxeleyeke pir z\u00eade \u00e7\u00eaneb\u00fb ji ber ku \u00ear\u00ee\u015f li ser nexwe\u015faxan\u00ea j\u00ee heb\u00fbn. Em heval\u00ean bir\u00eendar li qata bodrum\u00ea diman. Em 4 rojan li wir man. L\u00ea em hem\u00fb j\u00ee bi moral b\u00fbn. Ji ber ku baweriya me heb\u00fb ku em\u00ea derkevin. Pir caran grub dihatin l\u00ea dijmin nedihi\u015ft ku heval werin bir\u00eendaran xilas bikin. Pir caran gel di r\u00ea de ji ber yoxuntiya \u015fer \u015feh\u00eed dib\u00fbn. Atmosfera w\u00ea giran b\u00fb l\u00ea baweriya me j\u00ee mezin b\u00fb. Hevalan derdora me diparast deretek mezin di dest\u00ea me de neb\u00fb l\u00ea deret\u00ea hey\u00ee j\u00ee hevalan heta daw\u00ee bi kar dian\u00ee. Erkdar\u00ean bij\u00ee\u015fk hejmareke k\u00eam b\u00fb l\u00ea moral\u00ea ku didan me j\u00ee bilind b\u00fb.<\/p>\n<p>Bermal di dawiya axaftina xwe de wiha got; Dema ku ez ji nexwesxaney\u00ea derketim j\u00ee pi\u015ft\u00ee \u00e7end rojan baran dibariya. Dema ku em derketin j\u00ee ji aliyek\u00ee de em bi \u00ea\u015f derketin l\u00ea di aliy\u00ea din de j\u00ee ji ber berxwedaniya ku hat me\u015fandin em k\u00eafxwe\u015f b\u00fbn. Niha ez li v\u00ea der\u00ea me l\u00ea baweriya me ya ku em\u00ea bi ser biavin heta daw\u00ee di dil\u00ea me de ye. Em v\u00ea car\u00ea bi ser dijmin de bi\u00e7in em\u00ea bi k\u00een \u00fb h\u00earseke mezintir bi\u00e7in. Em soza v\u00ea j\u00ee didin.<\/p>\n<p><strong>Navenda Ragihandina YPJ<\/strong><\/p>\n<p><strong>27.11.2019<\/strong><\/p>\n<p><iframe loading=\"lazy\" title=\"Bermal Dilg\u00ea\u015f: Li Ser\u00ea Kaniy\u00ea Rih\u00ea Berxwedan\u00ea Bi Serket\" width=\"696\" height=\"392\" src=\"https:\/\/www.youtube.com\/embed\/vpUi2Y00LuU?feature=oembed\" frameborder=\"0\" allow=\"accelerometer; autoplay; clipboard-write; encrypted-media; gyroscope; picture-in-picture; web-share\" referrerpolicy=\"strict-origin-when-cross-origin\" allowfullscreen><\/iframe><\/p>\n","protected":false},"excerpt":{"rendered":"<p>Di nava her d\u00eerokek\u00ea de berxwedan\u00ee xwe n\u00fb dikin. Doh berxwedaniya Serdem\u00ea b\u00fb \u00eero j\u00ee bi Berxwedana R\u00fbmet\u00ea carekedin gel\u00ea Kurd li k\u00ealeka \u015fervan\u00ean xwe deng\u00ea xwe li d\u00eerok\u00ea belav kir. \u015eervana YPJ&#8217;\u00ea Bermal Dilg\u00ea\u015f ku ji roja destp\u00eak\u00ea de cih\u00ea xwe di nava Berxwedaniya R\u00fbmet\u00ea de girtiye wiha behsa \u00e7\u00eeroka xwe \u00fb berxwedaniya R\u00fbmet\u00ea [&hellip;]<\/p>\n","protected":false},"author":1,"featured_media":14460,"comment_status":"closed","ping_status":"closed","sticky":false,"template":"","format":"standard","meta":{"footnotes":""},"categories":[38],"tags":[],"class_list":{"0":"post-10276","1":"post","2":"type-post","3":"status-publish","4":"format-standard","5":"has-post-thumbnail","7":"category-nuce"},"_links":{"self":[{"href":"https:\/\/ypjrojava.net\/index.php?rest_route=\/wp\/v2\/posts\/10276","targetHints":{"allow":["GET"]}}],"collection":[{"href":"https:\/\/ypjrojava.net\/index.php?rest_route=\/wp\/v2\/posts"}],"about":[{"href":"https:\/\/ypjrojava.net\/index.php?rest_route=\/wp\/v2\/types\/post"}],"author":[{"embeddable":true,"href":"https:\/\/ypjrojava.net\/index.php?rest_route=\/wp\/v2\/users\/1"}],"replies":[{"embeddable":true,"href":"https:\/\/ypjrojava.net\/index.php?rest_route=%2Fwp%2Fv2%2Fcomments&post=10276"}],"version-history":[{"count":2,"href":"https:\/\/ypjrojava.net\/index.php?rest_route=\/wp\/v2\/posts\/10276\/revisions"}],"predecessor-version":[{"id":14461,"href":"https:\/\/ypjrojava.net\/index.php?rest_route=\/wp\/v2\/posts\/10276\/revisions\/14461"}],"wp:featuredmedia":[{"embeddable":true,"href":"https:\/\/ypjrojava.net\/index.php?rest_route=\/wp\/v2\/media\/14460"}],"wp:attachment":[{"href":"https:\/\/ypjrojava.net\/index.php?rest_route=%2Fwp%2Fv2%2Fmedia&parent=10276"}],"wp:term":[{"taxonomy":"category","embeddable":true,"href":"https:\/\/ypjrojava.net\/index.php?rest_route=%2Fwp%2Fv2%2Fcategories&post=10276"},{"taxonomy":"post_tag","embeddable":true,"href":"https:\/\/ypjrojava.net\/index.php?rest_route=%2Fwp%2Fv2%2Ftags&post=10276"}],"curies":[{"name":"wp","href":"https:\/\/api.w.org\/{rel}","templated":true}]}}