{"id":10291,"date":"2019-11-30T08:13:20","date_gmt":"2019-11-30T08:13:20","guid":{"rendered":"https:\/\/ypjrojava.net\/?p=10291"},"modified":"2022-06-23T06:46:06","modified_gmt":"2022-06-23T06:46:06","slug":"sere-me-sere-parastina-rewa-ye","status":"publish","type":"post","link":"https:\/\/ypjrojava.net\/?p=10291","title":{"rendered":"\u015eer\u00ea Me, \u015eer\u00ea Parastina Rewa Ye"},"content":{"rendered":"<p>\u015eervan \u00fb gel\u00ea Bakur-Rojhilat\u00ea Suriy\u00ea\u00a0 li hember\u00ee dagirkeriya dewleta Tirk bi yek dil teko\u015f\u00een dikin. \u015eervan \u00fb fermandar\u00ean YPJ&#8217;\u00ea\u00a0 di \u00e7eper\u00ean parastin\u00ea de bi \u00eerade \u00fb baweriyeke mezin\u00a0 welat\u00ea xwe dipar\u00eazin. Yek ji endama fermandara akedemiya \u015feh\u00eed Heb\u00fbn Enteriy\u00ea ya \u015fervan\u00ean Ereb Newroz S\u00eedar, li hember\u00ee dagirkeriya dewleta Tirk di \u00e7eper\u00ean \u015fer de ji malpera me re axif\u00ee.<\/p>\n<p>S\u00eedar di derbar\u00ea armanc\u00ean \u00ear\u00ee\u015f\u00ean dewlata Tirk ya dagirker de wiha\u00a0 nirxand \u00fb\u00a0 balki\u015fand ser talan \u00fb dagirkeriya li ser Bakur-Rojhilat\u00ea Suriy\u00ea. &#8220;Ji 9&#8217;\u00ea Cotmeh\u00ea \u00fb vir de \u015fer\u00eak\u00ee \u00a0pir dijwar li her\u00eam\u00ea\u00a0 diqewime. Armanca van \u00ear\u00ee\u015fan talan kirina erdn\u00eegariya Bakur-Rojhilat\u00ea Suriy\u00ea. Pilana duyem\u00een j\u00ee gel\u00ean li ser v\u00ea erdnigariy\u00ea bi hev re dij\u00een qirkirin li ser wan p\u00eak an\u00eene. Bi taybet li v\u00ea her\u00eam\u00ea gel\u00ea\u00a0 Kurd \u00fb Ereb ev bi sed salane di nava aramiy\u00ea de jiyan dikin. Dewleta Tirk a dagirker \u00e7awa ku Efr\u00een dagir kir dixweze vir j\u00ee kiryar\u00ean xwe y\u00ean qir\u00eaj p\u00eak b\u00eene.\u00a0 Ji ber ku dewleta Tirk xwed\u00ee \u00e7andeke dagirker \u00ee \u00fb talan\u00ea ye.&#8221;<\/p>\n<p><strong>&#8216;Gel\u00ean Her\u00eam\u00ea Tu Car Dagirker\u00ee Qeb\u00fbl Nekiriye&#8217;\u00a0 <\/strong><\/p>\n<p>H\u00eajay\u00ee gotin\u00ea ye ku li hember\u00ee \u00a0hov\u00eet\u00ee \u00fb kiryar\u00ean dewleta Tirk a dagiker,\u00a0 berxwedaniyeke d\u00eerok\u00ee hate me\u015fandin. Gel\u00ea Kurd li hember\u00ee ev hewldan\u00ean dagirkeriy\u00ea\u00a0 her tim xwed\u00ee helwest b\u00fbye. Dagirkeran bi tekn\u00eekeke asta jor de \u00ear\u00ee\u015f\u00ee welat\u00ea me \u00fb gel\u00ea me kirin. L\u00ea gel\u00ean her\u00eam\u00ea tu car dagirker\u00ee li ser xwe qeb\u00fbl nekirine. Li hember\u00ee tanq, top, balafir \u00fb wesay\u00eet\u00ean zirx\u00ee dewleta Tirk, \u015fervan\u00ean bi kle\u015f\u00ean (kala\u015fn\u00eekov) xwe\u00a0 \u015fer\u00ea\u00a0 parastina rewa dime\u015f\u00eenin d\u00eetin.<\/p>\n<p><strong>&#8216;Em \u00cari\u015f\u00ee Tu kes\u00ee Nakin, Em Welat\u00ea\u00a0 Xwe\u00a0 Dipar\u00eazin&#8217;<\/strong><\/p>\n<p>Gel\u00ea me j\u00ee \u00a0di \u00a0nava \u00a0berxwedaneke \u00a0mezin de ye. Dewleta Tirk di bin nav\u00ea her\u00eama \u00a0ewle de dixwaze her\u00eama Firat\u00ea dagir bike. Kes\u00ean ku ko\u00e7berin dixwazin di v\u00ea her\u00eam\u00ea de bi cih bikin. L\u00ea ev kiryar, kiryareke\u00a0 b\u00ea wijdan \u00fb b\u00ea exlaq e. Ji ber y\u00ean ku bi dest\u00ea dewleta dagirker b\u00ean bi cih kirin, hem\u00fb malbat\u00ean \u00e7eteyane \u00fb ev j\u00ee guhertina demografya her\u00eam\u00ea armanc dike. Gel\u00ea\u00a0 me v\u00ea yek\u00ea qebul nake \u00fb li hember\u00ee v\u00ea xwed\u00ee helwest e. Ji ber v\u00ea yek\u00ea em j\u00ee weke \u015fervan\u00ean v\u00ea gel\u00ee, em\u00ea welat\u00ea xwe\u00a0 \u00fb gel xwe bipar\u00eazin. Em \u00eari\u015f\u00ee tu kes\u00ee nakin \u015fer\u00ea em dikin \u015fer\u00ea \u00a0parastina rewa ye. Heta ku yek \u015fervan j\u00ee\u00a0 bim\u00eene, em\u00ea liber xwe bidin \u00fb em\u00ea layiq\u00ee gel\u00ea xwe bibin.<\/p>\n<p><strong>Navenda Ragihandina YPJ&#8217;\u00ea <\/strong><\/p>\n<p><strong>30.11.2019<\/strong><\/p>\n<p><iframe loading=\"lazy\" title=\"\u015eer\u00ea Me, \u015eer\u00ea Parastina Rewa Ye   (YPJ)\" width=\"696\" height=\"392\" src=\"https:\/\/www.youtube.com\/embed\/ocYlnFiPqWo?feature=oembed\" frameborder=\"0\" allow=\"accelerometer; autoplay; clipboard-write; encrypted-media; gyroscope; picture-in-picture; web-share\" referrerpolicy=\"strict-origin-when-cross-origin\" allowfullscreen><\/iframe><\/p>\n","protected":false},"excerpt":{"rendered":"<p>\u015eervan \u00fb gel\u00ea Bakur-Rojhilat\u00ea Suriy\u00ea\u00a0 li hember\u00ee dagirkeriya dewleta Tirk bi yek dil teko\u015f\u00een dikin. \u015eervan \u00fb fermandar\u00ean YPJ&#8217;\u00ea\u00a0 di \u00e7eper\u00ean parastin\u00ea de bi \u00eerade \u00fb baweriyeke mezin\u00a0 welat\u00ea xwe dipar\u00eazin. Yek ji endama fermandara akedemiya \u015feh\u00eed Heb\u00fbn Enteriy\u00ea ya \u015fervan\u00ean Ereb Newroz S\u00eedar, li hember\u00ee dagirkeriya dewleta Tirk di \u00e7eper\u00ean \u015fer de ji malpera [&hellip;]<\/p>\n","protected":false},"author":1,"featured_media":14469,"comment_status":"closed","ping_status":"closed","sticky":false,"template":"","format":"standard","meta":{"footnotes":""},"categories":[38],"tags":[],"class_list":{"0":"post-10291","1":"post","2":"type-post","3":"status-publish","4":"format-standard","5":"has-post-thumbnail","7":"category-nuce"},"_links":{"self":[{"href":"https:\/\/ypjrojava.net\/index.php?rest_route=\/wp\/v2\/posts\/10291","targetHints":{"allow":["GET"]}}],"collection":[{"href":"https:\/\/ypjrojava.net\/index.php?rest_route=\/wp\/v2\/posts"}],"about":[{"href":"https:\/\/ypjrojava.net\/index.php?rest_route=\/wp\/v2\/types\/post"}],"author":[{"embeddable":true,"href":"https:\/\/ypjrojava.net\/index.php?rest_route=\/wp\/v2\/users\/1"}],"replies":[{"embeddable":true,"href":"https:\/\/ypjrojava.net\/index.php?rest_route=%2Fwp%2Fv2%2Fcomments&post=10291"}],"version-history":[{"count":3,"href":"https:\/\/ypjrojava.net\/index.php?rest_route=\/wp\/v2\/posts\/10291\/revisions"}],"predecessor-version":[{"id":14456,"href":"https:\/\/ypjrojava.net\/index.php?rest_route=\/wp\/v2\/posts\/10291\/revisions\/14456"}],"wp:featuredmedia":[{"embeddable":true,"href":"https:\/\/ypjrojava.net\/index.php?rest_route=\/wp\/v2\/media\/14469"}],"wp:attachment":[{"href":"https:\/\/ypjrojava.net\/index.php?rest_route=%2Fwp%2Fv2%2Fmedia&parent=10291"}],"wp:term":[{"taxonomy":"category","embeddable":true,"href":"https:\/\/ypjrojava.net\/index.php?rest_route=%2Fwp%2Fv2%2Fcategories&post=10291"},{"taxonomy":"post_tag","embeddable":true,"href":"https:\/\/ypjrojava.net\/index.php?rest_route=%2Fwp%2Fv2%2Ftags&post=10291"}],"curies":[{"name":"wp","href":"https:\/\/api.w.org\/{rel}","templated":true}]}}