{"id":10395,"date":"2019-12-05T16:52:02","date_gmt":"2019-12-05T16:52:02","guid":{"rendered":"https:\/\/ypjrojava.net\/?p=10395"},"modified":"2022-11-05T06:29:23","modified_gmt":"2022-11-05T06:29:23","slug":"em-e-bi-xeta-sehidan-yekitiya-gelen-suriye-misoger-bikin","status":"publish","type":"post","link":"https:\/\/ypjrojava.net\/?p=10395","title":{"rendered":"Em \u00ea Bi Xeta \u015eeh\u00eedan Yek\u00eetiya Gel\u00ean S\u00fbriy\u00ea Misoger Bikin"},"content":{"rendered":"<p>Em di \u015fexs\u00ea \u015feh\u00eed Silava, N\u00fbda, Aryen, \u00fb Ava\u015f\u00een de, \u015feh\u00eed\u00ean Berxwedana R\u00fbmet\u00ea \u00fb zarok\u00ean ku li Til Rifet\u00ea di encama \u00ear\u00ee\u015feke xedar de \u015feh\u00eed b\u00fbn, bi r\u00eazdar\u00ee bib\u00eert\u00eenin. Li hember\u00ee leheng\u00ee \u00fb ruh\u00ea feda\u00ee y\u00ea \u015feh\u00eed\u00ean \u015fore\u015fa azadiy\u00ea soza tolhildan\u00ea ya me daye, em careke din n\u00fb dikin. Em \u00ea\u015fa malbat\u00ean her 12 hevalan \u00fb malbat\u00ean zarok\u00ean hatin qetil kirin, parve dikin \u00fb sersaxiy\u00ea ji wan re dixwazin.<\/p>\n<p>Dewleta Tirk a dagirker \u00fb \u00e7etey\u00ean w\u00ea ji 9\u2019\u00ea Cutmeh\u00ea ve \u00ear\u00ee\u015f\u00ean xwe y\u00ea dagirkeriy\u00ea, fa\u015f\u00eezane, qirker b\u00ea rawestan dewam dike. Bi hevkar\u00ean xwe re pilana qirkirin\u00ea ya li ser gel\u00ean S\u00fbriy\u00ea arman\u00e7 dike \u00fb ji bo v\u00ea armanca xwe bi ser bixe ser\u00ee li hem\u00fb r\u00ea \u00fb r\u00eabaz\u00ean qir\u00eaj dide. \u00cari\u015fa hovane ya her\u00ee daw\u00ee li ser gel\u00ea me y\u00ea Efr\u00een\u00ea \u00fb hedef girtina zarokan, h\u00ears \u00fb k\u00eena xwe li ser gel\u00ea me dide der. Xeta \u015feh\u00eed\u00ean me li hember\u00ee v\u00ea pilangeriya qirker ya dewleta Tirk xeta mezin kirina teko\u015f\u00een\u00ea ye. Xeta parastina welat \u00fb destkeftiy\u00ean \u015fore\u015fa bi xw\u00eena \u015feh\u00eedan ava b\u00fby\u00ee ye.<\/p>\n<p>Heval Nuda hevaleke me ya Ereb b\u00fb \u00fb ew j\u00ee \u00a0ji Minbic\u00ea b\u00fb. Ew \u00fb biray\u00ea xwe mil bi mil di nav ref\u00ean teko\u015f\u00een\u00ea de ji bo parastina gel\u00ea xwe \u00fb welat\u00ea xwe kedek mezin dan. R\u00eaheval Nuda, di temen\u00ea xwe y\u00ea ciwan de biryar da ku be\u015fdar\u00ee nava ref\u00ean me bibe. Ji bo xwe bigh\u00eene kesayeta jina azad her tim di nav l\u00eager\u00een \u00fb kedeke mezin da b\u00fb. \u00a0R\u00eaheval Aryen, Silava \u00fb Ava\u015f\u00een, li Ser\u00ea Kaniy\u00ea di \u015fer\u00ea Berxwedana R\u00fbmet\u00ea de, b\u00fbn xwed\u00ee ked \u00fb fedekariy\u00ean mezin. Ev heval\u00ean me di alaya xweser ya \u015feh\u00eed Z\u00eelan Efr\u00een de cih\u00ea xwe digirtin \u00fb di taxa Hewarna ya bajar\u00ea berxwed\u00ear Ser\u00eakaniy\u00ea de li hember\u00ee \u00ear\u00ee\u015f\u00ean dijwar \u00ean dewleta Tirk a dagirker destaneya fedekar\u00ee \u00fb lehengiyeke mezin niv\u00eesandin. Li ser \u015fopa p\u00ea\u015feng \u00fb fermandara Berxwedana Serdem\u00ea \u015feh\u00eed Z\u00eelan Efr\u00een, ruh\u00ea tolhildan\u00ea di xwe de mezin kirin.<\/p>\n<p>\u00cad\u00ee \u015fore\u015fa me di \u015fexs\u00ea jina Kurd \u00fb Ereb de \u00eefadeya xwe di yek\u00eetiya xw\u00fb\u015fk \u00fb biratiya gel\u00ea Kurd \u00fb Ereb de \u015f\u00eanber kiriye. Ev heq\u00eeqet bi saya p\u00ea\u015feng\u00ee \u00fb qehremaniya \u015feh\u00eed\u00ean me derkete hol\u00ea. Di \u015fexs\u00ea van \u015feh\u00eed\u00ean me de pilangeriya dewleta Tirk ya gelan bi hev dide re\u015fkirin vala derketiye.<\/p>\n<p>Weke \u015fopdar\u00ean xeta \u015feh\u00eedan, ji bo em xewn \u00fb xeyal\u00ean \u015feh\u00eed\u00ean me ya yek\u00eetiya gelan may\u00eende bikin, em \u00ea teko\u015f\u00eena xwe berdewam bikin. Her \u015feh\u00eedek biryardariya me ya teko\u015f\u00een\u00ea h\u00een xurtir dike. Me teko\u015f\u00eena xwe li ser xeta \u015feh\u00eedan mezin \u00fb fereh kir. Em ji niha \u00fb p\u00eade ji bo xwed\u00ee li v\u00ea keda mezin ya \u015feh\u00eed\u00ean xwe derbikevin \u00e7i berd\u00eal ji me were xwestin em \u00ea bidin.<\/p>\n<p>Li ser v\u00ea bingeh\u00ea em careke din di \u015fexs\u00ea her 4 r\u00eaheval\u00ean jin, heval\u00ean bi wan re \u015feh\u00eed b\u00fbne, \u015feh\u00eed\u00ean Berxwedana R\u00fbmet\u00ea \u00fb hem\u00fb \u015feh\u00eed\u00ean azadiy\u00ea bib\u00eert\u00eenin. Ji malbat\u00ea wan re, gel\u00ea me y\u00ea Efr\u00een\u00ea \u00fb hem\u00fb gel\u00ea me y\u00ea berxwed\u00ear y\u00ea Bak\u00fbr-Rojhilat\u00ea S\u00fbriy\u00ea re sersax\u00ee dixwazin.<\/p>\n<p>Fermandariya Gi\u015ft\u00ee ya YPJ<\/p>\n<p>4 Kan\u00fbn 2019<\/p>\n","protected":false},"excerpt":{"rendered":"<p>Em di \u015fexs\u00ea \u015feh\u00eed Silava, N\u00fbda, Aryen, \u00fb Ava\u015f\u00een de, \u015feh\u00eed\u00ean Berxwedana R\u00fbmet\u00ea \u00fb zarok\u00ean ku li Til Rifet\u00ea di encama \u00ear\u00ee\u015feke xedar de \u015feh\u00eed b\u00fbn, bi r\u00eazdar\u00ee bib\u00eert\u00eenin. Li hember\u00ee leheng\u00ee \u00fb ruh\u00ea feda\u00ee y\u00ea \u015feh\u00eed\u00ean \u015fore\u015fa azadiy\u00ea soza tolhildan\u00ea ya me daye, em careke din n\u00fb dikin. Em \u00ea\u015fa malbat\u00ean her 12 hevalan [&hellip;]<\/p>\n","protected":false},"author":1,"featured_media":15480,"comment_status":"closed","ping_status":"closed","sticky":false,"template":"","format":"standard","meta":{"footnotes":""},"categories":[39],"tags":[],"class_list":{"0":"post-10395","1":"post","2":"type-post","3":"status-publish","4":"format-standard","5":"has-post-thumbnail","7":"category-daxuyani"},"_links":{"self":[{"href":"https:\/\/ypjrojava.net\/index.php?rest_route=\/wp\/v2\/posts\/10395","targetHints":{"allow":["GET"]}}],"collection":[{"href":"https:\/\/ypjrojava.net\/index.php?rest_route=\/wp\/v2\/posts"}],"about":[{"href":"https:\/\/ypjrojava.net\/index.php?rest_route=\/wp\/v2\/types\/post"}],"author":[{"embeddable":true,"href":"https:\/\/ypjrojava.net\/index.php?rest_route=\/wp\/v2\/users\/1"}],"replies":[{"embeddable":true,"href":"https:\/\/ypjrojava.net\/index.php?rest_route=%2Fwp%2Fv2%2Fcomments&post=10395"}],"version-history":[{"count":1,"href":"https:\/\/ypjrojava.net\/index.php?rest_route=\/wp\/v2\/posts\/10395\/revisions"}],"predecessor-version":[{"id":10397,"href":"https:\/\/ypjrojava.net\/index.php?rest_route=\/wp\/v2\/posts\/10395\/revisions\/10397"}],"wp:featuredmedia":[{"embeddable":true,"href":"https:\/\/ypjrojava.net\/index.php?rest_route=\/wp\/v2\/media\/15480"}],"wp:attachment":[{"href":"https:\/\/ypjrojava.net\/index.php?rest_route=%2Fwp%2Fv2%2Fmedia&parent=10395"}],"wp:term":[{"taxonomy":"category","embeddable":true,"href":"https:\/\/ypjrojava.net\/index.php?rest_route=%2Fwp%2Fv2%2Fcategories&post=10395"},{"taxonomy":"post_tag","embeddable":true,"href":"https:\/\/ypjrojava.net\/index.php?rest_route=%2Fwp%2Fv2%2Ftags&post=10395"}],"curies":[{"name":"wp","href":"https:\/\/api.w.org\/{rel}","templated":true}]}}