{"id":10420,"date":"2019-12-18T10:41:26","date_gmt":"2019-12-18T10:41:26","guid":{"rendered":"https:\/\/ypjrojava.net\/?p=10420"},"modified":"2022-06-22T18:03:54","modified_gmt":"2022-06-22T18:03:54","slug":"dewleta-tirk-a-dagirker-gunden-eyin-isa-topbaran-dike","status":"publish","type":"post","link":"https:\/\/ypjrojava.net\/?p=10420","title":{"rendered":"Dewleta Tirk A Dagirker Gund\u00ean Ey\u00een \u00cesa Topbaran Dike"},"content":{"rendered":"<p><strong>Lezg\u00een:\u00a0<\/strong><\/p>\n<p>Dewleta Tirk a dagirker \u00fb \u00e7etey\u00ean w\u00ea bi ob\u00ees \u00fb hawanan gund\u00ea <strong>\u015eerfit El Cebel<\/strong> ya di navbera Eyn \u00cesa \u00fb \u015eerigrak\u00ea de top baran dikin. Her wiha di van k\u00ealiyan de li ser her\u00eama Ey\u00een \u00fb dorbera w\u00ea balafira ke\u015ff\u00ea j\u00ee digere.<\/p>\n<p>&nbsp;<\/p>\n<p><strong>Navenda Ragihandina YPJ<\/strong><\/p>\n<p><strong>18.12.2019-Ey\u00een \u00cesa<\/strong><\/p>\n","protected":false},"excerpt":{"rendered":"<p>Lezg\u00een:\u00a0 Dewleta Tirk a dagirker \u00fb \u00e7etey\u00ean w\u00ea bi ob\u00ees \u00fb hawanan gund\u00ea \u015eerfit El Cebel ya di navbera Eyn \u00cesa \u00fb \u015eerigrak\u00ea de top baran dikin. Her wiha di van k\u00ealiyan de li ser her\u00eama Ey\u00een \u00fb dorbera w\u00ea balafira ke\u015ff\u00ea j\u00ee digere. &nbsp; Navenda Ragihandina YPJ 18.12.2019-Ey\u00een \u00cesa<\/p>\n","protected":false},"author":1,"featured_media":14447,"comment_status":"closed","ping_status":"closed","sticky":false,"template":"","format":"standard","meta":{"footnotes":""},"categories":[38],"tags":[],"class_list":{"0":"post-10420","1":"post","2":"type-post","3":"status-publish","4":"format-standard","5":"has-post-thumbnail","7":"category-nuce"},"_links":{"self":[{"href":"https:\/\/ypjrojava.net\/index.php?rest_route=\/wp\/v2\/posts\/10420","targetHints":{"allow":["GET"]}}],"collection":[{"href":"https:\/\/ypjrojava.net\/index.php?rest_route=\/wp\/v2\/posts"}],"about":[{"href":"https:\/\/ypjrojava.net\/index.php?rest_route=\/wp\/v2\/types\/post"}],"author":[{"embeddable":true,"href":"https:\/\/ypjrojava.net\/index.php?rest_route=\/wp\/v2\/users\/1"}],"replies":[{"embeddable":true,"href":"https:\/\/ypjrojava.net\/index.php?rest_route=%2Fwp%2Fv2%2Fcomments&post=10420"}],"version-history":[{"count":2,"href":"https:\/\/ypjrojava.net\/index.php?rest_route=\/wp\/v2\/posts\/10420\/revisions"}],"predecessor-version":[{"id":14448,"href":"https:\/\/ypjrojava.net\/index.php?rest_route=\/wp\/v2\/posts\/10420\/revisions\/14448"}],"wp:featuredmedia":[{"embeddable":true,"href":"https:\/\/ypjrojava.net\/index.php?rest_route=\/wp\/v2\/media\/14447"}],"wp:attachment":[{"href":"https:\/\/ypjrojava.net\/index.php?rest_route=%2Fwp%2Fv2%2Fmedia&parent=10420"}],"wp:term":[{"taxonomy":"category","embeddable":true,"href":"https:\/\/ypjrojava.net\/index.php?rest_route=%2Fwp%2Fv2%2Fcategories&post=10420"},{"taxonomy":"post_tag","embeddable":true,"href":"https:\/\/ypjrojava.net\/index.php?rest_route=%2Fwp%2Fv2%2Ftags&post=10420"}],"curies":[{"name":"wp","href":"https:\/\/api.w.org\/{rel}","templated":true}]}}