{"id":10452,"date":"2019-12-29T15:32:22","date_gmt":"2019-12-29T15:32:22","guid":{"rendered":"https:\/\/ypjrojava.net\/?p=10452"},"modified":"2022-06-19T07:02:15","modified_gmt":"2022-06-19T07:02:15","slug":"dewleta-tirk-u-ceteyen-wi-tevgera-eris-u-dagirkeriya-dewam-dike","status":"publish","type":"post","link":"https:\/\/ypjrojava.net\/?p=10452","title":{"rendered":"Dewleta Tirk \u00db \u00c7etey\u00ean W\u00ee Tevgera \u00cari\u015f \u00db Dagirkeriy\u00ea Dewam Dike"},"content":{"rendered":"<p>&nbsp;<\/p>\n<p>Di van seatan de dewleta Tirk a dagirker \u00fb \u00e7etey\u00ean w\u00ee \u00ear\u00ee\u015f\u00ee g\u00fbnd\u00ea B\u00eerisa kirin. \u015eervanan j\u00ee bersiv dan \u00ear\u00ee\u015f\u00ean dagirkeriy\u00ea di encam\u00ea de 3 le\u015fker\u00ean art\u00ea\u015fa Tirk hatin ku\u015ftin. Di heman dem\u00ea de 3 le\u015fker\u00ean r\u00eaj\u00eem\u00ea jiyana xwe ji dest dan.<\/p>\n<p><strong>Navenda Ragihandina <a class=\"_58cn\" href=\"https:\/\/www.facebook.com\/hashtag\/ypj?source=feed_text&amp;epa=HASHTAG\" data-ft=\"{&quot;type&quot;:104,&quot;tn&quot;:&quot;*N&quot;}\"><span class=\"_5afx\"><span class=\"_58cm\">YPJ<\/span><\/span><\/a><\/strong><\/p>\n<p><strong>29.12.2019-Ey\u00een \u00cesa<\/strong><\/p>\n","protected":false},"excerpt":{"rendered":"<p>&nbsp; Di van seatan de dewleta Tirk a dagirker \u00fb \u00e7etey\u00ean w\u00ee \u00ear\u00ee\u015f\u00ee g\u00fbnd\u00ea B\u00eerisa kirin. \u015eervanan j\u00ee bersiv dan \u00ear\u00ee\u015f\u00ean dagirkeriy\u00ea di encam\u00ea de 3 le\u015fker\u00ean art\u00ea\u015fa Tirk hatin ku\u015ftin. Di heman dem\u00ea de 3 le\u015fker\u00ean r\u00eaj\u00eem\u00ea jiyana xwe ji dest dan. Navenda Ragihandina YPJ 29.12.2019-Ey\u00een \u00cesa<\/p>\n","protected":false},"author":1,"featured_media":13516,"comment_status":"closed","ping_status":"closed","sticky":false,"template":"","format":"standard","meta":{"footnotes":""},"categories":[38],"tags":[],"class_list":{"0":"post-10452","1":"post","2":"type-post","3":"status-publish","4":"format-standard","5":"has-post-thumbnail","7":"category-nuce"},"_links":{"self":[{"href":"https:\/\/ypjrojava.net\/index.php?rest_route=\/wp\/v2\/posts\/10452","targetHints":{"allow":["GET"]}}],"collection":[{"href":"https:\/\/ypjrojava.net\/index.php?rest_route=\/wp\/v2\/posts"}],"about":[{"href":"https:\/\/ypjrojava.net\/index.php?rest_route=\/wp\/v2\/types\/post"}],"author":[{"embeddable":true,"href":"https:\/\/ypjrojava.net\/index.php?rest_route=\/wp\/v2\/users\/1"}],"replies":[{"embeddable":true,"href":"https:\/\/ypjrojava.net\/index.php?rest_route=%2Fwp%2Fv2%2Fcomments&post=10452"}],"version-history":[{"count":3,"href":"https:\/\/ypjrojava.net\/index.php?rest_route=\/wp\/v2\/posts\/10452\/revisions"}],"predecessor-version":[{"id":10455,"href":"https:\/\/ypjrojava.net\/index.php?rest_route=\/wp\/v2\/posts\/10452\/revisions\/10455"}],"wp:featuredmedia":[{"embeddable":true,"href":"https:\/\/ypjrojava.net\/index.php?rest_route=\/wp\/v2\/media\/13516"}],"wp:attachment":[{"href":"https:\/\/ypjrojava.net\/index.php?rest_route=%2Fwp%2Fv2%2Fmedia&parent=10452"}],"wp:term":[{"taxonomy":"category","embeddable":true,"href":"https:\/\/ypjrojava.net\/index.php?rest_route=%2Fwp%2Fv2%2Fcategories&post=10452"},{"taxonomy":"post_tag","embeddable":true,"href":"https:\/\/ypjrojava.net\/index.php?rest_route=%2Fwp%2Fv2%2Ftags&post=10452"}],"curies":[{"name":"wp","href":"https:\/\/api.w.org\/{rel}","templated":true}]}}