{"id":10472,"date":"2020-01-01T20:56:04","date_gmt":"2020-01-01T20:56:04","guid":{"rendered":"https:\/\/ypjrojava.net\/?p=10472"},"modified":"2022-06-28T05:46:33","modified_gmt":"2022-06-28T05:46:33","slug":"em-e-sala-2020an-bikin-sala-tekbirina-dagirkeriya-dewlata-tirk","status":"publish","type":"post","link":"https:\/\/ypjrojava.net\/?p=10472","title":{"rendered":"Em \u00ea Sala 2020\u2019An Bikin Sala T\u00eakbirina Dagirkeriya Dewlata Tirk"},"content":{"rendered":"<p>\u015eervan\u00ean YPJ\u2019\u00ea y\u00ean di eniy\u00ean p\u00ea\u015f \u00ean parastin\u00ea de, bi boneya sala n\u00fb, n\u00ear\u00een \u00fb h\u00eaviy\u00ean xwe an\u00een ziman \u00fb wiha gotin: \u201c Me bi rih\u00ea Berxwedana R\u00fbmet\u00ea sala 2020\u2019an p\u00ea\u015fwaz\u00ee kir, w\u00ea erka me ya v\u00ea sal\u00ea parastina r\u00fbmeta mirovahiy\u00ea be.\u201d<\/p>\n<p><strong>\u00a0\u201cEm bi v\u00een, bawer\u00ee \u00fb h\u00eaviya jiyana azad t\u00eako\u015f\u00een dikin\u201d<\/strong><\/p>\n<p>\u015eervana YPJ\u2019\u00ea ya bi nav\u00ea Part\u00eezan Serxweb\u00fbn, di destp\u00eaka axaftina xwe de sala 2020\u2019an li R\u00eaber Ocelan, \u015feh\u00eed\u00ean azadiy\u00ea, gelan \u00fb tevah\u00ee jinan p\u00eeroz kir \u00fb wiha axiv\u00ee: \u201c Sala 2019\u2019an ji bo hem\u00fb jinan \u00fb bi taybet gelan hem bi \u00ea\u015f b\u00fb \u00fb hem j\u00ee xwed\u00ee destkeftiyan b\u00fb. Em bi p\u00eangava \u015fer\u00ea tinekirina DAI\u015e\u2019\u00ea re ketin sala 2019\u2019an \u00fb di meh\u00ean dawiya sal\u00ea de li hember\u00ee dagirkeriya dewleta Tirk berxwedana r\u00fbmet\u00ea hate destp\u00eakirin \u00fb hina j\u00ee berdewam dike. \u00c7awa me di sala 2019\u2019an de di Bahoz\u00ea de \u00e7etey\u00ean DAI\u015e\u2019\u00ea t\u00eak bir, me weke \u015fervan\u00ean YPJ\u2019\u00ea bi v\u00een \u00fb berxwedana xwe, bi rih\u00ea feday\u00ee \u015fer kir \u00fb serkeftin\u00ean d\u00eerok\u00ee bi destxistin. \u00a0Em \u00ea weke \u015fervan\u00ean YPJ\u2019\u00ea di v\u00ea dem\u00ea de, bi rih\u00ea Hevr\u00een Xelef, day\u00eeka Eq\u00eede \u00fb Amara ku \u00e7awa \u00eero b\u00fbne semb\u00fbla berxwedana r\u00fbmet\u00ea. Em j\u00ee bi teko\u015f\u00eena van jin\u00ean teko\u015f\u00eevan sala n\u00fb p\u00eawaz\u00ee dikin. Armanca me ji bo sala n\u00fb ew ku em \u00ear\u00ee\u015f \u00fb dagirkeriya dewleta tirk \u00fb \u00e7etey\u00ean w\u00ea t\u00eak bibin. \u015eer\u00ea jin, baweriya serkeftin\u00ea ku dide hem\u00fb gelan, em \u00ea j\u00ee v\u00ea serkeftin\u00ea diyar\u00ee gel\u00ea xwe bikin. Em \u00ea bi v\u00ea b\u00eer \u00fb baweriy\u00ea teko\u015f\u00eena xwe heta daw\u00ee bidin me\u015fandin. \u201d<\/p>\n<p><strong>\u201cEm \u00ea sala 2020\u2019an bikin sala teko\u015f\u00eena gelan \u00fb berxwedana jinan\u201d<\/strong><\/p>\n<p>\u015eervana YPJ\u2019\u00ea Melsa Awaz, axiv\u00ee \u00fb wiha got: \u201cEm sala n\u00fb di ser\u00ee de li R\u00eaber Ocelan, \u015feh\u00eed\u00ean \u015fore\u015f\u00ea \u00fb gel\u00ean azad\u00eexwaz p\u00eeroz dikin. Em bi ketina sala n\u00fb re soza me daye r\u00eaheval\u00ean xwey\u00ee \u015feh\u00eed n\u00fb dikin. ji bo em h\u00eav\u00ee \u00fb xeyal\u00ean wan bi cih b\u00eenin em \u00ea heta daw\u00ee teko\u015f\u00een bikin. Di heman dem\u00ea de em \u00ea v\u00ea sal\u00ea bikin sala azadiya R\u00eaber APO. Em \u00ea bikin sala ku fa\u015f\u00eezim\u00ea di Bak\u00fbr\u00ea-Rojhilat\u00ea S\u00fbr\u00ee de t\u00eak bibin. Em niha weke h\u00eaz\u00eanYPJ\u2019\u00ea \u00fb h\u00eaz\u00ean S\u00fbriya Demokrat\u00eek di eniy\u00ean \u015fer de teko\u015f\u00een dikin. Li himber\u00ee dagirkeriya li ser axa welat\u00ea me t\u00ea kirin, \u00ear\u00ee\u015f \u00fb komkujiy\u00ean li ser gel\u00ea me t\u00ea me\u015fandin, em \u00ea heya li ber xwe bidin \u00fb teko\u015f\u00eena xwe bidom\u00eenin.\u201d<\/p>\n<p>Awaz: Di daw\u00ee de da zan\u00een armanc \u00fb biryardariya xwe bi v\u00ee away\u00ee an\u00ee ziman: \u201cEm \u00ea xaka Bak\u00fbr- Rojhilat\u00ea S\u00fbr\u00ee, ji h\u00eaz\u00ean dagirker \u00fb fa\u015f\u00eezim re, bixin goristan. W\u00ea ev di r\u00fbpel\u00ean d\u00eeroka gelan de were niv\u00eesandin \u00fb ev t\u00eak\u00e7\u00fbna dewleta Tirk w\u00ea ji bo hem\u00fb h\u00eaz\u00ean dagirker bibe dersek her\u00ee mezin. W\u00ea sala 2020 ji bo teko\u015f\u00eena gelan \u00fb berxwedana jinan bibe sala serkeftin \u00fb azadiy\u00ea.\u201d<\/p>\n<p><strong>\u201cJin bi azad\u00ee \u00fb r\u00fbmeta xwe xwe\u015fik dibe\u201d<\/strong><\/p>\n<p>\u015eervana YPJ\u2019\u00ea Delal Amed, n\u00ear\u00eena xwe wiha an\u00ee ziman:<strong> \u201c<\/strong>Sala 2020\u2019an di ser\u00ee de li R\u00eaber APO, \u015feh\u00eed\u00ean Berxwedana R\u00fbmet\u00ea \u00fb tevah\u00ee \u015feh\u00eed\u00ean me y\u00ean ku di oxira xaka welat de can\u00ea xwe de feda kirine \u00fb hem\u00fb gelan p\u00eeroz dikin. Ez j\u00ee weke \u015fervanek YPJ\u2019\u00ea cih\u00ea xwe di berxwedana r\u00fbmet\u00ea de digrim. Jin bi azad\u00ee \u00fb r\u00fbmeta xwe xwe\u015fik dibe. Em \u00ea di sala n\u00fb de \u00e7alakiy\u00ean h\u00eena mezintir \u00fb xurttir li dar bixin. Ji bona ku em azad\u00ee \u00fb r\u00fbmeta gelan bipar\u00eazin.\u201d<\/p>\n<p><strong>Navenda Ragihandina YPJ<\/strong><\/p>\n<p><strong>01.01.2020<\/strong><\/p>\n","protected":false},"excerpt":{"rendered":"<p>\u015eervan\u00ean YPJ\u2019\u00ea y\u00ean di eniy\u00ean p\u00ea\u015f \u00ean parastin\u00ea de, bi boneya sala n\u00fb, n\u00ear\u00een \u00fb h\u00eaviy\u00ean xwe an\u00een ziman \u00fb wiha gotin: \u201c Me bi rih\u00ea Berxwedana R\u00fbmet\u00ea sala 2020\u2019an p\u00ea\u015fwaz\u00ee kir, w\u00ea erka me ya v\u00ea sal\u00ea parastina r\u00fbmeta mirovahiy\u00ea be.\u201d \u00a0\u201cEm bi v\u00een, bawer\u00ee \u00fb h\u00eaviya jiyana azad t\u00eako\u015f\u00een dikin\u201d \u015eervana YPJ\u2019\u00ea ya [&hellip;]<\/p>\n","protected":false},"author":1,"featured_media":14676,"comment_status":"closed","ping_status":"closed","sticky":false,"template":"","format":"standard","meta":{"footnotes":""},"categories":[38],"tags":[],"class_list":{"0":"post-10472","1":"post","2":"type-post","3":"status-publish","4":"format-standard","5":"has-post-thumbnail","7":"category-nuce"},"_links":{"self":[{"href":"https:\/\/ypjrojava.net\/index.php?rest_route=\/wp\/v2\/posts\/10472","targetHints":{"allow":["GET"]}}],"collection":[{"href":"https:\/\/ypjrojava.net\/index.php?rest_route=\/wp\/v2\/posts"}],"about":[{"href":"https:\/\/ypjrojava.net\/index.php?rest_route=\/wp\/v2\/types\/post"}],"author":[{"embeddable":true,"href":"https:\/\/ypjrojava.net\/index.php?rest_route=\/wp\/v2\/users\/1"}],"replies":[{"embeddable":true,"href":"https:\/\/ypjrojava.net\/index.php?rest_route=%2Fwp%2Fv2%2Fcomments&post=10472"}],"version-history":[{"count":1,"href":"https:\/\/ypjrojava.net\/index.php?rest_route=\/wp\/v2\/posts\/10472\/revisions"}],"predecessor-version":[{"id":10474,"href":"https:\/\/ypjrojava.net\/index.php?rest_route=\/wp\/v2\/posts\/10472\/revisions\/10474"}],"wp:featuredmedia":[{"embeddable":true,"href":"https:\/\/ypjrojava.net\/index.php?rest_route=\/wp\/v2\/media\/14676"}],"wp:attachment":[{"href":"https:\/\/ypjrojava.net\/index.php?rest_route=%2Fwp%2Fv2%2Fmedia&parent=10472"}],"wp:term":[{"taxonomy":"category","embeddable":true,"href":"https:\/\/ypjrojava.net\/index.php?rest_route=%2Fwp%2Fv2%2Fcategories&post=10472"},{"taxonomy":"post_tag","embeddable":true,"href":"https:\/\/ypjrojava.net\/index.php?rest_route=%2Fwp%2Fv2%2Ftags&post=10472"}],"curies":[{"name":"wp","href":"https:\/\/api.w.org\/{rel}","templated":true}]}}