{"id":10484,"date":"2020-01-05T11:44:09","date_gmt":"2020-01-05T11:44:09","guid":{"rendered":"https:\/\/ypjrojava.net\/?p=10484"},"modified":"2022-06-19T17:47:58","modified_gmt":"2022-06-19T17:47:58","slug":"tekosin-ser-u-berxwedana-yekineyen-parastina-jin-ypje-a-sala-2019an","status":"publish","type":"post","link":"https:\/\/ypjrojava.net\/?p=10484","title":{"rendered":"Teko\u015f\u00een, \u015eer \u00fb Berxwedana Yek\u00eeney\u00ean Parastina Jin YPJ\u2019\u00ea a Sala 2019\u2019an"},"content":{"rendered":"<p>Sala 2019 ji bo tevah\u00ee gel\u00ea bakur-rojhilat\u00ea S\u00fbr\u00ee \u00fb gel\u00ea Rojava b\u00fb saleke din a teko\u015f\u00een \u00fb berxwedan\u00ea. Pi\u015ft\u00ee teko\u015f\u00eeneke dijwar a bi bedel\u00ean giranbiha ve dagirt\u00ee ku hema hema 9 sal li pey xwe hi\u015ft, teko\u015f\u00eena gel\u00ean bakur-rojhilat\u00ea s\u00fbr\u00ee \u00fb Rojava bi t\u00eakbirina h\u00eaza DAI\u015e\u2019\u00ea re derbas\u00ee demek\u00ee n\u00fb b\u00fbye. Li hember\u00ee hem\u00fb \u00eari\u015f\u00ean ku di v\u00ea sal\u00ea de p\u00ea\u015fketin gel\u00ean bakur-rojhilat\u00ea s\u00fbr\u00ee \u00fb rojava li ser bingeh\u00ea hi\u015fmendiya yek\u00eetiya gelan di p\u00ea\u015fengiya jin\u00ean teko\u015f\u00eenvan de kar \u00fb xebat\u00ean mezinkirina \u015fore\u015fa azadiy\u00ea hatiye me\u015fandin. Teko\u015f\u00eena ku li ser bingeh\u00ea birat\u00ee \u00fb xu\u015fktiya gel\u00ea Kurd \u00fb gel\u00ea Ereb di v\u00ea sal\u00ea de hate day\u00een xwed\u00ee wateyeke d\u00eerok\u00ee ye.<\/p>\n<p>\u00c7awa ku di sal\u00ean derbas b\u00fby\u00ee de teko\u015f\u00eena jin\u00ean berxwed\u00ear, mohra xwe li hem\u00fb xebat, \u015fer\u00ea parastin \u00fb destkeftiyan daye, sala 2019\u2019an di ser\u00ee de qada parastin\u00ea, qada civak\u00ee, siyas\u00ee, d\u00eeplomas\u00ee, \u00e7and\u00ee, perwerdeh\u00ee \u00fb r\u00eaxistin\u00ee rista p\u00ea\u015fengiy\u00ea girtiye ser mil\u00ea xwe. Yek\u00eeney\u00ean parastina jin YPJ\u2019\u00ea, ji bo ku bibe h\u00eaz, v\u00een \u00fb deng\u00ea hem\u00fb jin\u00ean bakur-rojhilat\u00ea s\u00fbr\u00ee, di navg\u00eena hem\u00fb xebat\u00ean xwe y\u00ea parastin\u00ea de bi yek beden, fikir \u00fb rih t\u00eako\u015fiya.<\/p>\n<p>P\u00eangava \u015fer\u00ea tinekirina DAI\u015e\u2019\u00ea ku h\u00eaz\u00ean parastin\u00ea di sala 2018\u2019an de dest p\u00ea kirib\u00fbn, heya sala 2019\u2019an berdewam kir. Di meh\u00ean daw\u00ee y\u00ea \u015fer\u00ea dij\u00ee DAI\u015e\u2019\u00ea de \u015ferek\u00ee pir dijwar \u00fb gelek giran me\u015fiya. Tev\u00ee \u015fert \u00fb merc\u00ean zivistan\u00ea \u015fervan\u00ean me bi ezmek\u00ee mezin, bi moral, sond \u00fb biryardariyek xurt \u015fer kirin. Soza ku dab\u00fbn mirovahiy\u00ea, \u015feh\u00eed\u00ean azadiy\u00ea \u00fb gel\u00ea bakur-rojhilat\u00ea s\u00fbr\u00ee bi cih an\u00een. C\u00eehan\u00ea hem\u00fb bi heyraniyeke mezin \u015fahidi ji v\u00ea heq\u00eeqeta mezin ya \u015fervan\u00ean me re kir. Di ser\u00ee h\u00eaz\u00ean YPJ-YPG\u2019\u00ea \u00fb hem\u00fb h\u00eaz\u00ean parastin\u00ea di bin s\u00eewana h\u00eaz\u00ean s\u00fbriya demokrat\u00eek QSD\u2019\u00ea de di 3 meh\u00ean v\u00ea sal\u00ea de teko\u015f\u00eena her\u00ee dijwar li hember\u00ee \u00e7etey\u00ean DAI\u015e\u2019\u00ea dan me\u015fandin. Hem\u00fb qir\u00eaj\u00ee, hov\u00eet\u00ee \u00fb berhem\u00ean DAI\u015e\u2019\u00ea y\u00ea daw\u00ee di \u015fer\u00ea Bahoz\u00ea \u00fb Hej\u00een de bi p\u00ea\u015fengiya \u015fervan\u00ean me y\u00ean tolhild\u00ear de hate paqi\u015fkirin. DAI\u015e\u2019\u00eey\u00ean ku bi derketina xwe re c\u00eehan hem\u00fb di nava tirs \u00fb xewn\u00ean mirin\u00ea de p\u00ea\u00e7andib\u00fb, di bahoz\u00ea de \u00e7unk li ber \u015fervan\u00ean jin tewandin. Di v\u00ea p\u00eangav\u00ea de bi sedan jin \u00fb zarok\u00ean \u00eaz\u00eed\u00ee y\u00ean bi salan b\u00fb di bin esareta zilma DAI\u015e\u2019\u00ea de b\u00fbn hatin razgar kirin.<\/p>\n<p>Pi\u015ft\u00ee 3 meh\u00ean dijwar\u00ea y\u00ean \u015fer \u00fb berxwedan\u00ea, di 23\u2019\u00ea Adara v\u00ea sal\u00ea de li D\u00earezor Bahoz\u00ea, QSD\u2019\u00ea bi meras\u00eemeke le\u015fker\u00ee daxuyaniya ferm\u00ee a mizg\u00eeniya t\u00eakbirina DAI\u015e\u2019\u00ea ji tevah\u00ee c\u00eehan\u00ea \u00fb gel\u00ean bakur-rojhilat\u00ea s\u00fbr\u00ee re ragihand. Ev Serkeftina d\u00eerok\u00ee ya ku di encama 11 hezar \u015feh\u00eed\u00ee de hate bi dest xistin li seranser\u00ee bakur-rojhilat\u00ea s\u00fbr\u00ee bi \u015fah\u00ee \u00fb moralek\u00ee mezin hate p\u00eeroz kirin. Me j\u00ee weke yek\u00eeney\u00ean parastina jin ev serkeftina d\u00eerok\u00ee di 27 Adar\u00ea de bi meras\u00eemek bi heybet ji hem\u00fb jin\u00ean c\u00eehan\u00ea re ragihand.<\/p>\n<p>Pi\u015ft\u00ee \u015fer\u00ea li dij\u00ee DAI\u015e\u2019\u00ea, yek\u00eeney\u00ean parastina jin YPJ,\u00a0 ji bo ku di war\u00ea pisporiya \u015fer\u00ea parastin\u00ea de gav\u00ean h\u00een xurtir bav\u00eaje di war\u00ea r\u00eaxistin\u00ee, perwerdeh\u00ee \u00fb pergala le\u015fker\u00ee de xwe ji n\u00fbve girtiye dest. Pi\u015ft\u00ee 7 sal\u00ean \u015fore\u015f\u00ea y\u00ean tij\u00ee teko\u015f\u00een \u00fb berxwedan\u00ea, me di 1 \u00fb 2 Hez\u00eeran\u00ea de konferansa xwe ya duyem\u00een li darxist. Konferans bi diru\u015fmeya \u201c<strong>Em bi rih\u00ea Leyla \u00fb bi h\u00earsa Avesta\u2019yan, xwe ji n\u00fb ve ava bikin dagirkeriy\u00ea t\u00eak bibin\u201d hate destp\u00eakirin. <\/strong>YPJ\u2019\u00ea di konferans\u00ea de prat\u00eeka 7 sal\u00ean teko\u015f\u00eena \u015fore\u015f\u00ea nirxand. R\u00eaziknameya xwe ya r\u00eaxistin\u00ee ji n\u00fbve sererast kir \u00fb biryar\u00ean gir\u00eeng di konferans\u00ea de girtin. Soz \u00fb biryardariya di konferans\u00ea de derkete hol\u00ea ew b\u00fb ku YPJ\u2019\u00ea h\u00eaza xwe ya parastin\u00ea ferehtir bike \u00fb di war\u00ea \u00e7awan\u00ee \u00fb h\u00eajmar\u00ee de li gor p\u00eaw\u00eestiy\u00ean \u015fer\u00ea gel\u00ea \u015fore\u015fger\u00ee \u00fb parastina rewa ji n\u00fb ve xwe ava bike.<\/p>\n<p>Her wiha di v\u00ea sal\u00ea de civ\u00eena salane ya h\u00eaz\u00ean s\u00fbriya demokrat\u00eek QSD\u2019\u00ea bi be\u015fdariya hem\u00fb h\u00eaz\u00ean di bin s\u00eewana QSD\u2019\u00ea de cih digrin hate li darxistin. YPJ\u2019\u00ea, ku weke h\u00eazek\u00ee bingeh\u00een, ya QSD\u2019\u00ea ye li ser nasnameya xwe ya xweser be\u015fdar\u00ee civ\u00een\u00ea b\u00fb.<\/p>\n<p>Di v\u00ea sal\u00ea de yeke ji xebata her\u00ee stratejik xebat\u00ea perwerdey\u00ea b\u00fb. \u015eervan \u00fb fermandeya, hem di akademiy\u00ean gi\u015ft\u00ee de \u00fb hem j\u00ee di akademiy\u00ean xweser y\u00ean bi nav\u00ea \u015feh\u00eed, D\u00eelan \u00fb \u015feh\u00eed Rojda de li ser bingeh\u00ea perwerdeya b\u00eerdoz\u00ee \u00fb le\u015fker\u00ee perwerde d\u00eetine. Her wiha di akademiy\u00ean biranja de ezmuniyeke mezin hate qezen\u00e7kirin. Disa bi dehan dewrey\u00ean bingeh\u00een y\u00ean \u015fervan\u00ean n\u00fb di binya akademiya \u015feh\u00eed B\u00ear\u00eevan, Heb\u00fbn Enteriy\u00ea \u00fb \u015feh\u00eed Sadiq de hatine vekirin. \u015eervan\u00ean n\u00fb pi\u015ft\u00ee ku di van akademiyan de perwerdey\u00ean xwe y\u00ean bigeh\u00een d\u00eetin derbas\u00ee qad\u00ean prat\u00eek b\u00fbn. Perwerdey\u00ean ku li ser ezm\u00fbniya \u015fer, jiyan, xweparastin \u00fb r\u00eaxistinkirin\u00ea hatin d\u00eetin di prat\u00eeka her \u015fervanek\u00ea de b\u00fb xwed\u00ee ristek\u00ee diyarker ya p\u00ea\u015fxistina teko\u015f\u00een \u00fb bilindkirina berxwedan\u00ea.<\/p>\n<p>Dewleta Tirk, li gel \u00e7ete \u00fb hevkar\u00ean xwe ji bo pilansaziya xwe ya qirkirina gelan \u00fb guhertina demografiya her\u00eam\u00ea bigh\u00eene ancam\u00ea di 9\u2019\u00ea Cotmeha v\u00ea sal\u00ea de tevgera dagirkeriy\u00ea mezin da dest p\u00ea kirin. Di rojeke wisa man\u00eedar de biryara v\u00ea \u00eari\u015f\u00ea day\u00een ji bo gel\u00ean bakur-rojhilat\u00ea s\u00fbr\u00ee, jinan \u00fb bi taybet\u00ee gel\u00ea kurd wateyek\u00ee xwe y\u00ea d\u00eerok\u00ee heye. Dewleta Tirk a dagirker \u00fb \u00e7etey\u00ean w\u00ea di destp\u00eaka tevgera dagirkeriya xwe de jin\u00ean teko\u015f\u00eenvan kirin armanca \u00eari\u015f\u00ean xwe y\u00ean hovane. Bi v\u00ea reng\u00ee careke din r\u00fby\u00ea xwe y\u00ea fa\u015f\u00eezane \u00fb dijminahiya gelan li ber \u00e7av\u00ea hem\u00fb c\u00eehan\u00ea e\u015fkere kir.<\/p>\n<p>Li hember\u00ee \u00eari\u015f\u00ean hovane y\u00ean dewleta Tirk di ser\u00ee de li Ser\u00ea Kaniy\u00ea, Gir\u00ea Sp\u00ee \u00fb seranser\u00ee bakur-rojhilat\u00ea s\u00fbriy\u00ea bexwedanaiyeke destan\u00ee hate me\u015fandin \u00fb ev berxwedan heya roja \u00eero j\u00ee berdewam dike. Art\u00ea\u015fa Tirk a dagirker, bi hem\u00fb tang, top balafir\u00ean ke\u015ff\u00ea \u00fb y\u00ea \u015fer xwest v\u00een \u00fb baweriya gelan ya bi hest\u00ean jiyana \u015fore\u015f\u00ee ve hatine meyandin ji hol\u00ea rabike. L\u00ea li hember\u00ee v\u00ea pilangeriya qirker, Berxwedana R\u00fbmet\u00ea, di \u015fexs\u00ea dildar\u00ean doza gel\u00ea xwe Hevr\u00een Xelef, Dayika Eq\u00eede, Amara \u00fb bi sedan pakrewanan de di r\u00fbpel\u00ean d\u00eeroka mirovahiy\u00ea de nav\u00ea xwe bi harf\u00ean z\u00ear\u00een dane niv\u00eesandin. B\u00fbne sembol, b\u00fbne destan\u00ean lehengiy\u00ea. Di berxwedana bajar\u00ea R\u00fbmet\u00ea Ser\u00ea Kaniy\u00ea de \u00fb Gir\u00ea Sp\u00ee \u00fb tevah\u00ee her\u00eama Firat\u00ea, \u015fervan\u00ean me \u00a0sekneke feda\u00eeyane li hember\u00ee dagirkeriya dewleta Tirk \u00fb \u00e7etey\u00ean w\u00ea dane raber kirin. ji bo ku li p\u00ea\u015fiya dagirkeriya dewleta Tirk bibin bend\u00ean parastin\u00ea, di her kolan \u00fb her \u00e7eper\u00ea de b\u00ea teredut beden\u00ean xwe kirin mertal. Teko\u015f\u00eena \u015fervanan \u00fb ya gel\u00ean bakur-rojhilat\u00ea suriy\u00ea di \u00e7eper\u00ean berxwedan\u00ea de li ser bingeh\u00ea \u015fer\u00ea gel\u00ea \u015fore\u015fger\u00ee, li hember\u00ee dagirkeriya dewleta Tirk bi biryardariyeke mezin berdewam dike. Leheng\u00ee \u00fb berxwedana h\u00eaz\u00ean me, kete rojeva tevah\u00ee jin\u00ean c\u00eehan\u00ea. Jinan ev dagirkeriya li ser jin \u00fb gel\u00ea bak\u00fbr\u00ea-rojhilat\u00ea s\u00fbr\u00ee weke \u00eari\u015f \u00fb dagirkeriya xwe li ser d\u00eetin. Ji ber w\u00ea hem\u00fb qad \u00fb meydan\u00ean c\u00eehan\u00ea \u015fahid\u00ee ji neraz\u00eeb\u00fbna jinan re kir. Ev dagirker\u00ee weke dagirkeriya li ser xwe hesibandin \u00fb bi h\u00earseke mezin bi \u00e7alakiy\u00ean xwey\u00ee cih reng ve pi\u015ftgir\u00ee dan berxwedana r\u00fbmet\u00ea, pi\u015ftgir\u00ee dan jin\u00ean Rojavay\u00ee.<\/p>\n<p>Sala 2019\u2019an j\u00ee weke sal\u00ean beriya xwe ji bo gel\u00ean Bakur-Rojhilat\u00ea S\u00fbr\u00ee, Rojava \u00fb bi taybet jinan b\u00fb sala oxirkirina pakrewan\u00ean ku di oxira parastina r\u00fbmet\u00ea de can\u00ea xwe feda dikirine. B\u00eaguman di teko\u015f\u00eena 9 sal\u00ean derbas b\u00fby\u00ee de bi hezaran berd\u00eal hatin day\u00een \u00fb h\u00eena ji bo parastina destkeftiy\u00ean \u015fore\u015f\u00ea bedel t\u00eane day\u00een. Bi saya eg\u00eediya van lehengan \u00eero teko\u015f\u00eena azadiya gel\u00ean bakur-rojhilat\u00ea s\u00fbr\u00ee \u00fb rojavay\u00ee kurdistan\u00ea derbas\u00ee serdemek\u00ee n\u00fb b\u00fbye.<\/p>\n<p>Di encama \u015fer, teko\u015f\u00een \u00fb berxwedana v\u00ea sal\u00ea de h\u00eaz\u00ea me careke din di eniy\u00ean her\u00ee p\u00ea\u015f y\u00ea berxwedan\u00ea de fedekar\u00ee \u00fb lehengiyeke mezin da raberkirin. Li ser w\u00ea bingeh\u00ea;<\/p>\n<ul>\n<li>Li D\u00earezor\u00ea, di p\u00eangava \u015fer\u00ea tinekirina DAI\u015e\u2019\u00ea de h\u00eaz\u00ean me di \u015fexs\u00ea hevr\u00ea Amara \u00fb G\u00fcne\u015f de leheng\u00ee \u00fb fedakariyeke mezin kiriye \u00fb cih\u00ea xwe di p\u00eangav\u00ea de girtiye.<\/li>\n<li>Di p\u00eangava t\u00eakbirina DAI\u015e\u2019\u00ea de 52 jin \u00fb 178 zarok\u00ean \u00eaz\u00eed\u00ee, di p\u00ea\u015fengiya h\u00eaz\u00ean me \u00fb QSD\u2019\u00ea de hatine rizgakirin.<\/li>\n<li>Li gel\u00ea v\u00ea bi sedan jin \u00fb malbat ji \u00e7etey\u00ean DAI\u015e\u2019\u00ea hatin xilaskirin.<\/li>\n<li>Her wiha pi\u015ft\u00ee li darxistina konferansa YPJ\u2019\u00ea a 2. Li ser bingeh\u00ea ji n\u00fb ve avakirin\u00ea h\u00eaz\u00ean me bi dehan dewrey\u00ean perwerdey\u00ea vekirine \u00fb bi serkeft\u00ee bi daw\u00ee kirine.<\/li>\n<li>H\u00eaz\u00ean me bi moral \u00fb biryardariyeke mezin ji 9&#8217;\u00ea Cotmeh\u00ea heya niha di hem\u00fb eniy\u00ean \u015fer\u00ea parastina R\u00fbmet\u00ea de cih\u00ea xwe girtiye \u00fb li ber xwe da ye.<\/li>\n<li>Di p\u00eangava t\u00eakbirina DAI\u015e\u2019\u00ea de \u00fb her wiha di \u015fer\u00ea Berxwedana R\u00fbmet\u00ea de 72 \u015fervan\u00ean me bi rih\u00ea feda\u00ee&#8217;yane li ber xwe dane\u00a0 \u00fb gih\u00ee\u015ftine mertebeya \u015fehadet\u00ea.<\/li>\n<li>3 \u015fervan\u00ean me di encama \u015fer\u00ea dagirkeriya dewleta Tirk de d\u00eel ketin dest\u00ea \u00e7ete \u00fb le\u015fker\u00ean art\u00ea\u015fa Tirk.<\/li>\n<\/ul>\n<p>Saleke tije teko\u015f\u00een \u00fb berxwedan, ji ezm\u00fbna \u015fore\u015fa azadiy\u00ea ya gelan hate bi daw\u00ee kirin. Em weke h\u00eaz\u00ean parastina jin\u00ea YPJ\u2019\u00ea, li ser h\u00eem\u00ea p\u00ea\u015fketin \u00fb \u015fer\u00ea di her\u00eam\u00ea de t\u00ea jiy\u00een xwe ji bo erk \u00fb berpirsyariy\u00ean sala 2020\u2019an amade bikin. Ji bo r\u00fbmeta mirovahiy\u00ea \u00fb parastina jinan w\u00ea teko\u015f\u00eena azadiy\u00ea \u00fb p\u00eakan\u00eena xewin \u00fb xeyal\u00ean hevr\u00eay\u00ean me y\u00ea \u015feh\u00eed bibe armanca me ya teko\u015f\u00eena v\u00ea sal\u00ea. Ji bo xilasiya r\u00fbmeta mirovahiy\u00ea \u00fb parastina hem\u00fb jinan w\u00ea teko\u015f\u00eena me ya azadiy\u00ea heta serkeftin\u00ea berdewam bike.<\/p>\n<p><strong>Navenda Ragihandina YPJ<\/strong><\/p>\n<p><strong>05.01.2020<\/strong><\/p>\n<p>&nbsp;<\/p>\n<p>&nbsp;<\/p>\n<p>&nbsp;<\/p>\n<p>&nbsp;<\/p>\n<p>&nbsp;<\/p>\n<p>&nbsp;<\/p>\n<p>&nbsp;<\/p>\n<p>&nbsp;<\/p>\n<p>&nbsp;<\/p>\n<p>&nbsp;<\/p>\n","protected":false},"excerpt":{"rendered":"<p>Sala 2019 ji bo tevah\u00ee gel\u00ea bakur-rojhilat\u00ea S\u00fbr\u00ee \u00fb gel\u00ea Rojava b\u00fb saleke din a teko\u015f\u00een \u00fb berxwedan\u00ea. Pi\u015ft\u00ee teko\u015f\u00eeneke dijwar a bi bedel\u00ean giranbiha ve dagirt\u00ee ku hema hema 9 sal li pey xwe hi\u015ft, teko\u015f\u00eena gel\u00ean bakur-rojhilat\u00ea s\u00fbr\u00ee \u00fb Rojava bi t\u00eakbirina h\u00eaza DAI\u015e\u2019\u00ea re derbas\u00ee demek\u00ee n\u00fb b\u00fbye. Li hember\u00ee hem\u00fb \u00eari\u015f\u00ean [&hellip;]<\/p>\n","protected":false},"author":1,"featured_media":13780,"comment_status":"closed","ping_status":"closed","sticky":false,"template":"","format":"standard","meta":{"footnotes":""},"categories":[39],"tags":[],"class_list":{"0":"post-10484","1":"post","2":"type-post","3":"status-publish","4":"format-standard","5":"has-post-thumbnail","7":"category-daxuyani"},"_links":{"self":[{"href":"https:\/\/ypjrojava.net\/index.php?rest_route=\/wp\/v2\/posts\/10484","targetHints":{"allow":["GET"]}}],"collection":[{"href":"https:\/\/ypjrojava.net\/index.php?rest_route=\/wp\/v2\/posts"}],"about":[{"href":"https:\/\/ypjrojava.net\/index.php?rest_route=\/wp\/v2\/types\/post"}],"author":[{"embeddable":true,"href":"https:\/\/ypjrojava.net\/index.php?rest_route=\/wp\/v2\/users\/1"}],"replies":[{"embeddable":true,"href":"https:\/\/ypjrojava.net\/index.php?rest_route=%2Fwp%2Fv2%2Fcomments&post=10484"}],"version-history":[{"count":1,"href":"https:\/\/ypjrojava.net\/index.php?rest_route=\/wp\/v2\/posts\/10484\/revisions"}],"predecessor-version":[{"id":10487,"href":"https:\/\/ypjrojava.net\/index.php?rest_route=\/wp\/v2\/posts\/10484\/revisions\/10487"}],"wp:featuredmedia":[{"embeddable":true,"href":"https:\/\/ypjrojava.net\/index.php?rest_route=\/wp\/v2\/media\/13780"}],"wp:attachment":[{"href":"https:\/\/ypjrojava.net\/index.php?rest_route=%2Fwp%2Fv2%2Fmedia&parent=10484"}],"wp:term":[{"taxonomy":"category","embeddable":true,"href":"https:\/\/ypjrojava.net\/index.php?rest_route=%2Fwp%2Fv2%2Fcategories&post=10484"},{"taxonomy":"post_tag","embeddable":true,"href":"https:\/\/ypjrojava.net\/index.php?rest_route=%2Fwp%2Fv2%2Ftags&post=10484"}],"curies":[{"name":"wp","href":"https:\/\/api.w.org\/{rel}","templated":true}]}}