{"id":10501,"date":"2020-01-09T09:58:07","date_gmt":"2020-01-09T09:58:07","guid":{"rendered":"https:\/\/ypjrojava.net\/?p=10501"},"modified":"2022-06-19T06:14:52","modified_gmt":"2022-06-19T06:14:52","slug":"xeta-sara-rojbin-u-leyla-xeta-berxwedane-ye","status":"publish","type":"post","link":"https:\/\/ypjrojava.net\/?p=10501","title":{"rendered":"Xeta Sara, Rojb\u00een \u00fb Leyla Xeta Berxwedan\u00ea Ye"},"content":{"rendered":"<p>Bi boneya salvegera 7. Ya komkujiya Paris\u00ea ku t\u00ea de s\u00ea teko\u015fer\u00ean jin hatin hedef girtin, \u015eervan\u00ean YPJ&#8217;\u00ea y\u00ean ku nav\u00ea Sara(Sakine Cans\u0131z) li xwe kirine axiv\u00een \u00fb soza domandina teko\u015f\u00eena wan dan.<\/p>\n<p><strong>&#8220;Xeta Sara, Rojb\u00een \u00fb Leyla Xeta berxwedan \u00fb teko\u015f\u00een\u00ea ye&#8221; <\/strong><\/p>\n<p>\u015eervana YPJ\u2019\u00ea Sara Amed, di dest\u00ea de her s\u00ea jin\u00ean \u015fore\u015fger bi b\u00eer an\u00een \u00fb wiha got: \u201cEz bi \u015fahadet teko\u015f\u00eenvan mezin Sara \u00fb p\u00ea\u015fenga tevgera jina Kurd pir bandor b\u00fbm, ew bandorb\u00fbn b\u00fb sedem ku ez biryara tevl\u00eeb\u00fbna nav ref\u00ean YPJ\u2019\u00ea bidim. Ev komkuj\u00ee di \u015fexs\u00ea van jin\u00ean \u015eore\u015fger de, hem\u00fb jin\u00ean teko\u015f\u00een didin hatin armanc kirin. Dewlet\u00ean ku ev komkuj\u00ee p\u00eak an\u00een peyamek\u00ee wiha di ser\u00ee de dan jin\u00ean Kurd \u00fb hem\u00fb jinan. Ger hun li hember\u00ee pergala min ser\u00ee rakin maf\u00ea azad\u00ee \u00fb teko\u015f\u00een bixwazin em \u00ea li we wisa bikin. Hevr\u00ea Sara, Bi berxwedana li zindana Amed me\u015fand\u00ee nav\u00ea xwe di dil\u00ea her jineke Kurd de \u00e7andib\u00fb. Em weke \u015fervan\u00ean YPJ&#8217;\u00ea teko\u015f\u00eena Hevr\u00ea Sara, F\u00eedan \u00fb Leyla ji bo xwe weke ronahiy\u00ea dib\u00eenin. Ji ber wan hem\u00fb jiyana xwe di oxira teko\u015f\u00eena jinan de feda kir. Jina Berxwed\u00ear Heval Sara bi sekna xwe ya \u015fore\u015fger tems\u00eela Kurdb\u00fbn\u00ea \u00fb jin\u00ean serhild\u00ear dikir. Hi\u015fmendiya Dewleta Tirk, roja \u00eero de j\u00ee li hember\u00ee teko\u015f\u00eena ku jina Kurd Li Bakur-Rojhilat\u00ea S\u00fbr\u00ee dime\u015f\u00eene nehatiye gurhertin. \u00c7awa ku komploya di sala 2013\u2019an de li par\u00ees\u00ea li ser heval Sara, Leyla \u00fb Rojb\u00een p\u00eak hat, heman p\u00eelanger\u00ee di sala 2019\u2019 an de li Rojavay\u00ea kurdistan\u00ea di kesayeta siyasetmendar Hevr\u00een Xelef, day\u00eeka Eq\u00eede \u00fb hevala Amar de j\u00ee p\u00eak hat. L\u00ea ev \u00eari\u015f\u00ean hovane tu car\u00ee li ser teko\u015f\u00eena me w\u00ea bandora xwe neke.\u00a0 Ji bo w\u00ea j\u00ee erk \u00fb berpirsyariy\u00ean pir gir\u00eeng \u00fb bi wate ji me t\u00ea xwestin. Heta ji me we re em qet nah\u00ealin dagirkeriya desthilatdaran li ser xaka me were jiyankirin. Em soz didin heta daw\u00ee em \u00ea li ber xwe bidin \u00fb neh\u00ealin dagirker bi rihet\u00ee li ser welat\u00ea me jiyan bikin. Her\u00ee daw\u00ee ez soz didim ku \u00e7awa heval Sara, Rojb\u00een \u00fb Leyla bi serbilind\u00ee li ber xwe dan \u00fb ser\u00ea xwe ji dijmin re netewandin, ez j\u00ee weke \u015fopdara r\u00eaya wan li ber xwe bidim \u00fb teko\u015f\u00een bikim.\u201d<\/p>\n<p><strong>&#8220;\u015fopandinan r\u00eaya wan w\u00ea bibe soza me ya teko\u015f\u00een\u00ea&#8221;<\/strong><\/p>\n<p>\u015eervana YPJ\u2019\u00ea Sara Zagros, di ser\u00ee de, di kesayeta Sara, Rojb\u00een \u00fb Leyla de tevah\u00ee jin\u00ean teko\u015f\u00eenvan y\u00ean di doza azadiya jin de \u015feh\u00eed b\u00fbne bi b\u00eer an\u00een \u00fb wiha n\u00ear\u00eena xwe an\u00ee ziman: \u201c \u015eahadeta her s\u00ea jin\u00ean teko\u015f\u00eenvan Sara, Leyla \u00fb Rojb\u00een, ez bandorb\u00fbm. Ev komkuj\u00ee li ser tevah\u00ee jinan bandoreke mezin dan \u00e7\u00eakirin. Bi taybet li ser me ke\u00e7 \u00fb jin\u00ean Kurd h\u00een z\u00eadetir bandoreke mezin da \u00e7\u00eakirin. Dema ku ev komkuj\u00ee p\u00eak hat ez li Rojvah\u00ee Kurdistan\u00ea di xebat\u00ea jin\u00ean ciwan de b\u00fbm. L\u00ea ev b\u00fbyer li ser hest \u00fbu fikr\u00ea min pir bandoreke mezin da \u00e7\u00eakirin \u00fb min biryar da ez tevl\u00ee nav ref\u00ean YPJ\u2019\u00ea bibim. Min xwest weke ke\u00e7eke Kurd teko\u015f\u00eena wan bime\u015f\u00eenim. Hevr\u00ea Sara, bi teko\u015f\u00eena xwe re r\u00eayek n\u00fb vekir ji hem\u00fb jin\u00ean teko\u015f\u00een\u00eevan re. Hevr\u00ea Sara ji bo me jinan m\u00eenaka bawer\u00ee, heskirin, h\u00eav\u00ee \u00fb teko\u015f\u00een\u00ea ye. Ez dikarim b\u00eajim heval Sara weke xwedawenda serdema \u00eero em dij\u00eene. Di roja \u00eero de teko\u015f\u00eena jinan \u00ead\u00ee bi rih\u00ea Sara&#8217;b\u00fby\u00een\u00ea t\u00ea me\u015fandin. Sekna heval Sara, bandora xwe ne ten\u00ea li ser jina Kurd, li ser hem\u00fb jin\u00ean C\u00eehan\u00ea da \u00e7\u00eakirin. Xeta Sara, Rojb\u00een \u00fb Leyla Xeta berxwedan \u00fb teko\u015f\u00een\u00ea ye. Em weke \u015fervan\u00ean YPJ&#8217;\u00ea teko\u015f\u00eena van jin\u00ean \u015fore\u015fger ji bo xwe dikin bingeha p\u00ea\u015fdebirina teko\u015f\u00een \u00fb mezinkirina berxwedan\u00ea. Ez careke din soza xwe li hember tevah\u00ee jin\u00ean teko\u015f\u00eenvan y\u00ean di oxira azad\u00ee \u00fb maf\u00ea jinan de can\u00ea xwe feda kirine didin \u00fb wan bi b\u00eer t\u00eenin.<\/p>\n<p><strong>Navenda Ragihandina YPJ<\/strong><\/p>\n<p><strong>09.01.2020<\/strong><\/p>\n<p><img loading=\"lazy\" decoding=\"async\" class=\"alignnone size-medium wp-image-13507\" src=\"https:\/\/ypjrojava.net\/wp-content\/uploads\/2020\/01\/vlcsnap-2022-06-19-09h11m58s196-300x169.png\" alt=\"\" width=\"300\" height=\"169\" srcset=\"https:\/\/ypjrojava.net\/wp-content\/uploads\/2020\/01\/vlcsnap-2022-06-19-09h11m58s196-300x169.png 300w, https:\/\/ypjrojava.net\/wp-content\/uploads\/2020\/01\/vlcsnap-2022-06-19-09h11m58s196-1024x576.png 1024w, https:\/\/ypjrojava.net\/wp-content\/uploads\/2020\/01\/vlcsnap-2022-06-19-09h11m58s196-768x432.png 768w, https:\/\/ypjrojava.net\/wp-content\/uploads\/2020\/01\/vlcsnap-2022-06-19-09h11m58s196-1536x864.png 1536w, https:\/\/ypjrojava.net\/wp-content\/uploads\/2020\/01\/vlcsnap-2022-06-19-09h11m58s196.png 1920w\" sizes=\"auto, (max-width: 300px) 100vw, 300px\" \/> <img loading=\"lazy\" decoding=\"async\" class=\"alignnone size-medium wp-image-13505\" src=\"https:\/\/ypjrojava.net\/wp-content\/uploads\/2020\/01\/vlcsnap-2022-06-19-09h10m47s206-300x169.png\" alt=\"\" width=\"300\" height=\"169\" srcset=\"https:\/\/ypjrojava.net\/wp-content\/uploads\/2020\/01\/vlcsnap-2022-06-19-09h10m47s206-300x169.png 300w, https:\/\/ypjrojava.net\/wp-content\/uploads\/2020\/01\/vlcsnap-2022-06-19-09h10m47s206-1024x576.png 1024w, https:\/\/ypjrojava.net\/wp-content\/uploads\/2020\/01\/vlcsnap-2022-06-19-09h10m47s206-768x432.png 768w, https:\/\/ypjrojava.net\/wp-content\/uploads\/2020\/01\/vlcsnap-2022-06-19-09h10m47s206-1536x864.png 1536w, https:\/\/ypjrojava.net\/wp-content\/uploads\/2020\/01\/vlcsnap-2022-06-19-09h10m47s206.png 1920w\" sizes=\"auto, (max-width: 300px) 100vw, 300px\" \/><\/p>\n","protected":false},"excerpt":{"rendered":"<p>Bi boneya salvegera 7. Ya komkujiya Paris\u00ea ku t\u00ea de s\u00ea teko\u015fer\u00ean jin hatin hedef girtin, \u015eervan\u00ean YPJ&#8217;\u00ea y\u00ean ku nav\u00ea Sara(Sakine Cans\u0131z) li xwe kirine axiv\u00een \u00fb soza domandina teko\u015f\u00eena wan dan. &#8220;Xeta Sara, Rojb\u00een \u00fb Leyla Xeta berxwedan \u00fb teko\u015f\u00een\u00ea ye&#8221; \u015eervana YPJ\u2019\u00ea Sara Amed, di dest\u00ea de her s\u00ea jin\u00ean \u015fore\u015fger bi [&hellip;]<\/p>\n","protected":false},"author":1,"featured_media":13506,"comment_status":"closed","ping_status":"closed","sticky":false,"template":"","format":"standard","meta":{"footnotes":""},"categories":[38],"tags":[],"class_list":{"0":"post-10501","1":"post","2":"type-post","3":"status-publish","4":"format-standard","5":"has-post-thumbnail","7":"category-nuce"},"_links":{"self":[{"href":"https:\/\/ypjrojava.net\/index.php?rest_route=\/wp\/v2\/posts\/10501","targetHints":{"allow":["GET"]}}],"collection":[{"href":"https:\/\/ypjrojava.net\/index.php?rest_route=\/wp\/v2\/posts"}],"about":[{"href":"https:\/\/ypjrojava.net\/index.php?rest_route=\/wp\/v2\/types\/post"}],"author":[{"embeddable":true,"href":"https:\/\/ypjrojava.net\/index.php?rest_route=\/wp\/v2\/users\/1"}],"replies":[{"embeddable":true,"href":"https:\/\/ypjrojava.net\/index.php?rest_route=%2Fwp%2Fv2%2Fcomments&post=10501"}],"version-history":[{"count":3,"href":"https:\/\/ypjrojava.net\/index.php?rest_route=\/wp\/v2\/posts\/10501\/revisions"}],"predecessor-version":[{"id":13509,"href":"https:\/\/ypjrojava.net\/index.php?rest_route=\/wp\/v2\/posts\/10501\/revisions\/13509"}],"wp:featuredmedia":[{"embeddable":true,"href":"https:\/\/ypjrojava.net\/index.php?rest_route=\/wp\/v2\/media\/13506"}],"wp:attachment":[{"href":"https:\/\/ypjrojava.net\/index.php?rest_route=%2Fwp%2Fv2%2Fmedia&parent=10501"}],"wp:term":[{"taxonomy":"category","embeddable":true,"href":"https:\/\/ypjrojava.net\/index.php?rest_route=%2Fwp%2Fv2%2Fcategories&post=10501"},{"taxonomy":"post_tag","embeddable":true,"href":"https:\/\/ypjrojava.net\/index.php?rest_route=%2Fwp%2Fv2%2Ftags&post=10501"}],"curies":[{"name":"wp","href":"https:\/\/api.w.org\/{rel}","templated":true}]}}