{"id":10547,"date":"2020-01-18T07:28:09","date_gmt":"2020-01-18T07:28:09","guid":{"rendered":"https:\/\/ypjrojava.net\/?p=10547"},"modified":"2022-06-19T16:12:57","modified_gmt":"2022-06-19T16:12:57","slug":"we-tekosina-pesenge-deme-reheval-zerdest-berdewam-bike","status":"publish","type":"post","link":"https:\/\/ypjrojava.net\/?p=10547","title":{"rendered":"W\u00ea Teko\u015f\u00eena P\u00ea\u015feng\u00ea Dem\u00ea R\u00eaheval \u2018Zerde\u015ft\u2019 Berdewam Bike\u00a0"},"content":{"rendered":"<p>&nbsp;<\/p>\n<p>Di \u015fexs\u00ea fermandar \u00fb p\u00ea\u015feng\u00ea civaka \u00caz\u00eed\u00ee r\u00eaheval Zerde\u015ft \u00fb hers\u00ea hevr\u00eay\u00ean p\u00eare gih\u00ee\u015ftin \u015fehadet\u00ea em ji malbat\u00ea wan re, gel\u00ea Kurd \u00fb tevah\u00ee civaka \u00caz\u00eed\u00ee re sersaxiy\u00ea dixwazin.<\/p>\n<p>Dewleta Tirka a dagirker, b\u00ea ku ferq\u00ea bixe navbera par\u00e7e, part\u00ee, ol \u00fb baweriyan li cih\u00ea ku gel\u00ea Kurd, xwe bi r\u00eaxistin dike, teko\u015f\u00een dime\u015f\u00eene, ji bo xwe wek metirsiyeke mezin dib\u00eene \u00fb \u00eari\u015f\u00ean bi armanca tinekirin\u00ea p\u00eak t\u00eene. \u00car\u00ee\u015fa li ser \u015fervan\u00ean YB\u015e\u2019\u00ea par\u00e7eyek ji v\u00ea pol\u00eet\u00eekay\u00ea ye. Dewleta Tirk, bi van \u00eari\u015f\u00ean xwe careke din hevkariya xwe ya bi DAI\u015e\u2019\u00ea re e\u015fkere dike. Di her fersend\u00ea de \u00ear\u00ee\u015f\u00ee \u015fervan\u00ean civaka me ya \u00caz\u00eed\u00ee dike.<\/p>\n<p>Her civakek bi ked, teko\u015f\u00een \u00fb fedekariyan nirx\u00ean xwe ava dike. Civaka me ya \u00caz\u00eed\u00ee j\u00ee nirx\u00ean xwe y\u00ean p\u00eeroz, ewlad\u00ean her\u00ee giranbuha mezin kirin. Ew kirin p\u00ea\u015feng\u00ean xwe y\u00ean dem\u00ean her\u00ee zor. Di sala 2014\u2019an de dinya hem\u00fb \u015fahid\u00ee ji \u00ear\u00ee\u015f \u00fb hov\u00eetiya \u00e7etey\u00ean DAI\u015e\u2019\u00ea ya li hember\u00ee civaka me ya \u00caz\u00eed\u00ee kir. Li hember\u00ee v\u00ea hov\u00eetiya mezin ya \u00e7eteyan bi dehan ke\u00e7 \u00fb xort\u00ean \u00caz\u00eed\u00ee di bin fermandariya Leheng\u00ea mezin\u00a0 Zerde\u015ft de biryara parastina civaka xwe \u00fb welat\u00ea xwe girtin \u00fb li hember\u00ee \u00ear\u00ee\u015f\u00ean hovane y\u00ean \u00e7etey\u00ean DA\u0130\u015e&#8217;\u00ea berxwedaniyeke b\u00ea hempa raber kirin. Kedek mezin ya r\u00eaheval Zerde\u015ft di ber ciwan\u00ean \u00caz\u00eed\u00ee de \u00e7\u00eab\u00fb. H\u00earsa w\u00ee ya tolhildan\u00ea di \u015fer \u00fb teko\u015f\u00eena w\u00ee de li her cih\u00ea ku tevl\u00ee p\u00eangavan b\u00fb xwe da der. Di gelek p\u00eangav\u00ean d\u00eerok\u00ee de cih\u00ea xwe girt. Bi baweriya ku w\u00ea ciwan\u00ean \u00caz\u00eed\u00ee \u00fb \u015fervan\u00ean azadiy\u00ea DAI\u015e\u2019\u00ea bi bin bixin t\u00eako\u015fiya. Li ser bingeh\u00ea feraseta tola ke\u00e7 \u00fb jin\u00ean \u00caz\u00eed\u00ee ji \u00e7etey\u00ean DA\u0130\u015e&#8217;\u00ea rabike, rola p\u00ea\u015fengiy\u00ea da ser mil\u00ea xwe. Dewleta Tirk bi zaneb\u00fbn, p\u00ea\u015feng \u00fb fermandar Zerde\u015ft kire hedefa v\u00ea \u00ear\u00ee\u015fa xwe ya xedar de.<\/p>\n<p>Em bang li hem\u00fb saziy\u00ean maf\u00ea mirovan dikin ku li hember\u00ee van \u00ear\u00ee\u015f\u00ean dewleta Tirk y\u00ean li ser civaka me ya \u00caz\u00eed\u00ee p\u00ea\u015f dikevin bibin xwed\u00ee helwest. Her wiha p\u00eaw\u00eeste dewleta \u00ceraq\u00ea b\u00eadengiya xwe bi\u015fk\u00eene \u00fb helwesta p\u00eaw\u00eest n\u00ee\u015fan bide.<\/p>\n<p>Em j\u00ee weke yek\u00eeney\u00ean parastina jin YPJ, dib\u00eajin em\u00ea ked \u00fb fedekariya r\u00eaheval Zerde\u015ft \u00fb hers\u00ea hevr\u00eay\u00ean p\u00eare di her k\u00ealiya teko\u015f\u00eena xwe de zind\u00ee bih\u00ealin ta ku h\u00eaviy\u00ean wan \u00fb y\u00ea bi hezara \u015feh\u00eedan bi cih b\u00eenin. Em careke din \u00ea\u015f \u00fb xemg\u00eeniya civaka xwe ya \u00caz\u00eed\u00ee parve dikin \u00fb dib\u00eajin w\u00ea r\u00eaheval Zerde\u015ft \u00fb hevr\u00eay\u00ean p\u00eare \u015feh\u00eed b\u00fbne tim\u00ee bibin n\u00ee\u015faneya h\u00eav\u00ee \u00fb serkeftina me.<\/p>\n<p>Li ser v\u00ea bingeh\u00ea em careke din di \u015fexs\u00ea her \u00e7ar \u015fervan\u00ean t\u00eako\u015f\u00eenvan de tevah\u00ee \u015feh\u00eed\u00ean \u015fore\u015fa Kurdistan\u00ea bi r\u00eazdar\u00ee b\u00eert\u00eenin \u00fb soza xwe ya li beramber\u00ee wan n\u00fb dikin. Em ji malbat \u00fb civaka me ya \u00caz\u00eed\u00ee re dib\u00eajin bila ser\u00ea we saxbe. Bi van zarok\u00ean xwe y\u00ean leheng \u00fb dilw\u00earek, serfiraz \u00fb \u015fanaz bin.<\/p>\n<p><strong>Fermandariya Gi\u015ft\u00ee Ya YPJ<\/strong><\/p>\n<p><strong>18.01.2020<\/strong><\/p>\n<p>&nbsp;<\/p>\n","protected":false},"excerpt":{"rendered":"<p>&nbsp; Di \u015fexs\u00ea fermandar \u00fb p\u00ea\u015feng\u00ea civaka \u00caz\u00eed\u00ee r\u00eaheval Zerde\u015ft \u00fb hers\u00ea hevr\u00eay\u00ean p\u00eare gih\u00ee\u015ftin \u015fehadet\u00ea em ji malbat\u00ea wan re, gel\u00ea Kurd \u00fb tevah\u00ee civaka \u00caz\u00eed\u00ee re sersaxiy\u00ea dixwazin. Dewleta Tirka a dagirker, b\u00ea ku ferq\u00ea bixe navbera par\u00e7e, part\u00ee, ol \u00fb baweriyan li cih\u00ea ku gel\u00ea Kurd, xwe bi r\u00eaxistin dike, teko\u015f\u00een dime\u015f\u00eene, [&hellip;]<\/p>\n","protected":false},"author":1,"featured_media":13779,"comment_status":"closed","ping_status":"closed","sticky":false,"template":"","format":"standard","meta":{"footnotes":""},"categories":[39],"tags":[],"class_list":{"0":"post-10547","1":"post","2":"type-post","3":"status-publish","4":"format-standard","5":"has-post-thumbnail","7":"category-daxuyani"},"_links":{"self":[{"href":"https:\/\/ypjrojava.net\/index.php?rest_route=\/wp\/v2\/posts\/10547","targetHints":{"allow":["GET"]}}],"collection":[{"href":"https:\/\/ypjrojava.net\/index.php?rest_route=\/wp\/v2\/posts"}],"about":[{"href":"https:\/\/ypjrojava.net\/index.php?rest_route=\/wp\/v2\/types\/post"}],"author":[{"embeddable":true,"href":"https:\/\/ypjrojava.net\/index.php?rest_route=\/wp\/v2\/users\/1"}],"replies":[{"embeddable":true,"href":"https:\/\/ypjrojava.net\/index.php?rest_route=%2Fwp%2Fv2%2Fcomments&post=10547"}],"version-history":[{"count":1,"href":"https:\/\/ypjrojava.net\/index.php?rest_route=\/wp\/v2\/posts\/10547\/revisions"}],"predecessor-version":[{"id":10548,"href":"https:\/\/ypjrojava.net\/index.php?rest_route=\/wp\/v2\/posts\/10547\/revisions\/10548"}],"wp:featuredmedia":[{"embeddable":true,"href":"https:\/\/ypjrojava.net\/index.php?rest_route=\/wp\/v2\/media\/13779"}],"wp:attachment":[{"href":"https:\/\/ypjrojava.net\/index.php?rest_route=%2Fwp%2Fv2%2Fmedia&parent=10547"}],"wp:term":[{"taxonomy":"category","embeddable":true,"href":"https:\/\/ypjrojava.net\/index.php?rest_route=%2Fwp%2Fv2%2Fcategories&post=10547"},{"taxonomy":"post_tag","embeddable":true,"href":"https:\/\/ypjrojava.net\/index.php?rest_route=%2Fwp%2Fv2%2Ftags&post=10547"}],"curies":[{"name":"wp","href":"https:\/\/api.w.org\/{rel}","templated":true}]}}