{"id":10561,"date":"2020-01-27T18:46:30","date_gmt":"2020-01-27T18:46:30","guid":{"rendered":"https:\/\/ypjrojava.net\/?p=10561"},"modified":"2022-06-19T05:15:37","modified_gmt":"2022-06-19T05:15:37","slug":"biranina-her-sehideke-dibe-soza-tolhildan-u-zafere","status":"publish","type":"post","link":"https:\/\/ypjrojava.net\/?p=10561","title":{"rendered":"B\u00eeran\u00eena Her \u015eeh\u00eedek\u00ea Dibe Soza Tolhildan \u00db Zafer\u00ea"},"content":{"rendered":"<p>&nbsp;<\/p>\n<p>Berxwedan\u00ee xwed\u00ee w\u00ea h\u00eaz\u00ea ye ku nav\u00ea serdemek\u00ea biguher\u00eene. Li Koban\u00ea Ar\u00een M\u00eerkan li Efr\u00een\u00ea Avesta Xab\u00fbr bi sekn \u00fb helwesta xwe, nav\u00ea xeleka berxwedaniya jin\u00ea dane ava kirin. Gelek jin bi saya v\u00ea berxwedaniy\u00ea b\u00fbn xwed\u00ee v\u00een \u00fb t\u00eako\u015f\u00eena xwe mezin kirin. \u015eervan\u00ean YPJ\u2019\u00ea bi berxwedan \u00fb teko\u015f\u00eena xwe, li hember dijmin\u00ea mirovahiy\u00ea bi sekna xwe ya w\u00earek hatin nas kirin. Ti\u015fta ku ew gihandin v\u00ea ast\u00ea j\u00ee di bingeh de gir\u00eadanb\u00fbna wan ya bi xak \u00fb baweriya wan a bi serkeftin\u00ea b\u00fb. \u015eervan\u00ean YPJ\u2019\u00ea her \u015fehadetek r\u00eaheval\u00ea xwe, ji bona xwe kirin felsefeya xwe ya jiyan\u00ea \u00fb sedema bilindkirina t\u00eako\u015f\u00een\u00ea.<\/p>\n<p>Di d\u00eeroka 20 \u00c7ileya 2018 an de dewleta Tirk a dagirker \u00ear\u00ee\u015f\u00ee bajar\u00ea Efr\u00een\u00ea kir. Di nava v\u00ea berxwedaniya ku li beramber\u00ee dewleta Tirk ya dagirker hat me\u015fandin de bi p\u00ea\u015fengiya \u015fervan\u00ean YPJ\u2019\u00ea rih\u00ea berxwedana Serdem\u00ea gihi\u015ft l\u00fbtkey\u00ea. \u015eervana YPJ\u2019\u00ea Avesta Xab\u00fbr bi \u00e7alakiya xwe ya di 27 \u00c7ileya sala 2018\u2019an de li dar xistib\u00fb de rastiya berxwedana jin bi rengek\u00ee her\u00ee \u015f\u00eanber n\u00ee\u015fan\u00ee tevah\u00ee c\u00eehan\u00ea da.<\/p>\n<p>Bi v\u00ea boney\u00ea YPJ\u2019\u00ea di d\u00eeroka 27 \u00c7ileya 2020\u2019an de salvegera duyem\u00een a \u015fehadeta \u015eeh\u00eed Avesta Xab\u00fbr bi meras\u00eemeke le\u015fker\u00ee bi b\u00eer an\u00een. Cardin salvegera rizgarkirina bajar\u00ea Koban\u00ea ku rast\u00ee d\u00eeroka 26\u2019\u00ea \u00c7ileya 2015\u2019an hat\u00ee li gel\u00ea Koban\u00ea \u00fb tevah\u00ee mirovahiy\u00ea p\u00eeroz kirin. Di meras\u00eem\u00ea de Fermandara Her\u00eama Ciz\u00eer\u00ea Rojda \u015eiyar peyam\u00ean gir\u00eeng dan;<\/p>\n<p>\u00car\u00ee\u015fa dewleta Tirk ya li ser Bajar\u00ea Efr\u00een\u00ea ket sala xwe ya duyem\u00een. R\u00eaheval Avesta Xab\u00fbr j\u00ee li beramber\u00ee dagirkeriya dewleta Tirk wek \u00eero \u00e7alakiya xwe ya azadiy\u00ea li dar xist. Di kesayeta r\u00eaheval Avesta Xab\u00fbr de em \u015feh\u00eed\u00ean berxwedana Serdem\u00ea \u00fb \u015feh\u00eed\u00ean berxwedana Koban\u00ea bi b\u00eer t\u00eenin \u00fb bejna xwe li beramber\u00ee tevah\u00ee \u015eeh\u00eed\u00ean \u015eore\u015f\u00ea ditew\u00eenin. Ev du sal\u00ean me y\u00ean daw\u00ee sal\u00ean t\u00eako\u015f\u00een \u00fb berxwedana dijwar b\u00fbn. Di sala 2019\u2019an de di p\u00ea\u015fengiya jin\u00ean Bakur-Rojhilat\u00ea S\u00fbr\u00ee de me serkeftina tinekirina DA\u0130\u015e bi dest xist. Li beramber\u00ee destkeftiy\u00ean ku me bi dest xistine, dewleta Tirk tehem\u00fbl nekir \u00fb ev rast\u00ee bi \u00ear\u00ee\u015f\u00ean xwe y\u00ean dagirkeriy\u00ea ve da n\u00ee\u015fandan. Di heman sal\u00ea de dewleta Tirk a dagirker di 9\u2019\u00ea Cotmeha 2019\u2019an de \u00ear\u00ee\u015f\u00ee bajar\u00ea Gir\u00ea Sip\u00ee \u00fb Ser\u00eakaniy\u00ea kir. Li hember\u00ee van \u00ear\u00ee\u015fan berxwedaniya YPJ\u2019\u00ea \u00fb YPG\u2019\u00ea di asta her\u00ee jor de hat raber kirin. \u00a0Ew berxwedan\u00ee b\u00fb d\u00eerok \u00fb destan.<\/p>\n<p><strong>Tevah\u00ee \u00car\u00ee\u015f W\u00ea Rast\u00ee Berxwedaniya Jin\u00ea Werin<\/strong><\/p>\n<p>Rojda \u015eiyar di axaftina xwe de bal ki\u015fand ser gir\u00eeng\u00ee \u00fb qehramaniya jin\u00ea \u00fb da zan\u00een ku li beramber\u00ee tevah\u00ee \u00ear\u00ee\u015fan w\u00ea berxwedaniya jin herdem were domandin \u00fb wiha berdewam kir; Bi xw\u00eena qehreman\u00ean weke Ar\u00een, Avesta \u00fb Bar\u00een\u2019an li Efr\u00een \u00fb Koban\u00ea di bingeh de serkeftin\u00ean mezin hatin bi dest xistin. Cardin di berxwedana R\u00fbmet\u00ea de j\u00ee di \u015fexs\u00ea r\u00eaheval Z\u00een de rastiya jina berxwed\u00ear careke din derkete hol\u00ea. Di roja \u00eero de h\u00eaza jina Azad derketiye hol\u00ea. YPJ di w\u00ea ast\u00ea de ye ku dikare tevah\u00ee jinan \u00fb gel\u00ea xwe bipar\u00eaze.<\/p>\n<p><strong>Em\u00ea W\u00earekiya Avesta,\u00a0 Bar\u00een, Ar\u00een \u00db Amara Di Tevah\u00ee \u00c7eper\u00ean \u015eer \u00db Jiyan\u00ea De M\u00eenak Bigrin\u00a0 <\/strong><\/p>\n<p>Fermandara YPJ\u2019\u00ea Rojda \u015eiyar di nirxandin\u00ean xwe de bal ki\u015fande ser rol \u00fb m\u00eesyona ku YPJ\u2019\u00ea di nava eniy\u00ean \u015fer de daye ser mil\u00ea xwe \u00fb bi van gotinan dewam kir; Di roja \u00eero de\u00a0 dagirkeriya Dewleta Tirk \u00fb \u00e7etey\u00ean gir\u00eaday\u00ee wan li Efr\u00een\u00ea ke\u00e7, xort, ciwan kal \u00fb p\u00eer\u2019\u00ean me direv\u00eenin. \u00car\u00ee\u015f\u00ee gel dikin, gel \u00ee\u015fkence dikin. Ji bona w\u00ea j\u00ee em weke YPJ\u2019\u00ea li beramber\u00ee tevah\u00ee \u00ear\u00ee\u015fan xwed\u00ee w\u00ee maf\u00eene ku gel\u00ea xwe \u00fb tevah\u00ee jinan bipar\u00eazin. \u00c7awa ku jin\u00ean li Tepqa, Reqa, Musil \u00fb \u015eengal\u2019\u00ea ji aliy\u00ea \u00e7eteyan ve hatin es\u00eer girtin weke YPJ\u2019\u00ea j\u00ee me ew ji tar\u00eetiya DA\u0130\u015e\u2019\u00ea rizgar kirin. Di roja \u00eero de j\u00ee jin\u00ean li Efr\u00een, Ser\u00eakaniy\u00ea \u00fb Gir\u00ea Sip\u00ee j\u00ee di nava \u00a0heman tar\u00eetiy\u00ea de dij\u00een. Dewleta Tirk dixwaze jinan bike koley\u00ea xwe. Li hember van kiryar\u00ean dewleta Tirk em\u00ea j\u00ee weke Avesta, Bar\u00een, Ar\u00een \u00fb Amara di tevah\u00ee \u00e7eper\u00ean \u015fer \u00fb jiyan\u00ea de berxwedan\u00ee \u00fb w\u00earekiya wan ji bo xwe m\u00eenak bigrin.<\/p>\n<p>Em\u00ea Bibin \u015eervan\u00ean V\u00ea Serdem\u00ea \u00fb Rih\u00ea Tolhildana \u015eeh\u00eedan<\/p>\n<p>Rojda \u015eiyar da diyar kirin ku dewleta Tirk a dagirker armanca xwe ewe ku jiyana hevbe\u015f \u00fb a\u015ft\u00eexwaz a gel\u00ea her\u00eam\u00ea ji hol\u00ea rake \u00fb pergala xwe ya d\u00eektator bide ferz kirin \u00fb got; Dewleta Tirk bila nekeve fikirandineke wiha ku em bi bin xistine. Ji ber wek YPJ me di tevah\u00ee her\u00eaman de biryardariya xwe ya berxwedan\u00ea mezin kiriye. \u00c7awa ku em 8 salan di nava \u015fore\u015f\u00ea de bi rola xwe rab\u00fbn, ji vir \u015f\u00fbnde j\u00ee em\u00ea z\u00eadetir rola xwe biley\u00eezin \u00fb erka xwe p\u00eak b\u00eenin. Ji bo her \u015fervanek tola \u015feh\u00eed\u00ean Efr\u00een, Ser\u00eakaniy\u00ea \u00fb Gir\u00ea Sip\u00ee hilde ew\u00ea bibin \u015fervan\u00ean v\u00ea Serdem\u00ea. Di heman dem\u00ea de Rojda \u015eiyar da zan\u00een ku; Li beramber\u00ee her cure komploy\u00ean ku li hember wan t\u00ean pilan kirin, weke YPJ\u2019\u00ea ew\u00ea her dem maf\u00ea xwe y\u00ea parastin\u00ea p\u00eak b\u00eenin.<\/p>\n<p>Fermandara YPJ\u2019\u00ea ya her\u00eama Ciz\u00eer\u00ea Rojda \u015eiyar di dawiya axaftina xwe de bal ki\u015fand ser ked \u00fb w\u00earekiya \u015feh\u00eed\u00ean \u015fore\u015f\u00ea \u00fb wiha domand; \u015eeh\u00eed Z\u00een, \u015eeh\u00eed N\u00eargiz \u00fb \u015eeh\u00eed Ronah\u00ee bi w\u00earekiya xwe ji Dewleta Tirk \u00fb \u00c7etey\u00ean gir\u00eaday\u00ee w\u00ea re dan n\u00ee\u015fandan ku v\u00eena jina azad nay\u00ea tine kirin. \u015eeh\u00eed Avesta, Bar\u00een, Ar\u00een, Z\u00een, Amara \u00fb \u015eeh\u00eed Ronah\u00ee ji bo me b\u00fbn sembola jina azad \u00fb em\u00ea bibin \u015fopdar\u00ea riya \u015eeh\u00eedan \u00fb em\u00ea berxwedana wan bigih\u00eenin serkeftin\u00ea.<\/p>\n<p>Meras\u00eem bi dir\u00fb\u015fmey\u00ean Jin Jiyan Azad\u00ee, \u00a0\u015eeh\u00eed Namirin \u00fb bi me\u015feke girsey\u00ee ya \u015fervanan bi daw\u00ee b\u00fb.<\/p>\n<p>&nbsp;<\/p>\n<p><strong>Amarag\u00ee Rohenda-R\u00eaj\u00een Lezg\u00een<\/strong><\/p>\n<p>&nbsp;<\/p>\n","protected":false},"excerpt":{"rendered":"<p>&nbsp; Berxwedan\u00ee xwed\u00ee w\u00ea h\u00eaz\u00ea ye ku nav\u00ea serdemek\u00ea biguher\u00eene. Li Koban\u00ea Ar\u00een M\u00eerkan li Efr\u00een\u00ea Avesta Xab\u00fbr bi sekn \u00fb helwesta xwe, nav\u00ea xeleka berxwedaniya jin\u00ea dane ava kirin. Gelek jin bi saya v\u00ea berxwedaniy\u00ea b\u00fbn xwed\u00ee v\u00een \u00fb t\u00eako\u015f\u00eena xwe mezin kirin. \u015eervan\u00ean YPJ\u2019\u00ea bi berxwedan \u00fb teko\u015f\u00eena xwe, li hember dijmin\u00ea mirovahiy\u00ea [&hellip;]<\/p>\n","protected":false},"author":1,"featured_media":13491,"comment_status":"closed","ping_status":"closed","sticky":false,"template":"","format":"standard","meta":{"footnotes":""},"categories":[38],"tags":[],"class_list":{"0":"post-10561","1":"post","2":"type-post","3":"status-publish","4":"format-standard","5":"has-post-thumbnail","7":"category-nuce"},"_links":{"self":[{"href":"https:\/\/ypjrojava.net\/index.php?rest_route=\/wp\/v2\/posts\/10561","targetHints":{"allow":["GET"]}}],"collection":[{"href":"https:\/\/ypjrojava.net\/index.php?rest_route=\/wp\/v2\/posts"}],"about":[{"href":"https:\/\/ypjrojava.net\/index.php?rest_route=\/wp\/v2\/types\/post"}],"author":[{"embeddable":true,"href":"https:\/\/ypjrojava.net\/index.php?rest_route=\/wp\/v2\/users\/1"}],"replies":[{"embeddable":true,"href":"https:\/\/ypjrojava.net\/index.php?rest_route=%2Fwp%2Fv2%2Fcomments&post=10561"}],"version-history":[{"count":1,"href":"https:\/\/ypjrojava.net\/index.php?rest_route=\/wp\/v2\/posts\/10561\/revisions"}],"predecessor-version":[{"id":10563,"href":"https:\/\/ypjrojava.net\/index.php?rest_route=\/wp\/v2\/posts\/10561\/revisions\/10563"}],"wp:featuredmedia":[{"embeddable":true,"href":"https:\/\/ypjrojava.net\/index.php?rest_route=\/wp\/v2\/media\/13491"}],"wp:attachment":[{"href":"https:\/\/ypjrojava.net\/index.php?rest_route=%2Fwp%2Fv2%2Fmedia&parent=10561"}],"wp:term":[{"taxonomy":"category","embeddable":true,"href":"https:\/\/ypjrojava.net\/index.php?rest_route=%2Fwp%2Fv2%2Fcategories&post=10561"},{"taxonomy":"post_tag","embeddable":true,"href":"https:\/\/ypjrojava.net\/index.php?rest_route=%2Fwp%2Fv2%2Ftags&post=10561"}],"curies":[{"name":"wp","href":"https:\/\/api.w.org\/{rel}","templated":true}]}}