{"id":10564,"date":"2020-01-31T12:19:16","date_gmt":"2020-01-31T12:19:16","guid":{"rendered":"https:\/\/ypjrojava.net\/?p=10564"},"modified":"2022-06-19T05:06:46","modified_gmt":"2022-06-19T05:06:46","slug":"li-reqaye-navenda-sehid-avesta-xabur-hate-vekirin","status":"publish","type":"post","link":"https:\/\/ypjrojava.net\/?p=10564","title":{"rendered":"Li Reqa\u2019y\u00ea Navenda \u015eeh\u00eed Avesta Xab\u00fbr Hate Vekirin"},"content":{"rendered":"<p>&nbsp;<\/p>\n<p>Her welatek bi nirx\u00ean xwe y\u00ean manew\u00ee ve mora xwe li d\u00eerok\u00ea dide. Li Rojavay\u00ea Kurdistan\u00ea \u00fb Bakur-Rojhilat\u00ea S\u00fbriy\u00ea j\u00ee bi hezaran nirx \u00fb destkeftiy\u00ean \u015fore\u015f\u00ea hatine avakirin. Yek ji van nirx\u00ean her\u00ee giranbiha j\u00ee ke\u00e7 \u00fb xort\u00ean v\u00ee welat\u00eene ku her yek ji wan bi lehengiyeke b\u00eahempa mora xwe li serdem\u00ea dane. Yek ji van lehengan j\u00ee ke\u00e7a Efr\u00een\u00ee, Avesta Xab\u00fbre. \u00cero tevah\u00ee jin\u00ean Bakur-Rojhilat\u00ea S\u00fbriy\u00ea li ser \u015fopa Avesta kar \u00fb xebat\u00ea xwe dime\u015f\u00eenin, xeta w\u00ea ji xwe re kirine bingeh. Li gelek bajar\u00ean Bakur-Rojhilat\u00ea S\u00fbriy\u00ea navend\u00ean Yek\u00eeney\u00ean Parastina Jin\u00ea bi nav\u00ea Av\u00easta Xab\u00fbr veb\u00fbne, yek ji wan navendan, Navenda Saziy\u00ean malbat\u00ean \u015eervanan ya li bajar\u00ea Reqqa ye.<\/p>\n<p>\u015eervana YPJ\u2019\u00ea ya ji p\u00eakhatey\u00ean Ereb Amarg\u00ee \u015eerv\u00een, Bal ki\u015fande ser gir\u00eengiya vekirina Navenda \u015eeh\u00eed Avesta Xab\u00fbr \u00fb wiha got; \u201cWeke \u015fervan\u00ean YPJ\u2019\u00ea li bajar\u00ea Reqqa, me navendek bi nav\u00ea \u015eeh\u00eed Avesta Xab\u00fbr vekir, r\u00eaheval Avesta bi feda\u00eeb\u00fbna xwe, ji bo me hem\u00fb jinan b\u00fb m\u00eenaka teko\u015f\u00een \u00fb jiyan\u00ea. Ji ber w\u00ea me navenda xwe bi nav\u00ea Avesta Xab\u00fbr vekir. Em wek \u015fervan\u00ean ji p\u00eakhateya Ereb \u015feh\u00eed Av\u00easta ji xwe re wek sembola jina azad dib\u00eenin\u201d.<\/p>\n<p>\u015eervana YPJ\u2019\u00ea Amarg\u00ee qala kar \u00fb xebata navenda \u015eeh\u00eed Avesta Xab\u00fbr kir \u00fb wiha dewam kir; \u201cKar \u00fb xebata me ya li vir t\u00ea me\u015fandin ewe ku em serdana malbat\u00ean heval\u00ean xwe y\u00ean ku derfeta wan a d\u00eetin\u00ea n\u00eene bikin. Em di\u00e7in \u00fb wan dib\u00eenin \u00fb pirsa wan dikin, ev yek j\u00ee di wan de k\u00eafxwe\u015fiyeke mezin dide avakirin, bi moral \u00fb hezirinek\u00ea me p\u00ea\u015fwaz\u00ee dikin ev moralek\u00ea di me de j\u00ee ava dike. Ji ber ew malbat\u00ean me y\u00ean ku can \u00fb mal\u00ea xwe feday\u00ee v\u00ea \u015fore\u015f\u00ea kirine, erka me ye ku em j\u00ee wan ji b\u00eer nekin \u00fb her serdana wan bikin\u201d.<\/p>\n<p>\u015eervana YPJ\u2019\u00ea Amarg\u00ee di derbar\u00ea armanca vekirina navend\u00ea de j\u00ee wiha got got: \u201cArmanca me ya sereke ji avakirina navenda \u015feh\u00eed Av\u00easta ewe ku armanca h\u00eaz\u00ean QSD-YPJ\u2019\u00ea bi rengek h\u00ea ba\u015ftir bi wan bidin naskirin, her wiha em dixwazin \u00e7anda parastin\u00ea di nava civak\u00ea de bidin r\u00fbni\u015fkandin. Gele me j\u00ee bi v\u00ea yek\u00ea gelek k\u00eafxwe\u015fe ku dema me dib\u00eenin dib\u00eajin weke ku em zarok\u00ean xwe dib\u00eenin\u201d.<\/p>\n<p><strong>J\u00een Reqqa<\/strong><\/p>\n<p>&nbsp;<\/p>\n<div class=\"youtube-embed\" data-video_id=\"iishOG4Ve-w\"><iframe loading=\"lazy\" title=\"Av\u00easta B\u00fb Sembola Tevah\u00ee Jinan\" width=\"696\" height=\"392\" src=\"https:\/\/www.youtube.com\/embed\/iishOG4Ve-w?feature=oembed&#038;enablejsapi=1\" frameborder=\"0\" allow=\"accelerometer; autoplay; clipboard-write; encrypted-media; gyroscope; picture-in-picture; web-share\" referrerpolicy=\"strict-origin-when-cross-origin\" allowfullscreen><\/iframe><\/div>\n","protected":false},"excerpt":{"rendered":"<p>&nbsp; Her welatek bi nirx\u00ean xwe y\u00ean manew\u00ee ve mora xwe li d\u00eerok\u00ea dide. Li Rojavay\u00ea Kurdistan\u00ea \u00fb Bakur-Rojhilat\u00ea S\u00fbriy\u00ea j\u00ee bi hezaran nirx \u00fb destkeftiy\u00ean \u015fore\u015f\u00ea hatine avakirin. Yek ji van nirx\u00ean her\u00ee giranbiha j\u00ee ke\u00e7 \u00fb xort\u00ean v\u00ee welat\u00eene ku her yek ji wan bi lehengiyeke b\u00eahempa mora xwe li serdem\u00ea dane. Yek [&hellip;]<\/p>\n","protected":false},"author":1,"featured_media":13480,"comment_status":"closed","ping_status":"closed","sticky":false,"template":"","format":"standard","meta":{"footnotes":""},"categories":[38],"tags":[],"class_list":{"0":"post-10564","1":"post","2":"type-post","3":"status-publish","4":"format-standard","5":"has-post-thumbnail","7":"category-nuce"},"_links":{"self":[{"href":"https:\/\/ypjrojava.net\/index.php?rest_route=\/wp\/v2\/posts\/10564","targetHints":{"allow":["GET"]}}],"collection":[{"href":"https:\/\/ypjrojava.net\/index.php?rest_route=\/wp\/v2\/posts"}],"about":[{"href":"https:\/\/ypjrojava.net\/index.php?rest_route=\/wp\/v2\/types\/post"}],"author":[{"embeddable":true,"href":"https:\/\/ypjrojava.net\/index.php?rest_route=\/wp\/v2\/users\/1"}],"replies":[{"embeddable":true,"href":"https:\/\/ypjrojava.net\/index.php?rest_route=%2Fwp%2Fv2%2Fcomments&post=10564"}],"version-history":[{"count":1,"href":"https:\/\/ypjrojava.net\/index.php?rest_route=\/wp\/v2\/posts\/10564\/revisions"}],"predecessor-version":[{"id":10566,"href":"https:\/\/ypjrojava.net\/index.php?rest_route=\/wp\/v2\/posts\/10564\/revisions\/10566"}],"wp:featuredmedia":[{"embeddable":true,"href":"https:\/\/ypjrojava.net\/index.php?rest_route=\/wp\/v2\/media\/13480"}],"wp:attachment":[{"href":"https:\/\/ypjrojava.net\/index.php?rest_route=%2Fwp%2Fv2%2Fmedia&parent=10564"}],"wp:term":[{"taxonomy":"category","embeddable":true,"href":"https:\/\/ypjrojava.net\/index.php?rest_route=%2Fwp%2Fv2%2Fcategories&post=10564"},{"taxonomy":"post_tag","embeddable":true,"href":"https:\/\/ypjrojava.net\/index.php?rest_route=%2Fwp%2Fv2%2Ftags&post=10564"}],"curies":[{"name":"wp","href":"https:\/\/api.w.org\/{rel}","templated":true}]}}