{"id":10581,"date":"2020-02-13T10:49:34","date_gmt":"2020-02-13T10:49:34","guid":{"rendered":"https:\/\/ypjrojava.net\/?p=10581"},"modified":"2022-06-19T16:02:38","modified_gmt":"2022-06-19T16:02:38","slug":"hevre-nucan-evina-xwe-bi-parastina-welate-xwe-re-mezin-kir","status":"publish","type":"post","link":"https:\/\/ypjrojava.net\/?p=10581","title":{"rendered":"Hevr\u00ea Nucan Ev\u00eena Xwe Bi Parastina Welat\u00ea Xwe re Mezin Kir\u00a0 \u00a0\u00a0\u00a0\u00a0"},"content":{"rendered":"<p>&nbsp;<\/p>\n<p>Di \u015fexs\u00ea hevr\u00ea \u00fb n\u00fbnera ruh\u00ea welatpar\u00eaziy\u00ea r\u00eaheval Nucan, em tevah\u00ee \u015feh\u00eed\u00ean \u015fore\u015fa azadiy\u00ea bi b\u00eert\u00eenin. Ji malbata r\u00eaheval Nucan \u00fb hem\u00fb gel\u00ea Bak\u00fbr-Rojhilat\u00ea S\u00fbr\u00ee re sersaxiy\u00ea dixwazin. Em sond \u00fb biryardariya xwe ya bi \u015feh\u00eedan re n\u00fb dikin.<\/p>\n<p>Li hember\u00ee dagirker\u00ee \u00fb qirkeriya dewleta Tirk a fa\u015f\u00eest, \u015eeh\u00eed\u00ean me bi lehengiyeke mezin, ji bo welat \u00fb gel\u00ea xwe bipar\u00eazin, bi p\u00ea\u015fxistina Berxwedana R\u00fbmet\u00ea re destan\u00ean lehengiy\u00ea niv\u00eesandan. Hevr\u00ea Nucan j\u00ee b\u00fb yek ji lehenga Berxwedana R\u00fbmet\u00ea ya Ser\u00eakaniy\u00ea.<\/p>\n<p>R\u00eaheval Nucan, li Girk\u00ea Leg\u00ea di nav malbateke welatpar\u00eaz \u00fb kedkar de mezin dibe. Ji destp\u00eaka \u015fore\u015f\u00ea ve ew j\u00ee weke gelek ke\u00e7\u00ean v\u00ea xak\u00ea, be\u015fdar\u00ee nava ref\u00ean \u015fore\u015f\u00ea dibe. Heval Nucan di sala 2011\u2019an de tevl\u00ee nav h\u00eaz\u00ean parastin\u00ea dibe. Ji w\u00ea dem\u00ea heya niha bi awayek\u00ee \u00e7alak di nava YPJ\u2019\u00ea de cih\u00ea xwe digre. \u015eahid\u00ee ji gelek leheng\u00ee, fedekar\u00ee \u00fb destan\u00ean ke\u00e7 \u00fb xort\u00ean v\u00ee welat\u00ee re kir \u00fb bi sekna xwe ew j\u00ee b\u00fb par\u00e7eyek ji v\u00ea teko\u015f\u00eena destaney\u00ee.<\/p>\n<p>R\u00eahevala me Nucan, li Ser\u00ea Kaniy\u00ea di \u00e7epera her\u00ee p\u00ea\u015fde s\u00eenge s\u00eeng bi dijmin re \u015ferek\u00ee giran jiyan dike. Ji bo li p\u00ea\u015fiya dijmin bibe mertaleke parastin\u00ea heya dawiy\u00ea di \u00e7epera xwe de li ber xwe da. Ev j\u00ee n\u00ee\u015faneya sekna jina Rojavay\u00ee a ku dil \u00fb mejiy\u00ea xwe bi \u015fore\u015f\u00ea re, bi parastina welat re kire yek \u00fb ji bo w\u00ea j\u00ee can\u00ea xwe b\u00ea teredut feda kir. Ev sekna bi r\u00fbmet, sekna jina welatpar\u00eaz a azad\u00eexwaze. W\u00ea ev sekna ku b\u00fbye sembola r\u00fbmet \u00fb azadiy\u00ea, serkeftina \u015fore\u015f\u00ea j\u00ee misoger bike.<\/p>\n<p>Me demeke dir\u00eaj nedikar\u00ee agah\u00ee pi\u015ftrast bikin ka b\u00ea hevr\u00eaya me N\u00fbcan, d\u00eel ketiye dest an \u015feh\u00eed b\u00fbye. Ji ber v\u00ea rew\u015f\u00ea, em l\u00eabor\u00eena xwe ji malbat \u00fb gel\u00ea xwe dixwazin.<\/p>\n<p>Li ser v\u00ea bingeh\u00ea em hevr\u00ea Nucan \u00fb di \u015fexs\u00ea w\u00ea de \u015feh\u00eed\u00ean Berxwedana R\u00fbmet\u00ea \u00fb tevah\u00ee \u015feh\u00eed\u00ean \u015fore\u015fa azadiy\u00ea bi r\u00eazdar\u00ee b\u00eert\u00eenin. Sersax\u00ee ji malbata r\u00eaheval Nucan \u00fb gel\u00ea me re dixwazin. Soza me daye \u015feh\u00eed\u00ean xwe n\u00fb dikin \u00fb dib\u00eajin heya ku em h\u00eav\u00ee, Ev\u00een \u00fb xeyal\u00ean wan bi cih b\u00eenin em\u00ea teko\u015f\u00eena xwe berdewam bikin.<\/p>\n<p><strong>Li gor v\u00ea nasnameya r\u00eahevala me, \u015feh\u00eed N\u00fbcan bi v\u00ee reng\u00ee ye;<\/strong><\/p>\n<p><img loading=\"lazy\" decoding=\"async\" class=\"alignnone size-medium wp-image-13764\" src=\"https:\/\/ypjrojava.net\/wp-content\/uploads\/2020\/02\/Sehit-Nucan-200x300.jpg\" alt=\"\" width=\"200\" height=\"300\" srcset=\"https:\/\/ypjrojava.net\/wp-content\/uploads\/2020\/02\/Sehit-Nucan-200x300.jpg 200w, https:\/\/ypjrojava.net\/wp-content\/uploads\/2020\/02\/Sehit-Nucan.jpg 455w\" sizes=\"auto, (max-width: 200px) 100vw, 200px\" \/><\/p>\n<p><strong>Nav\u00ea Kod: <\/strong>N\u00fbcan Cuma<\/p>\n<p><strong>Nav\u00ea Rast: <\/strong>\u015e\u00ear\u00een Sil\u00eaman Murad<\/p>\n<p><strong>Nav\u00ea Day\u00eek: <\/strong>N\u00fbr\u00ea<\/p>\n<p><strong>Nav\u00ea Bav: <\/strong>Sil\u00eaman<\/p>\n<p><strong>Fermandariya Gi\u015ft\u00ee ya YPJ<\/strong><\/p>\n<p><strong>13.02.2020<\/strong><\/p>\n<p><iframe loading=\"lazy\" title=\"Ji Bo B\u00eeran\u00eena \u015eeh\u00eed N\u00fbcan C\u00fbma\" width=\"696\" height=\"392\" src=\"https:\/\/www.youtube.com\/embed\/GJYIfZVpnCY?feature=oembed\" frameborder=\"0\" allow=\"accelerometer; autoplay; clipboard-write; encrypted-media; gyroscope; picture-in-picture; web-share\" referrerpolicy=\"strict-origin-when-cross-origin\" allowfullscreen><\/iframe><\/p>\n<p>&nbsp;<\/p>\n","protected":false},"excerpt":{"rendered":"<p>&nbsp; Di \u015fexs\u00ea hevr\u00ea \u00fb n\u00fbnera ruh\u00ea welatpar\u00eaziy\u00ea r\u00eaheval Nucan, em tevah\u00ee \u015feh\u00eed\u00ean \u015fore\u015fa azadiy\u00ea bi b\u00eert\u00eenin. Ji malbata r\u00eaheval Nucan \u00fb hem\u00fb gel\u00ea Bak\u00fbr-Rojhilat\u00ea S\u00fbr\u00ee re sersaxiy\u00ea dixwazin. Em sond \u00fb biryardariya xwe ya bi \u015feh\u00eedan re n\u00fb dikin. Li hember\u00ee dagirker\u00ee \u00fb qirkeriya dewleta Tirk a fa\u015f\u00eest, \u015eeh\u00eed\u00ean me bi lehengiyeke mezin, ji [&hellip;]<\/p>\n","protected":false},"author":1,"featured_media":13775,"comment_status":"closed","ping_status":"closed","sticky":false,"template":"","format":"standard","meta":{"footnotes":""},"categories":[39],"tags":[],"class_list":{"0":"post-10581","1":"post","2":"type-post","3":"status-publish","4":"format-standard","5":"has-post-thumbnail","7":"category-daxuyani"},"_links":{"self":[{"href":"https:\/\/ypjrojava.net\/index.php?rest_route=\/wp\/v2\/posts\/10581","targetHints":{"allow":["GET"]}}],"collection":[{"href":"https:\/\/ypjrojava.net\/index.php?rest_route=\/wp\/v2\/posts"}],"about":[{"href":"https:\/\/ypjrojava.net\/index.php?rest_route=\/wp\/v2\/types\/post"}],"author":[{"embeddable":true,"href":"https:\/\/ypjrojava.net\/index.php?rest_route=\/wp\/v2\/users\/1"}],"replies":[{"embeddable":true,"href":"https:\/\/ypjrojava.net\/index.php?rest_route=%2Fwp%2Fv2%2Fcomments&post=10581"}],"version-history":[{"count":3,"href":"https:\/\/ypjrojava.net\/index.php?rest_route=\/wp\/v2\/posts\/10581\/revisions"}],"predecessor-version":[{"id":13776,"href":"https:\/\/ypjrojava.net\/index.php?rest_route=\/wp\/v2\/posts\/10581\/revisions\/13776"}],"wp:featuredmedia":[{"embeddable":true,"href":"https:\/\/ypjrojava.net\/index.php?rest_route=\/wp\/v2\/media\/13775"}],"wp:attachment":[{"href":"https:\/\/ypjrojava.net\/index.php?rest_route=%2Fwp%2Fv2%2Fmedia&parent=10581"}],"wp:term":[{"taxonomy":"category","embeddable":true,"href":"https:\/\/ypjrojava.net\/index.php?rest_route=%2Fwp%2Fv2%2Fcategories&post=10581"},{"taxonomy":"post_tag","embeddable":true,"href":"https:\/\/ypjrojava.net\/index.php?rest_route=%2Fwp%2Fv2%2Ftags&post=10581"}],"curies":[{"name":"wp","href":"https:\/\/api.w.org\/{rel}","templated":true}]}}