{"id":10591,"date":"2020-02-15T09:20:42","date_gmt":"2020-02-15T09:20:42","guid":{"rendered":"https:\/\/ypjrojava.net\/?p=10591"},"modified":"2022-06-19T15:48:34","modified_gmt":"2022-06-19T15:48:34","slug":"komploya-15e-sibate-bi-berxwedana-reber-apo-tek-cuye","status":"publish","type":"post","link":"https:\/\/ypjrojava.net\/?p=10591","title":{"rendered":"Komploya 15\u2019\u00ea Sibat\u00ea Bi Berxwedana R\u00eaber APO T\u00eak \u00c7\u00fbye"},"content":{"rendered":"<p>&nbsp;<\/p>\n<p>Em salvegera 21\u2019m\u00een ya komploya navdewlet\u00ee a li ser R\u00eaber APO, bi h\u00earseke mezin \u015fermezar dikin. Ev komplo, bi berxwedana d\u00eerok\u00ee ya R\u00eaber APO, bi teko\u015f\u00eena \u015feh\u00eed\u00ean \u015fore\u015fa azadiy\u00ea \u00fb bi teko\u015f\u00eena ku di p\u00ea\u015fengiya jinan de t\u00ea me\u015fandin vala derketiye.<\/p>\n<p>Komploya 15\u2019\u00ea Sibat\u00ea ya li hember\u00ee R\u00eaber APO hate kirin, di bingeh\u00ea xwe de li hember\u00ee heb\u00fbn, nasname \u00fb p\u00ea\u015feroja gelan b\u00fb. Ev komplo ne ten\u00ea li hember\u00ee gel\u00ea Kurde, li hember\u00ee tevah\u00ee jinan, gel\u00ean Rojhilata Nav\u00een \u00fb mirovahiy\u00ea hatiye kirin. H\u00eaz\u00ean komploger bi d\u00eel girtina R\u00eaber APO, xwestin fikir \u00fb felsefeya jiyana azad ji hol\u00ea rabikin. Xwestin heb\u00fbna gelek\u00ee berxwed\u00ear \u00fb teko\u015f\u00eenvan t\u00eak bibin. L\u00ea di ser\u00ee de ev komplo bi sekna berxwed\u00ear ya R\u00eaber APO \u00fb teko\u015f\u00eena gel\u00ean azad\u00eexwaz hate vala derxistin.<\/p>\n<p>Roja 15\u2019\u00ea Sibat\u00ea di d\u00eeroka teko\u015f\u00eena gel\u00ea Kurd \u00fb tevah\u00ee mirovahiy\u00ea de weke rojeke re\u015f e. H\u00eaz\u00ean kap\u00eetal\u00eest \u00fb serdest, ji bo desthilatdariya xwe li ser v\u00eena gelan bidin me\u015fandin R\u00eaber APO, li p\u00ea\u015fiya xwe asteng did\u00eetin. Ji bona bandora R\u00eaber APO, ya li ser civak\u00ea ava dike ji hol\u00ea rabikin, R\u00eaber APO bi \u015f\u00eawazek\u00ee xay\u00een\u00ee girtin \u00fb radest\u00ee dewleta Tirk kirin. R\u00eaber APO, bi teko\u015f\u00eena siyas\u00ee, pol\u00eet\u00eek \u00fb b\u00eerdoz\u00ee hem\u00fb p\u00eelangeriy\u00ean h\u00eaz\u00ean serdest de\u015fifre kirin. R\u00fbre\u015fiya van h\u00eazan a li hember\u00ee mirovahiy\u00ea dij\u00een, bi tehl\u00eel\u00ean xwe y\u00ean d\u00eerok\u00ee, siyas\u00ee, pol\u00eet\u00eek \u00fb bi n\u00earandina felsef\u00eek an\u00ee ziman. Li hember\u00ee hi\u015fmendiya serdest \u00fb feraseta netew dewlet\u00ea R\u00eaber APO, jiyana azad \u00fb wekhev, p\u00ea\u015fxist. Li hember\u00ee b\u00ea \u00e7aretiya h\u00eaz\u00ean serdest ku li ser gelan ferz dikin, R\u00eaber APO Parad\u00eegma netewa demokrat\u00eek p\u00ea\u015fxist \u00fb weke \u00e7areseriya hem\u00fb pirsgir\u00eak\u00ean civak\u00ea d\u00eet. \u015eore\u015fa Bak\u00fbr-Rojhilat\u00ea S\u00fbr\u00ee ku bi p\u00ea\u015fengiya jinan hate p\u00ea\u015fxisin di roja \u00eero de ev pergala demokrat\u00eek bi awayeke \u015f\u00eanber hatiye jiyan\u00ee kirin. Yekgirtina gel\u00ea Kurd, Ereb, Asur \u00fb S\u00fbryan n\u00ee\u015faneya v\u00ea heq\u00eeqet\u00ea ye. \u00cad\u00ee pergala demokrat\u00eek ya gel\u00ea me di roja \u00eero de weke yekane h\u00eaviya \u00e7areseriya pirsgir\u00eak\u00ean civak\u00ee t\u00ea d\u00eetin. Ji ber w\u00ea bala hem\u00fb c\u00eehan\u00ea dik\u015f\u00eene ser xwe. Ev rastiya ku \u00eero hem\u00fb gel li dora w\u00ea b\u00fbne xeleka parastin\u00ea bi ked \u00fb xebata R\u00eaber APO hate p\u00ea\u015fxistin.<\/p>\n<p>Li hember\u00ee sekna berxwed\u00ear ya R\u00eaber APO, di ser\u00ee de dewleta Tirk, h\u00eaz\u00ean dagirker y\u00ean her\u00eam\u00ee \u00fb hem\u00fb h\u00eaz\u00ean kap\u00eetal\u00eest \u00fb hegemon\u00eek, di roja me ya \u00eero de binketine, ji ber w\u00ea j\u00ee li pey\u00ee dek \u00fb dolab\u00ean n\u00fb ne. \u00car\u00ee\u015fa li ser \u015fore\u015fa gelan ya Bak\u00fbr-Rojhilat\u00ea S\u00fbr\u00ee v\u00ea rastiy\u00ea \u00eefade dike. Di 9\u2019\u00ea Cotmeha 2019\u2019an de biryara dagirkeriya Rojava \u00fb hem\u00fb Bak\u00fbr\u00ea-Rojhilat\u00ea S\u00fbr\u00ee ne biryareke tesad\u00fbfe. Ev biryar, li ser maseya h\u00eaz\u00ean komploger hate girtin \u00fb bi dest\u00ea Tirkan kete meriyet\u00ea. Bi v\u00ea \u00ear\u00ee\u015f\u00ea peyameke wiha xwestin bidin gel\u00ean rojhilata nav\u00een \u00fb bi taybet tevah\u00ee jinan, ger hun bi v\u00eena xwe, tevbigerin em\u00ea j\u00ee we di qirkirin\u00ea re derbas bikin. Dewleta Tirk ji bo xewn \u00fb xeyal\u00ean Osmaniya n\u00fb li Rojhilata Nav\u00een p\u00eak b\u00eene ser\u00ee li hem\u00fb r\u00eabaz\u00ean \u015fer\u00ea qir\u00eaj \u00fb hovane dide. Dagirkirina Efr\u00een\u00ea, Ser\u00ea Kaniy\u00ea, Gir\u00ea Sp\u00ee wek dewamiya komploya 15&#8217;\u00ea Sibat\u00ea \u00fb destp\u00eaka v\u00ea peyam\u00ea b\u00fb. L\u00ea van \u00ear\u00ee\u015f\u00ean hovane yek\u00eetiya gelan h\u00een xurtir kir. Di rastiya Berxwedana R\u00fbmet\u00ea de gel\u00ea me bi yek deng\u00ee dijberiya xwe li hember\u00ee v\u00ea dagirkeriy\u00ea bilind kir. Ev j\u00ee rastiya h\u00eaz \u00fb serkeftina gelan b\u00fb. Em weke h\u00eaz\u00ean parastina pergala civaka demokrat\u00eek dib\u00eajin, heya em fikir \u00fb felsefeya jiyana azad ya R\u00eaber APO, may\u00eende nekin, w\u00ea teko\u015f\u00eena me heya serkeftin\u00ea berdewam bike.<\/p>\n<p>Li ser v\u00ea bingeh\u00ea, em careke din komploya navdewlet\u00ee ya li hember\u00ee R\u00eaber APO hate kirin bi h\u00ears \u00fb k\u00eeneke mezin \u015fermezar dikin. Hem\u00fb teko\u015f\u00eenvan\u00ean di xeta azadiy\u00ea de can\u00ea xwe feda kirine bi b\u00eert\u00eenin \u00fb soza mezinkirina teko\u015f\u00een\u00ea \u00fb avakirina jiyana azad ji hem\u00fb jinan \u00fb gelan re n\u00fb dikin.<\/p>\n<p><strong>Fermanariya Gi\u015ft\u00ee Ya YPJ<\/strong><\/p>\n<p><strong>15.02.2020 <\/strong><\/p>\n<p>&nbsp;<\/p>\n<p>&nbsp;<\/p>\n","protected":false},"excerpt":{"rendered":"<p>&nbsp; Em salvegera 21\u2019m\u00een ya komploya navdewlet\u00ee a li ser R\u00eaber APO, bi h\u00earseke mezin \u015fermezar dikin. Ev komplo, bi berxwedana d\u00eerok\u00ee ya R\u00eaber APO, bi teko\u015f\u00eena \u015feh\u00eed\u00ean \u015fore\u015fa azadiy\u00ea \u00fb bi teko\u015f\u00eena ku di p\u00ea\u015fengiya jinan de t\u00ea me\u015fandin vala derketiye. Komploya 15\u2019\u00ea Sibat\u00ea ya li hember\u00ee R\u00eaber APO hate kirin, di bingeh\u00ea xwe [&hellip;]<\/p>\n","protected":false},"author":1,"featured_media":13751,"comment_status":"closed","ping_status":"closed","sticky":false,"template":"","format":"standard","meta":{"footnotes":""},"categories":[39],"tags":[],"class_list":{"0":"post-10591","1":"post","2":"type-post","3":"status-publish","4":"format-standard","5":"has-post-thumbnail","7":"category-daxuyani"},"_links":{"self":[{"href":"https:\/\/ypjrojava.net\/index.php?rest_route=\/wp\/v2\/posts\/10591","targetHints":{"allow":["GET"]}}],"collection":[{"href":"https:\/\/ypjrojava.net\/index.php?rest_route=\/wp\/v2\/posts"}],"about":[{"href":"https:\/\/ypjrojava.net\/index.php?rest_route=\/wp\/v2\/types\/post"}],"author":[{"embeddable":true,"href":"https:\/\/ypjrojava.net\/index.php?rest_route=\/wp\/v2\/users\/1"}],"replies":[{"embeddable":true,"href":"https:\/\/ypjrojava.net\/index.php?rest_route=%2Fwp%2Fv2%2Fcomments&post=10591"}],"version-history":[{"count":1,"href":"https:\/\/ypjrojava.net\/index.php?rest_route=\/wp\/v2\/posts\/10591\/revisions"}],"predecessor-version":[{"id":10593,"href":"https:\/\/ypjrojava.net\/index.php?rest_route=\/wp\/v2\/posts\/10591\/revisions\/10593"}],"wp:featuredmedia":[{"embeddable":true,"href":"https:\/\/ypjrojava.net\/index.php?rest_route=\/wp\/v2\/media\/13751"}],"wp:attachment":[{"href":"https:\/\/ypjrojava.net\/index.php?rest_route=%2Fwp%2Fv2%2Fmedia&parent=10591"}],"wp:term":[{"taxonomy":"category","embeddable":true,"href":"https:\/\/ypjrojava.net\/index.php?rest_route=%2Fwp%2Fv2%2Fcategories&post=10591"},{"taxonomy":"post_tag","embeddable":true,"href":"https:\/\/ypjrojava.net\/index.php?rest_route=%2Fwp%2Fv2%2Ftags&post=10591"}],"curies":[{"name":"wp","href":"https:\/\/api.w.org\/{rel}","templated":true}]}}