{"id":10598,"date":"2020-02-24T13:37:20","date_gmt":"2020-02-24T13:37:20","guid":{"rendered":"https:\/\/ypjrojava.net\/?p=10598"},"modified":"2022-06-19T05:02:48","modified_gmt":"2022-06-19T05:02:48","slug":"ev-dem-dema-serhildana-jine-ye","status":"publish","type":"post","link":"https:\/\/ypjrojava.net\/?p=10598","title":{"rendered":"\u00a0\u00a0 Ev Dem Dema Serhildana Jin\u00ea Ye"},"content":{"rendered":"<p><strong>\u00a0 \u00a0\u00a0<\/strong><\/p>\n<p>Endama mecl\u00eesa le\u015fker\u00ee ya Gir\u00ea Sp\u00ee R\u00fbs\u00eal Mehm\u00fbd di derbar\u00ea helwesta gel\u00ea Gir\u00ea Sp\u00ee ya beriya \u00eari\u015f\u00ean dewleta Tirk de axiv\u00ee \u00fb wiha got: &#8220;Beriya \u00eari\u015f\u00ean dewleta Tirk ya li ser bajar\u00ea Gir\u00ea Sp\u00ee rew\u015fa gel\u00ea me li Gir\u00ea Sp\u00ee gelek ba\u015f b\u00fb. Bi taybet di pergala r\u00eaveberiya xweser \u00fb mecl\u00eesa le\u015fker\u00ee de, gel bi v\u00ea pergal\u00ea raz\u00ee b\u00fb \u00fb gelek rihet b\u00fb. Di bin s\u00eewana mecl\u00ees\u00ean le\u015fker\u00ee de gel di nava ewlehiy\u00ea de dijiya.&#8221;<\/p>\n<p>Mecl\u00eesa Gir\u00ea Sp\u00ee R\u00fbs\u00eal \u00ear\u00ee\u015f\u00ean dewleta Tirk nirxand \u00fb got: &#8220;\u00cari\u015f\u00ean dewleta Tirk a dagirker \u00fb \u00e7etey\u00ean w\u00ea li ser her\u00eam\u00ean Bak\u00fbr-Rojhilat\u00ea S\u00fbriy\u00ea, her der hate talankirin \u00fb w\u00earan kirin, ev yek di gel\u00ean ku di hundir bajar\u00ean dagirkir\u00ee de mane bandoreke ney\u00een\u00ee da avakirin.&#8221;<\/p>\n<p>R\u00fbs\u00eal Mehm\u00fbd, behsa berxwedaniya ji mil\u00ea \u015fervan\u00ean QSD-YPJ&#8217;\u00ea de hatiye kirin \u00fb wisa got: &#8220;Me wek \u015fervan\u00ean QSD-YPJ&#8217;\u00ea di eniyan de heya daw\u00ee li ber xwe da \u00fb me tesl\u00eemiyet qeb\u00fbl nekir, her wiha gelek qehreman derketin \u00fb gih\u00ee\u015ftin asta \u015fehadet\u00ea. Me ev r\u00eaheval\u00ean xwey\u00ee h\u00eaja ji bo parastina axa xwe \u00fb gel\u00ea xwe y\u00ea ku dagirkeriy\u00ea qeb\u00fbl nakin dan \u00fb ji bo em karibin lay\u00eeq\u00ee axa welat\u00ea xwe bin.&#8221;<\/p>\n<p>Endama mecl\u00eesa le\u015fker\u00ee R\u00fbs\u00eal got: &#8220;Em wek gel\u00ea Ereb ti car\u00ee dagirkeriya Osmaniyan qeb\u00fbl nakin. Em dizanin di derbar\u00ea dagirkeriya Osmaniyan de d\u00eerok\u00ea \u00e7i gotiye, ji ber w\u00ea j\u00ee niha di hundir bajar\u00ea Gir\u00ea Sp\u00ee de gel nikare pirgir\u00eak\u00ean xwe y\u00ean her\u00ee bi\u00e7\u00fbk j\u00ee \u00e7areser bikin. Gel niha li dij\u00ee v\u00ea dagirkeriy\u00ea derdikeve \u00fb biryara me ji biryara gel\u00ea me ye.&#8221;<\/p>\n<p>R\u00fbs\u00eal Mehm\u00fbd, behsa berxwedaniya gel \u00fb \u015fervanan kir \u00fb got: &#8220;Em weke Yek\u00eeney\u00ean Parastina Jin\u00ea biryara me biryara gel b\u00fb, ji bo gel\u00ea xwe me li ber xwe da \u00fb di heman dem\u00ea de gel\u00ea me j\u00ee li ber xwe da, gav bi gav em bi gel\u00ea xwe re b\u00fbn. Me di eniy\u00ean her\u00ee p\u00ea\u015f de cih girt.\u201d<\/p>\n<p>Endama mecl\u00eesa le\u015fker\u00ee R\u00fbs\u00eal di daw\u00ee de bangewaz\u00ee \u00fb daxwaza xwe ziman \u00fb got; &#8220;Bangewaz\u00ee \u00fb daxweza me ji bo jin\u00ean ku \u00ea\u015fa ji \u00e7etey\u00ean DAI\u015e&#8217;\u00ea d\u00eetine \u00fb bi rastiy\u00ea re r\u00fb bi r\u00fb mane, rabin ser piyan. Bibin xwed\u00ee \u00eerade, h\u00eaza \u00e7alakiy\u00ean dij\u00ee dagirkeriy\u00ea. Ji ber ev dem dema serhildana jin\u00ea ye, pi\u015ft\u00ee jin\u00ea cih\u00ea xwe di hem\u00fb saziy\u00ean civak\u00ee, siyas\u00ee, diplomas\u00ee \u00fb le\u015fker\u00ee de girt \u00fb b\u00fb xwed\u00ee \u00eerade, p\u00eaw\u00eeste qeb\u00fbl neke carek din ev maf j\u00ea were girtin.&#8221;<\/p>\n<p><strong>Navenda Ragihandin \u00fb \u00c7apemeniya YPJ<\/strong><\/p>\n","protected":false},"excerpt":{"rendered":"<p>\u00a0 \u00a0\u00a0 Endama mecl\u00eesa le\u015fker\u00ee ya Gir\u00ea Sp\u00ee R\u00fbs\u00eal Mehm\u00fbd di derbar\u00ea helwesta gel\u00ea Gir\u00ea Sp\u00ee ya beriya \u00eari\u015f\u00ean dewleta Tirk de axiv\u00ee \u00fb wiha got: &#8220;Beriya \u00eari\u015f\u00ean dewleta Tirk ya li ser bajar\u00ea Gir\u00ea Sp\u00ee rew\u015fa gel\u00ea me li Gir\u00ea Sp\u00ee gelek ba\u015f b\u00fb. Bi taybet di pergala r\u00eaveberiya xweser \u00fb mecl\u00eesa le\u015fker\u00ee de, [&hellip;]<\/p>\n","protected":false},"author":1,"featured_media":13477,"comment_status":"closed","ping_status":"closed","sticky":false,"template":"","format":"standard","meta":{"footnotes":""},"categories":[38],"tags":[],"class_list":{"0":"post-10598","1":"post","2":"type-post","3":"status-publish","4":"format-standard","5":"has-post-thumbnail","7":"category-nuce"},"_links":{"self":[{"href":"https:\/\/ypjrojava.net\/index.php?rest_route=\/wp\/v2\/posts\/10598","targetHints":{"allow":["GET"]}}],"collection":[{"href":"https:\/\/ypjrojava.net\/index.php?rest_route=\/wp\/v2\/posts"}],"about":[{"href":"https:\/\/ypjrojava.net\/index.php?rest_route=\/wp\/v2\/types\/post"}],"author":[{"embeddable":true,"href":"https:\/\/ypjrojava.net\/index.php?rest_route=\/wp\/v2\/users\/1"}],"replies":[{"embeddable":true,"href":"https:\/\/ypjrojava.net\/index.php?rest_route=%2Fwp%2Fv2%2Fcomments&post=10598"}],"version-history":[{"count":1,"href":"https:\/\/ypjrojava.net\/index.php?rest_route=\/wp\/v2\/posts\/10598\/revisions"}],"predecessor-version":[{"id":10600,"href":"https:\/\/ypjrojava.net\/index.php?rest_route=\/wp\/v2\/posts\/10598\/revisions\/10600"}],"wp:featuredmedia":[{"embeddable":true,"href":"https:\/\/ypjrojava.net\/index.php?rest_route=\/wp\/v2\/media\/13477"}],"wp:attachment":[{"href":"https:\/\/ypjrojava.net\/index.php?rest_route=%2Fwp%2Fv2%2Fmedia&parent=10598"}],"wp:term":[{"taxonomy":"category","embeddable":true,"href":"https:\/\/ypjrojava.net\/index.php?rest_route=%2Fwp%2Fv2%2Fcategories&post=10598"},{"taxonomy":"post_tag","embeddable":true,"href":"https:\/\/ypjrojava.net\/index.php?rest_route=%2Fwp%2Fv2%2Ftags&post=10598"}],"curies":[{"name":"wp","href":"https:\/\/api.w.org\/{rel}","templated":true}]}}