{"id":10604,"date":"2020-02-27T21:04:25","date_gmt":"2020-02-27T21:04:25","guid":{"rendered":"https:\/\/ypjrojava.net\/?p=10604"},"modified":"2022-06-18T13:52:03","modified_gmt":"2022-06-18T13:52:03","slug":"xwin-da-can-da-u-evin-da-welat","status":"publish","type":"post","link":"https:\/\/ypjrojava.net\/?p=10604","title":{"rendered":"XWIN DA, CAN DA \u00db EV\u00ceN DA WELAT"},"content":{"rendered":"<p class=\"MsoNormal\" dir=\"LTR\" style=\"text-align: justify; direction: ltr; unicode-bidi: embed;\"><span style=\"font-family: 'Times New Roman', serif; text-transform: initial;\">Du deryay\u00ean p\u00eal aram b\u00fbn, Du lehiy\u00ean ji ev\u00een\u00ea b\u00fbn, du st\u00eark\u00ean ji find b\u00fbn \u00e7av\u00ean w\u00ea. Ew \u00e7av\u00ean w\u00ea y\u00ea re\u015f \u00fb belek asoy\u00ean b\u00ea s\u00eenor b\u00fbn. Ew \u00e7av\u00ean w\u00ea y\u00ea re\u015f \u00fb belek azmanek\u00ee \u00e7iksayb\u00fb, h\u00eav\u00ee \u00fb ron\u00ee b\u00fbn. \u00c7av\u00ean w\u00ea c\u00eehanek\u00ee pir reng b\u00fb. Ew j\u00ee rengek ji reng\u00ean Koban\u00ee b\u00fb, rengek ji heb\u00fbna jin\u00ea b\u00fb. Ew dengek ji dengvedana ciwanan \u00fb rastiya jin\u00ea b\u00fb.<\/span><\/p>\n<p class=\"MsoNormal\" dir=\"LTR\" style=\"text-align: justify; direction: ltr; unicode-bidi: embed;\"><span style=\"font-family: 'Times New Roman','serif'; mso-ascii-theme-font: major-bidi; mso-hansi-theme-font: major-bidi; mso-bidi-theme-font: major-bidi;\">Xw\u00eenda Zaxros yek ji cangoriy\u00ean azadiy\u00ea ku di berxwedana r\u00fbmet\u00ea, berxwedana Koban\u00ee de can\u00ea xwe feda\u00ee doza mirovahiy\u00ea kirib\u00fb. H\u00een \u00e7end meh nebib\u00fbn ku ew \u00fb xw\u00ee\u015fka xwe Sonda tevl\u00ee nava ref\u00ean YPJ bib\u00fbn. \u00car\u00ee\u015f\u00ee \u00e7etey\u00ean DA\u00ce\u015e li ser heb\u00fbn,r\u00fbmet \u00fb jiyan\u00ea li Kobaniy\u00ea dijwar bib\u00fb. L\u00ea ew xende b\u00fb bi roxm\u00ee hem\u00fb \u00ea\u015f \u00fb azar, xende b\u00fb bi roxm\u00ee hem\u00fb zor \u00fb zehmet\u00ee. Xw\u00eenda zaxros xw\u00een da, ev\u00een da \u00fb can da welat.<\/span><\/p>\n<p class=\"MsoNormal\" dir=\"LTR\" style=\"text-align: justify; direction: ltr; unicode-bidi: embed;\"><span style=\"font-family: 'Times New Roman','serif'; mso-ascii-theme-font: major-bidi; mso-hansi-theme-font: major-bidi; mso-bidi-theme-font: major-bidi;\">Ke\u00e7a \u00e7eleng h\u00eena z\u00eade f\u00ear\u00ee ezm\u00fbn\u00ean \u015fer ne b\u00fbb\u00fb \u00fb kete nava \u015ferk\u00ee giran, l\u00ea ew z\u00fb f\u00ear\u00ee jiyana \u015fervantiy bib\u00fb. Her gavek\u00ee w\u00ea di jiyana \u015fervantiy\u00ea de gav\u00ean bi wate b\u00fbn, ji ber ku jiyana azad hedef digirt. W\u00ea tu \u00e7ar\u00ee nikanib\u00fb bihiziriya ku w\u00ea gel\u00ea Kurd li koban\u00ee di bin neyr\u00ee tar\u00eeperstan de jiyan bike. \u00c7i ji dest\u00ea w\u00ea dihat dikir. Li bajar\u00ea w\u00ea ceng giran b\u00fb. \u015eer \u015fer\u00ea r\u00fbmet\u00ea b\u00fb. Ew j\u00ee ka\u00e7a v\u00ee bajar\u00ee b\u00fb berxwed\u00ear \u00fb serhild\u00ear b\u00fb. Mil\u00ea xwe da heval\u00ean xwe \u00fb bi wan ra destan\u00ean berxwedaniy\u00ea x\u00eez kirin. Ji her mil\u00ee li ser wan de agir dibar\u00ee. \u00c7av\u00ean c\u00eehan\u00ea hem\u00fb li ser wan b\u00fb. Her kes matmay\u00ee mab\u00fb ev ciwan w\u00ea li hember v\u00ee dijmin\u00ee dirinde li berxwebidin, ew \u00ea \u00e7awa di nava w\u00ee agir\u00ee de jiyan bikin. L\u00ea w\u00eaneya \u015fervanan ji c\u00eehan\u00ea re r\u00fbliken \u00fb avsanew\u00ee belav dib\u00fb. Xw\u00eenda j\u00ee \u015fervanek\u00ee r\u00fb li kenb\u00fb. Xenda li ser l\u00eav\u00ean w\u00ea tu car nedi\u00e7ilmis\u00ee. Ew j\u00ee weke hem\u00fb heval\u00ean xwe y\u00ea berxwed\u00ear bi r\u00fbkeniya xwe ya di nava w\u00ee \u015fer\u00ee giran de dunya matmay\u00ee h\u00ee\u015ft. R\u00fbkeniya wan serhildanek b\u00fb li hemer her kes\u00ean ku dixwazin jiyan\u00ea li mirvahiy\u00ea tar\u00ee bikin.<\/span><\/p>\n<p class=\"MsoNormal\" dir=\"LTR\" style=\"text-align: justify; direction: ltr; unicode-bidi: embed;\"><span style=\"font-family: 'Times New Roman','serif'; mso-ascii-theme-font: major-bidi; mso-hansi-theme-font: major-bidi; mso-bidi-theme-font: major-bidi;\">Xwinda di dema \u015fer\u00ea giranda pir bi lebat b\u00fb. \u00c7i kar dikete pi\u015fiya w\u00ee dikir. H\u00een tiliy\u00ean w\u00ea y\u00ea nar\u00een f\u00ear\u00ee rakirina giraniy\u00ea nebib\u00fb l\u00ea w\u00ea ceka xwe ji dest\u00ea xwe danedian\u00ee. \u00c7eqas l\u00ea dihat, ew \u00fb \u00e7eka xwe bib\u00fbn w\u00eaneyek ji ciwaniy\u00ea. Ew kuda bi\u00e7iya diket m\u00eaj\u00ee \u00fb dil\u00ea hevalan. Ne gengaz b\u00fb ku hevalek ew ke\u00e7a esmer \u00fb xw\u00een \u015f\u00eer\u00een ji b\u00eer bike. bi nar\u00een\u00ee tevdigeriya bi nar\u00een\u00ee meyzey\u00ee heval\u00ean xwe dikir. Li k\u00ealeka nar\u00eeniya xwe j\u00ee ewqas bi w\u00earek b\u00fb. Ew li hember dijminek\u00ee ku art\u00ea\u015f\u00ean mezin y\u00ean xud\u00ee hem\u00fb \u00e7ek\u00ean giran li hember\u00ee nikanib\u00fbn rawestin \u015fer dikir.<\/span><\/p>\n<p class=\"MsoNormal\" dir=\"LTR\" style=\"text-align: justify; direction: ltr; unicode-bidi: embed;\"><span style=\"font-family: 'Times New Roman','serif'; mso-ascii-theme-font: major-bidi; mso-hansi-theme-font: major-bidi; mso-bidi-theme-font: major-bidi;\"><span style=\"mso-spacerun: yes;\">\u00a0<\/span>Xw\u00eenda bi saat\u00ean dir\u00eaj bi tena ser\u00ea xwe li gel hevalek\u00ee xwe y\u00ea ku \u015feh\u00eed ketib\u00fb dim\u00eene. Dijmin dora w\u00ea p\u00ea\u00e7ab\u00fb, l\u00ea w\u00ea heval\u00ea xwe y\u00ea \u015feh\u00eed bi c\u00ee neh\u00ee\u015ft ta ku heval hatin \u00fb heval\u00ea \u015feh\u00eed ji wir birin. Xw\u00eenda tu car nehizir\u00ee ku heval\u00ea xwe y\u00ea \u015feh\u00eed bi cih bih\u00eal\u00ea. ne ezm\u00fbn\u00ean w\u00ea y\u00ea \u015fer z\u00eade heb\u00fb, ne \u00e7ek\u00ean giran li gel w\u00ea heb\u00fb, bi ten\u00ea w\u00earek\u00ee \u00fb gir\u00eadana doz\u00ea gir\u00eadana hevalt\u00ee li gel w\u00ea k\u00fbr \u00fb dijwar b\u00fb. Li hember\u00ee Xw\u00eenda j\u00ee dijminek\u00ee ku ji seriya qot dikie, tecawiz dike, ji mirvahiy\u00ea tu nes\u00eeb negirtiye heb\u00fb. Dijminek\u00ee ku art\u00ea\u015f\u00ean mezin bi \u00e7ek \u00fb cebilxan lerizandiye \u00fb tesl\u00eem wergirtiye heb\u00fb. L\u00ea Xw\u00eenda ke\u00e7a nar\u00een, \u015fervana n\u00fb bi cesaret di nava agir\u00ean dijwar de li berxweda. Ew jina bi r\u00fbmet tu car ji \u00e7etey\u00ean DA\u00ce\u015e netirsiya. Ew j\u00ee weke heval\u00ean xwe digot: \u201cmirin ji kurde t\u00ea bira were, r\u00fbmeta me li ser her ti\u015ft\u00eeraye. Ya jiyanek bi b\u00fbmet ya mirin\u201d. W\u00ea wiha j\u00ee ji raya gi\u015ft\u00ee re digot: &#8220;em \u00eero li dij\u00ee \u00e7etey\u00ean DA\u00ce\u015e \u015fer dikin. \u00c7eteyan wer difikir\u00een ku em \u00ea binbikivin \u00fb radest\u00ee wan bibin. L\u00ea ne wisaye em serdikevin. Em \u00ea li berxwebidin, em \u00ea bixw\u00eena xwe \u00fb bican\u00ea xwe li berxwebidin. \u00cero em weke h\u00eaz\u00ean parastina gel \u00fb h\u00eaz\u00ean parastina jin, parastina hem\u00fb gelan dikin ji ber ku \u00e7etey\u00ean DA\u00ce\u015e \u00ea dijmin\u00ea hem\u00fb gelanin. P\u00eaw\u00eeste hem\u00fb gel\u00ean azad\u00ee xwaz werin \u00fb pi\u015fgiriya me bikin. Em bi kila\u015finkofa di dest\u00ea xwe da \u015fer \u00ea dijiminek\u00ee ku xud\u00ee hem\u00fb derfet\u00ean \u00e7ek\u00ean kirin dikin. D\u00eesan em biserdikivin. Dema ku \u00c7ete dib\u00eajin alah\u00fb akber ew difikirin ku em \u00ea bitirsin \u00fb radest\u00ee wan bibin. Ber\u00fbvaj\u00ee em h\u00een h\u00eaz dikirin.<\/span><span lang=\"TR\" style=\"font-family: 'Times New Roman','serif'; mso-ascii-theme-font: major-bidi; mso-hansi-theme-font: major-bidi; mso-bidi-theme-font: major-bidi; mso-ansi-language: TR;\">&#8220;<\/span><\/p>\n<p class=\"MsoNormal\" dir=\"LTR\" style=\"text-align: justify; direction: ltr; unicode-bidi: embed;\"><span style=\"font-family: 'Times New Roman','serif'; mso-ascii-theme-font: major-bidi; mso-hansi-theme-font: major-bidi; mso-bidi-theme-font: major-bidi;\">Xw\u00eenda \u015fopdar\u00ea riya heq\u00eeqet\u00ea b\u00fb. W\u00ea qala w\u00ea \u015fopdariy\u00ea ne dikir, l\u00ea tevah\u00ee jiyana w\u00ea, n\u00eazkatiy\u00ean w\u00ea y\u00ea di <span style=\"mso-spacerun: yes;\">\u00a0<\/span>nava jiyan\u00ea de, \u015f\u00eeroveya v\u00ea rastiy\u00ea b\u00fb. K\u00eam diaxif\u00ee, l\u00ea gelek kar dikir. Dara w\u00ea y\u00ea jiyan\u00ea n\u00fb \u00e7\u00ee\u00e7ek vedikir. Ew j\u00ee weke \u00e7\u00ee\u00e7ekek\u00ea vedib\u00fb. \u015eore\u015f her dem ew dik\u015fand nava xwe ew j\u00ee bi her gavek\u00ee xwe ra \u015fore\u015fek ava dikir.<\/span><\/p>\n<p class=\"MsoNormal\" dir=\"LTR\" style=\"text-align: justify; direction: ltr; unicode-bidi: embed;\"><span style=\"font-family: 'Times New Roman','serif'; mso-ascii-theme-font: major-bidi; mso-hansi-theme-font: major-bidi; mso-bidi-theme-font: major-bidi;\"><span style=\"mso-spacerun: yes;\">\u00a0<\/span>Berxwedana Koban\u00ea h\u00eem\u00ean \u015fore\u015fa rojava diprast. \u00c7eteyan dixwastin bi xistina Koban\u00ee hem\u00fb rojava bibin bix\u00eenin. Her wiha dixastin ji c\u00eehan\u00ea re b\u00eajin: \u201cvaye berxwed\u00ear\u00ean her\u00ee mezin nikanib\u00fbn li hember min rawestin. \u00cad\u00ee tu kes xwe necerib\u00eene ev c\u00eehan \u00ea bibe ya min.\u201d L\u00ea bel\u00ea \u015fervan\u00ean YPG \u00fb YPJ parastina mirovahiy\u00ea kirin. Xw\u00eena xwe dan can\u00ea xwe dan ji bo k\u00fb mirovah\u00ee li ser piyan bim\u00eene. Xw\u00eenda Zaxros bi heval\u00ean xwe ra \u015fahidiya rizgarkirina bajar\u00ea kobaniy\u00ea kir. Gelek k\u00eafxwe\u015f b\u00fb, c\u00eehan t\u00eare k\u00eafxwa\u015fiya w\u00ea ne dikir. Dixwast w\u00ea roj\u00ea li ser azman\u00ea bajar\u00ea Koban\u00ee bifire ta ku her der\u00ea Koban\u00ce bib\u00eene. Bi heval\u00ean xwe ra hilki\u015fiya ser ka\u015f\u00ea Mi\u015ften\u00fbr \u00fb bi wan \u00e7av\u00ean xwe y\u00ea xwe\u015fik li bajar\u00ea rizgar kir\u00ee tame\u015fekir. Bajar hat rizgar kirin, l\u00ea li p\u00ea\u015fiya wan gelek gund\u00ean Koban\u00ee ma b\u00fb. Bi v\u00ee awah\u00ee hevala xw\u00eenda ber\u00ea xwe da gund\u00ean ku dikeve rojhelat\u00ea Koban\u00ea.<\/span><\/p>\n<p class=\"MsoNormal\" dir=\"LTR\" style=\"text-align: justify; direction: ltr; unicode-bidi: embed;\"><span style=\"font-family: 'Times New Roman','serif'; mso-ascii-theme-font: major-bidi; mso-hansi-theme-font: major-bidi; mso-bidi-theme-font: major-bidi;\">\u015eervan\u00ean YPJ \u00fb YPG gund bi gund ji dest\u00ea \u00e7etey\u00ean DA\u00ce\u015e derxistin. Xw\u00eenda j\u00ee di dema rizgar kirina gund\u00ea Solan\u00ea b\u00fb \u015fitlek ji \u015fitl\u00ea Kurdistan\u00ea. B\u00fb toximek \u00fb di nava axa Koban\u00ee da hat \u00e7andin. B\u00fb toximek dak\u00fb welat bi rengan bixemile.<\/span><\/p>\n<p dir=\"LTR\"><strong>Ava\u015f\u00een Koban\u00ea<\/strong><\/p>\n<p class=\"MsoNormal\" dir=\"LTR\" style=\"text-align: justify; direction: ltr; unicode-bidi: embed;\"><span style=\"mso-spacerun: yes;\">\u00a0 <\/span><\/p>\n<p class=\"MsoNormal\" dir=\"LTR\" style=\"text-align: justify; direction: ltr; unicode-bidi: embed;\"><span style=\"mso-spacerun: yes;\">\u00a0<\/span><\/p>\n","protected":false},"excerpt":{"rendered":"<p>Du deryay\u00ean p\u00eal aram b\u00fbn, Du lehiy\u00ean ji ev\u00een\u00ea b\u00fbn, du st\u00eark\u00ean ji find b\u00fbn \u00e7av\u00ean w\u00ea. Ew \u00e7av\u00ean w\u00ea y\u00ea re\u015f \u00fb belek asoy\u00ean b\u00ea s\u00eenor b\u00fbn. Ew \u00e7av\u00ean w\u00ea y\u00ea re\u015f \u00fb belek azmanek\u00ee \u00e7iksayb\u00fb, h\u00eav\u00ee \u00fb ron\u00ee b\u00fbn. \u00c7av\u00ean w\u00ea c\u00eehanek\u00ee pir reng b\u00fb. Ew j\u00ee rengek ji reng\u00ean Koban\u00ee b\u00fb, rengek [&hellip;]<\/p>\n","protected":false},"author":1,"featured_media":13333,"comment_status":"closed","ping_status":"closed","sticky":false,"template":"","format":"standard","meta":{"footnotes":""},"categories":[38],"tags":[],"class_list":{"0":"post-10604","1":"post","2":"type-post","3":"status-publish","4":"format-standard","5":"has-post-thumbnail","7":"category-nuce"},"_links":{"self":[{"href":"https:\/\/ypjrojava.net\/index.php?rest_route=\/wp\/v2\/posts\/10604","targetHints":{"allow":["GET"]}}],"collection":[{"href":"https:\/\/ypjrojava.net\/index.php?rest_route=\/wp\/v2\/posts"}],"about":[{"href":"https:\/\/ypjrojava.net\/index.php?rest_route=\/wp\/v2\/types\/post"}],"author":[{"embeddable":true,"href":"https:\/\/ypjrojava.net\/index.php?rest_route=\/wp\/v2\/users\/1"}],"replies":[{"embeddable":true,"href":"https:\/\/ypjrojava.net\/index.php?rest_route=%2Fwp%2Fv2%2Fcomments&post=10604"}],"version-history":[{"count":3,"href":"https:\/\/ypjrojava.net\/index.php?rest_route=\/wp\/v2\/posts\/10604\/revisions"}],"predecessor-version":[{"id":13331,"href":"https:\/\/ypjrojava.net\/index.php?rest_route=\/wp\/v2\/posts\/10604\/revisions\/13331"}],"wp:featuredmedia":[{"embeddable":true,"href":"https:\/\/ypjrojava.net\/index.php?rest_route=\/wp\/v2\/media\/13333"}],"wp:attachment":[{"href":"https:\/\/ypjrojava.net\/index.php?rest_route=%2Fwp%2Fv2%2Fmedia&parent=10604"}],"wp:term":[{"taxonomy":"category","embeddable":true,"href":"https:\/\/ypjrojava.net\/index.php?rest_route=%2Fwp%2Fv2%2Fcategories&post=10604"},{"taxonomy":"post_tag","embeddable":true,"href":"https:\/\/ypjrojava.net\/index.php?rest_route=%2Fwp%2Fv2%2Ftags&post=10604"}],"curies":[{"name":"wp","href":"https:\/\/api.w.org\/{rel}","templated":true}]}}