{"id":10625,"date":"2020-03-05T19:33:43","date_gmt":"2020-03-05T19:33:43","guid":{"rendered":"https:\/\/ypjrojava.net\/?p=10625"},"modified":"2022-06-16T15:00:00","modified_gmt":"2022-06-16T15:00:00","slug":"ji-hevreyen-azadiye-u-berxwederen-ronahiyen-serdeme-re","status":"publish","type":"post","link":"https:\/\/ypjrojava.net\/?p=10625","title":{"rendered":"\u201cJi Hevr\u00eay\u00ean Azadiy\u00ea \u00fb Berxwed\u00ear\u00ean Ronahiy\u00ean Serdem\u00ea Re\u201d"},"content":{"rendered":"<p>Navenda ragihandina YPJ\u2019\u00ea bi boneya 8\u2019\u00ea Adar\u00ea nameyek li ser nav\u00ea tevah\u00ee \u015fervan\u00ean YPJ\u2019\u00ea ji bernameya T\u00eer\u00eaj\u00ean Roj\u00ea ya d\u00eel\u00ean azadiy\u00ea y\u00ean li girt\u00eegeh\u00ean Bak\u00fbr\u00ea Kurdistan\u00ea, Tirkiy\u00ea \u00fb par\u00e7ey\u00ean din Kurdistan\u00ea re \u015fandin \u00fb wiha gotin;<strong> \u201cEm di c\u00eehaneke teko\u015f\u00een\u00ea ya pir mezin de jiyan dikin, ger em v\u00ea c\u00eehana mezin ya teko\u015f\u00een\u00ea bi ser bixin w\u00ea mirovah\u00ee li hember\u00ee tar\u00eetiya h\u00eaz\u00ean serdest bi ser bikeve.\u201d \u00a0\u00a0\u00a0<\/strong><\/p>\n<p>Bi rih\u00ea berxwed\u00ear\u00ean jin\u00ean teko\u015f\u00eenvan, y\u00ean ku di her biharek\u00ea de hest\u00ean xwe dikin tov \u00fb dire\u015f\u00eenin li ser xaka p\u00eeroz, li ser welat\u00ea ku tama azadiy\u00ea, tama \u015fore\u015fa mirovahiy\u00ea diyar\u00ee tevah\u00ee jin\u00ean c\u00eehan\u00ea kiriye, em we d\u00eel\u00ean azadiy\u00ea bi b\u00ear\u00eekirin\u00ean b\u00ea daw\u00ee silav dikin.<\/p>\n<p>Bi bedewiya rih\u00ea Hevr\u00een, bi rih\u00ea kedkara jiyan\u00ea day\u00ea Eq\u00eede, bi rih\u00ea \u015ferker y\u00ea Amara, em ji welat\u00ea ku di navbera \u00e7em\u00ea Firat\u00ea \u00fb Dijley\u00ea de careke din jiyan l\u00ea t\u00ea xwe\u015fik-kirin, ge\u015fkirin bihara ku welat\u00ea me her sal reng\u00eentir dike diyar\u00ee we hevr\u00eay\u00ean azadiy\u00ea dikin. Em ji niha de roja 8\u2019\u00ea Adar\u00ea roja jin\u00ean kedkar\u00ea c\u00eehan\u00ea \u00fb roja Newroza gel\u00ean mezopotamiya y\u00ea li we hem\u00fbyan p\u00eeroz dikin. Ji R\u00eaber\u00ea gelan, mamostey\u00ea jiyana azad, xwediy\u00ea fikir \u00fb felsefeya heb\u00fbn \u00fb nasnemeya mirovahiy\u00ea R\u00eaber APO, bi b\u00ear\u00eekirin\u00ean b\u00ea daw\u00ee em silav\u00ean xwe \u00fb heskirin\u00ean xwe ji welat\u00ea roj\u00ea heya Imraliy\u00ea di\u015f\u00eenin.<\/p>\n<p><strong>\u201cEm dizanin we b\u00eariya bihar\u00ean welat\u00ea xwe kiriye\u201d<\/strong><\/p>\n<p>Bel\u00ea, em dizanin \u00fb di v\u00ea k\u00ealiy\u00ea de h\u00ees dikin we \u00e7iqas b\u00eariya bihar\u00ean welat\u00ea xwe kiriye. Em dema van hevokan dinivis\u00eenin ev hest ji k\u00fbr de me di\u00ea\u015f\u00eene. L\u00ea em dizanin ku we bi berxwedaniya xwe ya b\u00eahempa li hember\u00ee m\u00eat\u00eengeriya dijminek\u00ee weke dewleta Tirk y\u00ea xedar di fikir \u00fb hest\u00ean xwe de bi hezaran bihar\u00ean reng\u00een \u00fb xwe\u015fik avakirine. Ev j\u00ee me k\u00eayfxwe\u015f dike heval\u00ean bi r\u00fbmet. Em bi h\u00eav\u00eene rew\u015fa we tevan hem di war\u00ea manew\u00ee \u00fb hem j\u00ee di war\u00ee tendurist\u00ee de ba\u015f be. Hun pir caran dibin m\u00eavan\u00ean jiyana me, her \u00e7iqas em fiz\u00eek\u00ee ne li gel hev bin j\u00ee l\u00ea jiyana me teko\u015f\u00een\u00ea her k\u00ealiy\u00ea me t\u00eene gel hev.<\/p>\n<p><strong>\u201cMe jiyaneke her\u00ee zor \u00fb \u015ferek\u00ee her\u00ee xedar hilbijartiye<\/strong>\u201d<\/p>\n<p>Em bawerin ku hun bi derfet\u00ean k\u00eam be j\u00ee rew\u015fa li Kurdistan\u00ea t\u00ea jiyankirin j\u00ea agahdar dibin. \u015eore\u015fa Rojava \u00ead\u00ee b\u00fbye deriy\u00ea vekirina \u015fore\u015fa Kurdistan\u00ea. Bi zaneb\u00fbna v\u00ea rastiy\u00ea teko\u015f\u00een me\u015fandin b\u00ea guman h\u00eazek fikr\u00ee ya pir mezin t\u00ea xwestin. Em her \u015fervaneke YPJ\u2019\u00ea ji bo v\u00ea zaneb\u00fbn\u00ea ava bikin, xwe bigh\u00eenin rastiya rih\u00ea Zekiya, Sema, Ronah\u00ee, B\u00ear\u00eevan, Mazlum, Fikr\u00ee, Av\u00easta, \u00celan, Bar\u00een, Hevr\u00een, Amara \u00fb Day\u00ea Eq\u00eede teko\u015f\u00een \u00fb biryardariya xwe her k\u00ealiy\u00ea n\u00fb dikin. Me li ser v\u00ea xaka p\u00eeroz bi hezaran r\u00eaheval\u00ean giranbuha winda kirin h\u00eena j\u00ee em \u015feh\u00eed didin. \u00cad\u00ee li ser her bihustek\u00ee v\u00ea xak\u00ea rih\u00ea \u015feh\u00eed\u00ean azadiy\u00ea hatiye neqi\u015fandin \u00fb l\u00ea t\u00ea gerandin. Em ji bo welat\u00ea xwe azad bikin \u00fb bigh\u00eenin nasnemeya xwe mirovb\u00fby\u00een\u00ea me jiyaneke her\u00ee zor \u00fb \u015ferek\u00ee her\u00ee xedar hilbijartiye j\u00eaveger w\u00ea bibe windahiya tevah\u00ee mirovahiy\u00ea. Ji bo w\u00ea teko\u015f\u00eena me di oxira jiyaneke mezin de t\u00ea day\u00een em weke her jineke Kurd ji v\u00ea rastiy\u00ea gelek k\u00eayfxwe\u015f in. Em bi v\u00ea rastiy\u00ea \u00eero bersiva jin\u00ean ku di roja 8\u2019\u00ea Adar\u00ea de bedena xwe kirine xwal\u00ee didin. Em bi v\u00ea rastiy\u00ea \u00eero bersiva hem\u00fb \u00eari\u015f \u00fb m\u00eat\u00eengeriya di d\u00eerok\u00ea de li ser jin hatiye p\u00ea\u015fxistin didin. Em di c\u00eehaneke teko\u015f\u00een\u00ea ya pir mezin de jiyan dikin, ger em v\u00ea c\u00eehana mezin ya teko\u015f\u00een\u00ea bi ser bixin w\u00ea mirovah\u00ee li hember\u00ee tar\u00eetiya ku h\u00eaz\u00ean serdest didin ferzkirin bi ser bikeve. Em weke jin ji v\u00ea teko\u015f\u00een\u00ea re duh amade b\u00fbn, \u00eero \u00fb sib\u00ea j\u00ee amade ne.<\/p>\n<p>Em bi v\u00ea b\u00eer \u00fb baweriy\u00ea bi hevre bihareke din ya tije teko\u015f\u00een \u00fb berxwedan p\u00ea\u015fwaz\u00ee dikin. Em d\u00eesa van roj\u00ean p\u00eeroz roja 8\u2019\u00ea Adar\u00ea \u00fb Newroz\u00ea li R\u00eaber APO, gel\u00ea mey\u00ee berxwed\u00ear, tevah\u00ee mirovahiy\u00ea, jin\u00ean teko\u015f\u00eener \u00fb li we hem\u00fb hevr\u00eay\u00ean azad p\u00eeroz dikin.<\/p>\n<p><strong>\u201cHevd\u00eetin\u00ean Di T\u00eer\u00eaj\u00ean Roj\u00ea de Ve\u015fart\u00ee ne\u201d\u00a0 <\/strong><\/p>\n<p><strong>Navenda Ragihandina YPJ\u2019\u00ea<\/strong><\/p>\n<p><strong>05.03.2020<\/strong><\/p>\n<p>&nbsp;<\/p>\n","protected":false},"excerpt":{"rendered":"<p>Navenda ragihandina YPJ\u2019\u00ea bi boneya 8\u2019\u00ea Adar\u00ea nameyek li ser nav\u00ea tevah\u00ee \u015fervan\u00ean YPJ\u2019\u00ea ji bernameya T\u00eer\u00eaj\u00ean Roj\u00ea ya d\u00eel\u00ean azadiy\u00ea y\u00ean li girt\u00eegeh\u00ean Bak\u00fbr\u00ea Kurdistan\u00ea, Tirkiy\u00ea \u00fb par\u00e7ey\u00ean din Kurdistan\u00ea re \u015fandin \u00fb wiha gotin; \u201cEm di c\u00eehaneke teko\u015f\u00een\u00ea ya pir mezin de jiyan dikin, ger em v\u00ea c\u00eehana mezin ya teko\u015f\u00een\u00ea bi ser [&hellip;]<\/p>\n","protected":false},"author":1,"featured_media":12795,"comment_status":"closed","ping_status":"closed","sticky":false,"template":"","format":"standard","meta":{"footnotes":""},"categories":[38],"tags":[],"class_list":{"0":"post-10625","1":"post","2":"type-post","3":"status-publish","4":"format-standard","5":"has-post-thumbnail","7":"category-nuce"},"_links":{"self":[{"href":"https:\/\/ypjrojava.net\/index.php?rest_route=\/wp\/v2\/posts\/10625","targetHints":{"allow":["GET"]}}],"collection":[{"href":"https:\/\/ypjrojava.net\/index.php?rest_route=\/wp\/v2\/posts"}],"about":[{"href":"https:\/\/ypjrojava.net\/index.php?rest_route=\/wp\/v2\/types\/post"}],"author":[{"embeddable":true,"href":"https:\/\/ypjrojava.net\/index.php?rest_route=\/wp\/v2\/users\/1"}],"replies":[{"embeddable":true,"href":"https:\/\/ypjrojava.net\/index.php?rest_route=%2Fwp%2Fv2%2Fcomments&post=10625"}],"version-history":[{"count":1,"href":"https:\/\/ypjrojava.net\/index.php?rest_route=\/wp\/v2\/posts\/10625\/revisions"}],"predecessor-version":[{"id":10627,"href":"https:\/\/ypjrojava.net\/index.php?rest_route=\/wp\/v2\/posts\/10625\/revisions\/10627"}],"wp:featuredmedia":[{"embeddable":true,"href":"https:\/\/ypjrojava.net\/index.php?rest_route=\/wp\/v2\/media\/12795"}],"wp:attachment":[{"href":"https:\/\/ypjrojava.net\/index.php?rest_route=%2Fwp%2Fv2%2Fmedia&parent=10625"}],"wp:term":[{"taxonomy":"category","embeddable":true,"href":"https:\/\/ypjrojava.net\/index.php?rest_route=%2Fwp%2Fv2%2Fcategories&post=10625"},{"taxonomy":"post_tag","embeddable":true,"href":"https:\/\/ypjrojava.net\/index.php?rest_route=%2Fwp%2Fv2%2Ftags&post=10625"}],"curies":[{"name":"wp","href":"https:\/\/api.w.org\/{rel}","templated":true}]}}