{"id":10635,"date":"2020-03-07T09:48:09","date_gmt":"2020-03-07T09:48:09","guid":{"rendered":"https:\/\/ypjrojava.net\/?p=10635"},"modified":"2022-06-19T15:43:35","modified_gmt":"2022-06-19T15:43:35","slug":"soresa-jine-we-bi-tekosin-u-parastina-cewheri-misoger-bibe","status":"publish","type":"post","link":"https:\/\/ypjrojava.net\/?p=10635","title":{"rendered":"\u015eore\u015fa Jin\u00ea W\u00ea Bi Teko\u015f\u00een \u00db Parastina Cewher\u00ee Misoger Bibe"},"content":{"rendered":"<p>Bi rih\u00ea berxwed\u00eariya jin\u00ean teko\u015f\u00eenvan, azad\u00eexwaz \u00fb l\u00eager\u00eenvan\u00ean xwed\u00ee b\u00eer, bawer\u00ee \u00fb h\u00eaviy\u00ean jiyana azad, em roja 8\u2019\u00ea Adar\u00ea li jin\u00ean c\u00eehan\u00ea, jin\u00ean rojhilata nav\u00een \u00fb tevah\u00ee jin\u00ean bak\u00fbr\u00ea-rojhilat\u00ea s\u00fbr\u00ee p\u00eeroz dikin. Di \u015fexs\u00ea tevah\u00ee \u015feh\u00eed\u00ean ku ji bo mirovahiy\u00ea asoya giyan\u00ean xwe kirin destan\u00ean lehengiy\u00ea bi b\u00eert\u00eenin. Li hember\u00ee giyana \u015feh\u00eedan em soz \u00fb biryardariya mezinkirina teko\u015f\u00een\u00ea n\u00fb dikin.<\/p>\n<p>Di d\u00eeroka mirovahiy\u00ea de, gelan \u00fb jin\u00ean azad\u00eexwaz her tim li hember\u00ee pergala serdest ya m\u00ear li ber xwe dane. Li hember\u00ee b\u00ea mafiy\u00ea, li hember\u00ee hi\u015fmendiya qirkirina \u00e7and\u00ee, ruh\u00ee, fikr\u00ee, beden\u00ee \u00fb dagirkirina welatan, jinan ser\u00ee hildaye \u00fb p\u00ea\u015fengiya teko\u015f\u00een\u00ea kiriye. Roja 8\u2019\u00ea Adar\u00ea li hember\u00ee b\u00ea maf\u00ee \u00fb feraseta ku jin\u00ea weke mak\u00eeneya karkirin\u00ea did\u00eet di sedsala 20. An de b\u00fb derketinek ji bo hem\u00fb jinan. Ev derketin bi teko\u015f\u00eena Clara \u00fb Rosayan hate manekirin \u00fb pi\u015ft\u00ee teko\u015f\u00eena bi salan hate day\u00een weke roja jin\u00ean c\u00eehan\u00ea t\u00ea pejirandin. Ji teko\u015f\u00eena Klara heya berxwedana Sarayan, di r\u00fbpel\u00ean d\u00eeroka teko\u015f\u00eena jinan de serdemek n\u00fb dest p\u00ea dike.<\/p>\n<p>Roja 8\u2019\u00ea Adar\u00ea, her sal bi teko\u015f\u00een \u00fb xwe r\u00eaxistinkirina jinan wateyek n\u00fb qezen\u00e7 dike. Bi \u015fore\u015fa rojava re, di encama ked, berd\u00eal \u00fb teko\u015f\u00eena 9 salan de, di p\u00ea\u015fengiya jin\u00ean ji hem\u00fb p\u00eakhatiy\u00ean li S\u00fbr\u00ee dij\u00een \u00a0destkeftiy\u00ean b\u00eahemba hatin avakirin. Em bi watekirina van destkeftiy\u00ean d\u00eerok\u00ee, 2020\u2019an bi dir\u00fb\u015fmeya teko\u015f\u00eena me azadiy\u00ea, berxwedana me serkeftine rih\u00ea 8\u2019\u00ea Adar\u00ea jiyan dikin. Li hember\u00ee tems\u00eelkar\u00ea her\u00ee zordest y\u00ea pergala m\u00ear \u00e7etey\u00ean DAI\u015e\u2019\u00ea berxwedaneke lehengiy\u00ea hate p\u00ea\u015fxistin. Li hember\u00ee fa\u015f\u00eezma dewleta Tirk, me li ser nav\u00ea tevah\u00ee jin\u00ean azad\u00eexwaz di Adara 2018\u2019an de berxwedana serdem\u00ea \u00fb di 2019\u2019an de bi berxwedana r\u00fbmet\u00ea \u00eesrara xwey\u00ee jiyana azad bersiv da hem\u00fb h\u00eaz\u00ean komploger. Bi sekna Av\u00easta ya feda\u00ee\u2019yane, bi rih\u00ea \u015fore\u015fger y\u00ea hevr\u00ea Ronah\u00ee, Z\u00een, Sara, Amara, Dilovan, bi dilw\u00earekiya Day\u00ea Eq\u00eede \u00fb tevah\u00ee day\u00eek\u00ean \u015feh\u00eedan, bi xwe\u015fikb\u00fbna rih\u00ea Hevr\u00eenan, me biryardariya teko\u015f\u00eena di oxira jiyana azad de wer\u00ea day\u00een n\u00fb kir.<\/p>\n<p>Di roja \u00eero de ji her dem\u00ea z\u00eadetir p\u00eaw\u00eestiya me bi mezinkirina teko\u015f\u00een\u00ea \u00fb k\u00fbrb\u00fbna xwe parastina cewher\u00ee heye. C\u00eehana em t\u00ea de dij\u00een h\u00eena ku\u015ftina jinan, tecewuzkirina jinan, revandina jinan \u00fb hwd din rewa dib\u00eene. Ji bo w\u00ea p\u00eaw\u00eeste hem\u00fb jin\u00ean ku v\u00ea rastiya tar\u00ee ya li ser jinan t\u00ea ferzkirin bib\u00eenin \u00fb bi rihek\u00ee hevgirt\u00ee teko\u015f\u00eena xwe hevpar bikin. \u00cero teko\u015f\u00eena jin li her qada dime\u015f\u00eene li ber \u00e7ava ye. Ev teko\u015f\u00een p\u00eaw\u00eeste ji aliy\u00ea jinan ve h\u00een bi awayek\u00ee girsey\u00ee were p\u00ea\u015fxistin. Em weke yek\u00eeney\u00ean parastina jin YPJ\u2019\u00ea Ji bo em \u015fore\u015fa jin misoger bikin \u00fb bi ser bixin em \u00ea 2020\u2019an teko\u015f\u00eena xwe h\u00een xurtir bikin.<\/p>\n<p>Li ser v\u00ea bingeh\u00ea em careke din roja 8\u2019\u00ea Adar\u00ea li tevah\u00ee jin\u00ean c\u00eehan\u00ea, rojhilata nav\u00een \u00fb tevah\u00ee jin\u00ean teko\u015f\u00eenvan y\u00ean di \u00e7eper\u00ean berxwedan\u00ea de li ber xwe didin p\u00eeroz dikin. Em b\u00eer \u00fb baweriya xwe ya bi serxistina \u015fore\u015fa jinan bi b\u00eer dixin.<\/p>\n<p><strong>Fermandariya Gi\u015ft\u00ee YPJ<\/strong><\/p>\n<p><strong>07.03.2020 \u00a0<\/strong><\/p>\n<p>&nbsp;<\/p>\n<p>&nbsp;<\/p>\n<p>&nbsp;<\/p>\n","protected":false},"excerpt":{"rendered":"<p>Bi rih\u00ea berxwed\u00eariya jin\u00ean teko\u015f\u00eenvan, azad\u00eexwaz \u00fb l\u00eager\u00eenvan\u00ean xwed\u00ee b\u00eer, bawer\u00ee \u00fb h\u00eaviy\u00ean jiyana azad, em roja 8\u2019\u00ea Adar\u00ea li jin\u00ean c\u00eehan\u00ea, jin\u00ean rojhilata nav\u00een \u00fb tevah\u00ee jin\u00ean bak\u00fbr\u00ea-rojhilat\u00ea s\u00fbr\u00ee p\u00eeroz dikin. Di \u015fexs\u00ea tevah\u00ee \u015feh\u00eed\u00ean ku ji bo mirovahiy\u00ea asoya giyan\u00ean xwe kirin destan\u00ean lehengiy\u00ea bi b\u00eert\u00eenin. Li hember\u00ee giyana \u015feh\u00eedan em soz \u00fb [&hellip;]<\/p>\n","protected":false},"author":1,"featured_media":13750,"comment_status":"closed","ping_status":"closed","sticky":false,"template":"","format":"standard","meta":{"footnotes":""},"categories":[39],"tags":[],"class_list":{"0":"post-10635","1":"post","2":"type-post","3":"status-publish","4":"format-standard","5":"has-post-thumbnail","7":"category-daxuyani"},"_links":{"self":[{"href":"https:\/\/ypjrojava.net\/index.php?rest_route=\/wp\/v2\/posts\/10635","targetHints":{"allow":["GET"]}}],"collection":[{"href":"https:\/\/ypjrojava.net\/index.php?rest_route=\/wp\/v2\/posts"}],"about":[{"href":"https:\/\/ypjrojava.net\/index.php?rest_route=\/wp\/v2\/types\/post"}],"author":[{"embeddable":true,"href":"https:\/\/ypjrojava.net\/index.php?rest_route=\/wp\/v2\/users\/1"}],"replies":[{"embeddable":true,"href":"https:\/\/ypjrojava.net\/index.php?rest_route=%2Fwp%2Fv2%2Fcomments&post=10635"}],"version-history":[{"count":1,"href":"https:\/\/ypjrojava.net\/index.php?rest_route=\/wp\/v2\/posts\/10635\/revisions"}],"predecessor-version":[{"id":10637,"href":"https:\/\/ypjrojava.net\/index.php?rest_route=\/wp\/v2\/posts\/10635\/revisions\/10637"}],"wp:featuredmedia":[{"embeddable":true,"href":"https:\/\/ypjrojava.net\/index.php?rest_route=\/wp\/v2\/media\/13750"}],"wp:attachment":[{"href":"https:\/\/ypjrojava.net\/index.php?rest_route=%2Fwp%2Fv2%2Fmedia&parent=10635"}],"wp:term":[{"taxonomy":"category","embeddable":true,"href":"https:\/\/ypjrojava.net\/index.php?rest_route=%2Fwp%2Fv2%2Fcategories&post=10635"},{"taxonomy":"post_tag","embeddable":true,"href":"https:\/\/ypjrojava.net\/index.php?rest_route=%2Fwp%2Fv2%2Ftags&post=10635"}],"curies":[{"name":"wp","href":"https:\/\/api.w.org\/{rel}","templated":true}]}}