{"id":10655,"date":"2020-03-09T11:52:55","date_gmt":"2020-03-09T11:52:55","guid":{"rendered":"https:\/\/ypjrojava.net\/?p=10655"},"modified":"2022-06-16T14:53:43","modified_gmt":"2022-06-16T14:53:43","slug":"adar-meheke-tije-berxwedan-u-tekosine","status":"publish","type":"post","link":"https:\/\/ypjrojava.net\/?p=10655","title":{"rendered":"ADAR Meheke Tije Berxwedan \u00fb T\u00eako\u015f\u00eene"},"content":{"rendered":"<p><strong><em>\u00a0<\/em><\/strong><\/p>\n<p>&nbsp;<\/p>\n<p><strong><em>Kurdistan Wa\u015fukan\u00ee. <\/em><\/strong><\/p>\n<p><em>Di v\u00ea p\u00eavajoya \u015fer\u00ea me y\u00ea li Rojava, Bak\u00fbr-Rojhilat\u00ea S\u00fbr\u00ee, di bingeh de me li hember dewlet\u00ean m\u00eat\u00eenger \u015fer dikir. Ji ber ku \u00e7etey\u00ean DA\u00ce\u015e\u2019\u00ea di ser\u00ee bi dest\u00ea dewleta Tirk \u00fb h\u00eaz\u00ean ku nedixwestin Kurd bibin xwed\u00ee stat\u00fb hatin perwerde kirin \u00fb destek kirin. Em weke h\u00eaz\u00ean QSD\u2019\u00ea YPJ\u2019\u00ea \u00fb YPG\u2019\u00ea em li hember sekin\u00een \u00fb me di aliy\u00ea erdn\u00eegar\u00ee de Da\u00ee\u015f tine kir. Ev tine kirina Da\u00ee\u015f\u2019\u00ea di nava qada navnetew\u00ee de j\u00ee hi\u015ft ku h\u00eaz\u00ean hey\u00ee hin hesaban ji bona QSD\u2019\u00ea \u00fb YPJ\u2019\u00ea bikin. <\/em><\/p>\n<p><em>\u015eer\u00ea me teko\u015f\u00eeneke bi reng\u00ea jin, bi fikir, bawer\u00ee \u00fb \u00eerade jin derxist hol\u00ea. Li beramber\u00ee v\u00ea rastiy\u00ea v\u00ea car\u00ea j\u00ee dewleta Tirk destkeftiy\u00ean gelan hedef girt \u00fb di Cotmeha 2019\u2019an de j\u00ee \u00ear\u00ee\u015f\u00ean xwe y\u00ean her\u00ee hovane dan destp\u00eakirin. Berxwedaniyeke ku bi tu away\u00ee w\u00ea ney\u00ea ji b\u00eer kirin hat me\u015fandin. Di xakeke ku \u015fervan ji bona gel\u00ea xwe gel ji bo \u015fervan\u00ean xwe \u00fb ya her\u00ee gr\u00eeng j\u00ee ji bo heb\u00fbn, nasname, \u00e7and, bawer\u00ee \u00fb ziman\u00ea xwe bernede li ber xwe bide ew berxwedan\u00ee bi tu away\u00ee w\u00ea ney\u00ea ji b\u00eer kirin. Di bingeh de dewleta Tirk pi\u015ft\u00ee rizgarkirina D\u00earazor gef\u00ean xwe h\u00een z\u00eadetir kirib\u00fbn \u00fb \u00ear\u00ee\u015f\u00ean xwe p\u00eak an\u00ee. Me weke YPJ\u2019\u00ea 8\u2019\u00ea Adara 2019\u2019an bi rih\u00ea rizgarkirina D\u00earazor\u00ea p\u00ea\u015fwaz\u00ee \u00fb p\u00eeroz kir. Em \u00ea 8\u2019\u00ea Adara \u00eesal j\u00ee bi \u00eedd\u00eeaya T\u00eako\u015f\u00eena me ber bi Azadiy\u00ea ve Berxwedana me \u00fb me j\u00ee me ber bi serkeftin\u00ea ve bibe p\u00eeroz bikin. <\/em><\/p>\n<p><em>B\u00ea g\u00fbman di nava t\u00eako\u015f\u00eena me de meha ADAR\u00ca, hem di war\u00ea d\u00eerok\u00ee de hem j\u00ee rojev\u00ee de wateyeke xwe ya mezin heye. Meha Adar\u00ea, weke destp\u00eaka bihar\u00ea ye. Ji bo teko\u015f\u00eena me j\u00ee her bihareke p\u00eavajoyek \u00fb p\u00eangavek\u00ea \u00eefade dike. Di d\u00eeroka teko\u015f\u00eena gel\u00ea me de gelek b\u00fbyer\u00ean bi \u00ea\u015f y\u00ean weke heleb\u00e7e \u00fb komkujiya Qami\u015flo hene.<\/em> Di 16 Adara sala 1988\u2019an di komkujiya Heleb\u00e7e de bombe li ser gel\u00ea Kurd barandin. Bi qas\u00ee 5 hezar \u00eensan\u00ean Kurd bi k\u00eemyasal\u00ea qetil kirin. Di 11 Adara 2004\u2019an de ciwan\u00ean Ereb bi art\u00ea\u015fa S\u00fbr\u00ee re \u00ear\u00ee\u015f birin ser Stad\u00ea \u00fb ciwan\u00ean Kurd ji bona xwe kirin hedefa \u00e7ekan. Bi dehan ciwan qetil kirin \u00fb bi sedan ciwan j\u00ee xistin bin \u00e7avan. D\u00eesa Dewleta Tirk ya dagirker \u00fb \u00e7etey\u00ean gir\u00eaday\u00ee w\u00ea di zivistana 2018\u2019an de \u00ear\u00ee\u015f\u00ee xaka Efr\u00een\u00ea kir. Bi hezaran Kurd di 18 Adara 2018\u2019an de ji cih \u00fb war\u00ean xwe b\u00fbn. Bi propagandaya bin nav\u00ea guhertina demografya de Kurd hatin ko\u00e7ber kirin \u00fb li cih \u00fb war\u00ean Efr\u00eeniyan \u00e7etey\u00ean Dewleta Tirk hatin bi cih kirin.<\/p>\n<p><em>\u00a0Li k\u00ealeka \u00ea\u015f\u00ean mezin y\u00ean gel\u00ea jiyan kiriye, ev meh ji bo me mehek bi serkeftin\u00ean d\u00eerok\u00ee ve j\u00ee tij\u00ee ye. Heleb\u00e7e di encam hi\u015fmendiya, tine hesibandina gelek\u00ee de hate jiyan kirin. Ya Qami\u015flo j\u00ee encama heman hi\u015fmendiy\u00ea b\u00fb. L\u00ea Newroz di d\u00eerok\u00ea de yektiya gelan \u00fb serkeftina jiyana azad \u00eefade dike. Di teko\u015f\u00eena tevgera azadiy\u00ea de j\u00ee bi sedan teko\u015f\u00eenvan beden\u00ean xwe kirine p\u00eat\u00ean ji agir. Sema, B\u00ear\u00eevan, Ronah\u00ee, Reh\u015fen, Zekiya, Mazlum, Eg\u00eed \u00fb bi dehan \u015fore\u015fger\u00ean weke wan. Me di meha Adar\u00ea de her roja w\u00ea di sal\u00ean cuda de \u015feh\u00eed dane. Ji bo w\u00ea ye Meha Adar\u00ea, demek\u00ee n\u00fb ji bo p\u00ea\u015feve\u00e7\u00fbna teko\u015f\u00eena me \u00eefade dike. Em karin b\u00eajin ev sala p\u00ea\u015fiya me j\u00ee xwed\u00ee rastiyeke wisa ye. <\/em><\/p>\n<p>Di rastiya Bak\u00fbr-Rojhilat\u00ea S\u00fbr\u00ee de meha Adar\u00ea, t\u00ea wateya teko\u015f\u00eeneke n\u00fb. DAI\u015e, di sala 2019 an de bi daw\u00ee b\u00fb \u00fb di t\u00eako\u015f\u00eena me de qonaxeke n\u00fb derket hol\u00ea. Ev j\u00ee t\u00ea wateya tolhildana ss 21. ji Erdogan \u00fb hi\u015fmendiya dagirkeriy\u00ea. H\u00eaza ku me di \u015fer\u00ea DAI\u015e\u2019\u00ea de da n\u00ee\u015fan tevah\u00ee c\u00eehan\u00ea d\u00eet. Di heman dem\u00ea de rewab\u00fbna t\u00eako\u015f\u00eena me j\u00ee derket hol\u00ea. Rastiya ku em weke h\u00eazeke ser erd dikarin gel\u00ea xwe bipar\u00eazin derket hol\u00ea. Ev t\u00eako\u015f\u00eena ku bi salane t\u00ea me\u015fandin ji bo azadiya xwe bi dest xistin\u00ea t\u00ea me\u015fandin. Bi jiyaneke azad em \u00ea bikaribin agir\u00ea \u015fore\u015f\u00ea bilndtir \u00fb ge\u015ftir bikin. Bilind kirina t\u00eako\u015f\u00een\u00ea j\u00ee t\u00ea wateya xurt kirina berxwedan\u00ea. Di v\u00ea meha Adar\u00ea de yek ji roj\u00ean her\u00ee bi ked \u00fb teko\u015f\u00eenek mezin hatiye bi destxistin 8\u2019\u00ea Adar\u00ea ye. Ji bona tevah\u00ee jinan t\u00ea wateya ku\u015ftina hi\u015fminediya zilam\u00ea serdest. Cardin t\u00ea wateya p\u00ea\u015fxistin \u00fb jiyan\u00ee kirina \u00e7anda dayik\u00ea. Ev roj di encama daneheva m\u00eerasa teko\u015f\u00eena jinan de hatiye avakirin. Em j\u00ee weke h\u00eazeke jin ya parastina hem\u00fb jinan \u00fb civak\u00ea ji bo xwe esas digre v\u00ea daneheva mezin xwed\u00ee l\u00eaderdikevin. Bi \u015fore\u015fa me re teko\u015f\u00eena jinan di her qad\u00ea de ji bo bersiva v\u00ea roj\u00ea ye.<\/p>\n<p>Di roja \u00eero de erk \u00fb berpirsiyariy\u00ean jinan, gel\u00ea me \u00fb tevah\u00ee gel\u00ean her\u00eam\u00ea ewe ku li hember dijmin\u00ea derve \u00fb hindir t\u00eako\u015f\u00eeneke xurt bidin me\u015fandine. Ger em teko\u015f\u00eena xwe bilind bikin em \u00ea pa\u015fver\u00fbtiy\u00ean hey\u00ee bikaribin bi rih\u00ea yek\u00eetiya gelan derbas bikin. Bi v\u00eena jiyana azad hem wek \u015fervan \u00fb hem j\u00ee weke gel em \u00ea bikaribin li erk\u00ean xwe y\u00ean dem\u00ea xwed\u00ee derkevin. Wek \u015fervan\u00ean v\u00ee gel\u00ee ji gel re xismet kirin p\u00eaw\u00eeste em weke erkek\u00ee her\u00ee sereke \u00fb her\u00ee p\u00eeroz dib\u00eenin. Ji bona serkeftin\u00ea j\u00ee p\u00eaw\u00eest dike ku em ti keleman li p\u00ea\u015fiya xwe nas nekin. Heya roja \u00eero em bi berxwedaniya xwe hatin nas kirin ji vir \u015f\u00fbnde p\u00eaw\u00eeste em bi xwe r\u00eaxistinkirine xurt \u00fb bi rih\u00ea berxwed\u00ear, xwe h\u00een z\u00eadetir teko\u015f\u00eena xwe mezintir bikin. Weke avek\u00ea ber bi jiyana azad ve herikandin di dest\u00ea me de ye. Di \u015f\u00eawaz\u00ea xwe y\u00ea \u015fer \u00fb tekt\u00eek de p\u00eaw\u00eeste em \u015fer\u00ea gel\u00ea \u015fore\u015fger\u00ee \u00a0di bajaran de p\u00ea\u015f bixin. Li ser van bingehan b\u00fby\u00eena \u015fervan\u00ean pispor \u00fb \u015fervan\u00ean dem\u00ea w\u00ea bih\u00eale ku em h\u00eaza xwe ya cewher\u00ee h\u00een z\u00eadetir ji n\u00eaz ve nas bikin. Ji bona v\u00ea j\u00ee hem weke \u015fervan \u00fb hem j\u00ee weke fermandar h\u00eaza xwe d\u00eetin \u00fb ev h\u00eaz weke ku ji me t\u00ea xwestin bi kar an\u00een xwed\u00ee gr\u00eengiyeke nebe nabe ye. Li ser v\u00ee bingeh\u00ee em \u00ea 8\u2019\u00ea Adar\u00ea \u00fb 21\u2019\u00ea Adar\u00ea li tevah\u00ee avahiya xwe p\u00eeroz dikin \u00fb bi v\u00ea boney\u00ea j\u00ee di \u015fexs\u00ea tevah\u00ee \u015feh\u00eed\u00ean mey\u00ee di meha Adar\u00ea de \u015feh\u00eed b\u00fbne hem\u00fb \u015feh\u00eed\u00ean \u015fore\u015f\u00ea bi b\u00eer t\u00eenin \u00fb soza me daye wan n\u00fb dikin.<\/p>\n","protected":false},"excerpt":{"rendered":"<p>\u00a0 &nbsp; Kurdistan Wa\u015fukan\u00ee. Di v\u00ea p\u00eavajoya \u015fer\u00ea me y\u00ea li Rojava, Bak\u00fbr-Rojhilat\u00ea S\u00fbr\u00ee, di bingeh de me li hember dewlet\u00ean m\u00eat\u00eenger \u015fer dikir. Ji ber ku \u00e7etey\u00ean DA\u00ce\u015e\u2019\u00ea di ser\u00ee bi dest\u00ea dewleta Tirk \u00fb h\u00eaz\u00ean ku nedixwestin Kurd bibin xwed\u00ee stat\u00fb hatin perwerde kirin \u00fb destek kirin. Em weke h\u00eaz\u00ean QSD\u2019\u00ea YPJ\u2019\u00ea \u00fb [&hellip;]<\/p>\n","protected":false},"author":1,"featured_media":12789,"comment_status":"closed","ping_status":"closed","sticky":false,"template":"","format":"standard","meta":{"footnotes":""},"categories":[38],"tags":[],"class_list":{"0":"post-10655","1":"post","2":"type-post","3":"status-publish","4":"format-standard","5":"has-post-thumbnail","7":"category-nuce"},"_links":{"self":[{"href":"https:\/\/ypjrojava.net\/index.php?rest_route=\/wp\/v2\/posts\/10655","targetHints":{"allow":["GET"]}}],"collection":[{"href":"https:\/\/ypjrojava.net\/index.php?rest_route=\/wp\/v2\/posts"}],"about":[{"href":"https:\/\/ypjrojava.net\/index.php?rest_route=\/wp\/v2\/types\/post"}],"author":[{"embeddable":true,"href":"https:\/\/ypjrojava.net\/index.php?rest_route=\/wp\/v2\/users\/1"}],"replies":[{"embeddable":true,"href":"https:\/\/ypjrojava.net\/index.php?rest_route=%2Fwp%2Fv2%2Fcomments&post=10655"}],"version-history":[{"count":1,"href":"https:\/\/ypjrojava.net\/index.php?rest_route=\/wp\/v2\/posts\/10655\/revisions"}],"predecessor-version":[{"id":10657,"href":"https:\/\/ypjrojava.net\/index.php?rest_route=\/wp\/v2\/posts\/10655\/revisions\/10657"}],"wp:featuredmedia":[{"embeddable":true,"href":"https:\/\/ypjrojava.net\/index.php?rest_route=\/wp\/v2\/media\/12789"}],"wp:attachment":[{"href":"https:\/\/ypjrojava.net\/index.php?rest_route=%2Fwp%2Fv2%2Fmedia&parent=10655"}],"wp:term":[{"taxonomy":"category","embeddable":true,"href":"https:\/\/ypjrojava.net\/index.php?rest_route=%2Fwp%2Fv2%2Fcategories&post=10655"},{"taxonomy":"post_tag","embeddable":true,"href":"https:\/\/ypjrojava.net\/index.php?rest_route=%2Fwp%2Fv2%2Ftags&post=10655"}],"curies":[{"name":"wp","href":"https:\/\/api.w.org\/{rel}","templated":true}]}}