{"id":10686,"date":"2020-03-17T06:21:43","date_gmt":"2020-03-17T06:21:43","guid":{"rendered":"https:\/\/ypjrojava.net\/?p=10686"},"modified":"2022-06-16T14:42:26","modified_gmt":"2022-06-16T14:42:26","slug":"xwe-bi-rexistin-kirina-ypje-bu-serkeftina-kobane","status":"publish","type":"post","link":"https:\/\/ypjrojava.net\/?p=10686","title":{"rendered":"Xwe Bi R\u00eaxistin Kirina YPJ\u2019e B\u00fb Serkeftina Koban\u00ea"},"content":{"rendered":"<p>YPJ\u2019\u00ea di avab\u00fbna xwe ya destp\u00eak\u00ea, di aliy\u00ea \u015fer de ne xwed\u00ee danehev\u00ean pir xurt b\u00fbn. Di p\u00eavajoya 2013\u2019an de be\u015fdar\u00ee \u015fer\u00ea li hember Cephet-El N\u00fbsra \u00fb hin kom\u00ean din b\u00fbb\u00fb. L\u00ea ne di w\u00ea ast\u00ea de b\u00fb ku tevah\u00ee \u015fervan be\u015fdar\u00ee nava \u015fer bibin. L\u00ea bel\u00ea h\u00een ji destp\u00eaka avab\u00fbn\u00ea de tevl\u00eeb\u00fbneke xurt ji nava ref\u00ean YPJ\u2019\u00ea re heb\u00fb. Bi taybet ji aliy\u00ea gel\u00ean her\u00eam\u00ea, gel\u00ean weke Suryan, Ermen\u00ee, Ereb be\u015fdarb\u00fbneke pir z\u00eade ji nava YPJ\u2019\u00ea re hat \u00e7\u00eakirin. YPJ\u2019\u00ea h\u00een ji destp\u00eaka avab\u00fbna xwe de parastina jin \u00fb civak\u00ea ji bona xwe weke erkek\u00ee her\u00ee gr\u00eeng d\u00eet. V\u00ea rasatiy\u00ea j\u00ee hi\u015ft ku sempatiyeke mezin li bermaber\u00ee YPJ\u2019\u00ea were ava kirin. Di ser\u00ee de jin\u00ean ciwan \u00fb tevah\u00ee jin ji bona ku YPJ\u2019\u00ea nas bikin bi xwestekek\u00ee pir mezin ber\u00ea xwe didan nava ref\u00ean YPJ\u2019\u00ea. Be\u015fdarb\u00fbna nava YPJ\u2019\u00ea hi\u015ft ku em xwe h\u00een z\u00eadetir bi r\u00eaxistin bikin \u00fb di p\u00eavajoya \u015fer de j\u00ee me h\u00eaza xwe h\u00een z\u00eadetir ji n\u00eaz de d\u00eet. Bi dem\u00ea re baweriya me h\u00een z\u00eadetir b\u00fb, bi v\u00ea re em ketin nava l\u00eager\u00een\u00ean, di tektik\u00ean n\u00fb \u015f\u00eawaz\u00ea \u015fer de h\u00een z\u00eadetir guhertinan bidin ava kirin. \u00a0\u015eer ti\u015ftek\u00ee qir\u00eaje l\u00ea riya azadiy\u00ea j\u00ee di \u015fer de derbas dibe. Ger ku wek jin em azadiya xwe dixwazin pew\u00eest dike ku em be\u015fdar\u00ee nava \u015fer j\u00ee bibin. Ev bi xwestek kirin z\u00eadetir p\u00eavajoya hey\u00ee dih\u00eale ku wek jin em ser\u00ee li r\u00eabazek\u00ee bi v\u00ee reng\u00ee bidin. Rew\u015fa civak\u00ea \u00fb rew\u015fa pergala hey\u00ee bi rengek\u00ee her\u00ee \u015f\u00eanber rastiya; \u201cger ti \u015fer nek\u00ee tuy\u00ea nikaribe azad bibe, tuy\u00ea neb\u00ea xwed\u00ee nasname\u2019\u2019 datan\u00ee hol\u00ea. Di w\u00ea dem\u00ea de em her \u00e7iqas xwed\u00ee danehev\u00ean pir xurt b\u00fbn j\u00ee l\u00ea bel\u00ea em di w\u00ea zaneb\u00fbn\u00ea de b\u00fbn ku heger em dixwazin azad bibin pew\u00eeste em azad bibin. Bi dem\u00ea re em \u00ea bibin xwed\u00ee danehev, xwed\u00ee h\u00eaz \u00fb em \u00ea xwe mezin bikin.<\/p>\n<p>Di wan deman de \u00ear\u00ee\u015fa li ser \u015eengal\u00ea p\u00ea\u015fket, beriya \u00ear\u00ee\u015fa li ser \u015eengal \u00ead\u00ee DA\u00ce\u015e di her\u00eam\u00ean me de j\u00ee dest bi \u00ear\u00ee\u015fan kirib\u00fb l\u00ea ne \u00ear\u00ee\u015f\u00ean pir dijwar b\u00fbn. Bi taybet di \u00ear\u00ee\u015fa li ser \u015eengal\u00ea de me h\u00een z\u00eadetir rastiya van koman\u00ean \u00e7ete y\u00ean di bin nav\u00ea \u00ceslama rad\u00eekal de derketine p\u00ea\u015f fam kir. Bi taybet di \u00ear\u00ee\u015fa li ser \u015eengal\u00ea de beriya w\u00ea j\u00ee di \u00ear\u00ee\u015fa li ser Musil\u2019\u00ea, di nava civak\u00ea de tirs \u00fb xofeke mezin hatib\u00fb ava kirin. Di nava civak\u00ea de esas di tevah\u00ee c\u00eehan\u00ea de p\u00eeskolojiya; b\u00eay\u00ee ku \u015fer bike bi ser dixe bi hov\u00eetiya xwe, ku\u015ftin \u00fb serj\u00eakirina xwe ya \u00eensanan \u00fb bi talan kirina xwe dihat nas kirin. Her\u00ee z\u00eade j\u00ee me li \u015eengal\u00ea ev rast\u00ee d\u00eet. Me d\u00eet ku li \u015eengal\u00ea jin \u00e7awa t\u00ean hedef girtin. Bi sedan jin\u00ean ku ji aliy\u00ea DA\u00ce\u015e\u2019\u00ea ve hatin d\u00eel girtin bi sedan jinan ji bo ku nekevin dest\u00ea DA\u00ce\u015e\u2019\u00ea bi xwe daw\u00ee li jiyana xwe an\u00een. Gelek jin ji bona ku bikaribin jiyan bikin nasnameya Misilmantiy\u00ea qeb\u00fbl kirin. Ne\u00e7ar man ku ji baweriya xwe bi xwe gav pa\u015fde biav\u00eajin. Wek YPJ\u2019\u00ea j\u00ee me d\u00eet ku heger em dixwazin di armanc\u00ean xwe de bi ser bikevin \u00fb em jinan azad bikin ji dervey\u00ee riya di t\u00eako\u015f\u00eena xwe de \u00eesrar kirin \u00fb xwe bi h\u00eaz kirin\u00ea ti r\u00ea li beramber\u00ee me n\u00een b\u00fb. Bi v\u00ea re me bi xwe j\u00ee p\u00eaw\u00eest\u00ee d\u00eet ku em be\u015fdar\u00ee w\u00ee \u015fer\u00ee bibin. Wek YPJ\u2019\u00ea me soza tolhildana jin\u00ean \u015eengal\u00ea da.<\/p>\n<p>Di sal\u00ean 2014-2015\u2019an de \u00ear\u00ee\u015fa li ser bajar\u00ea Koban\u00ea j\u00ee dest p\u00ea kir. Bi giran\u00ee h\u00eaz\u00ean me y\u00ean w\u00ea dem\u00ea ke\u00e7\u00ean ciwan \u00fb her\u00eam\u00ee b\u00fbn, bi taybet j\u00ee ji Koban\u00ea b\u00fbn. Her \u00e7iqas danehev\u00ean me y\u00ean \u015fer n\u00een b\u00fbn, l\u00ea xwesteka be\u015fdarb\u00fbna \u015fer, moral, xwe rizgar kirin, xwe zane kirin \u00fb azadkirin\u00ea di \u015fervan\u00ean me de di asta her\u00ee jor de b\u00fb. Ji s\u00ea aliyan ve, w\u00ea dem\u00ea \u00ear\u00ee\u015f\u00ean pir dijwar \u00fb hemwext li ser bajar\u00ea Koban\u00ea hatin destp\u00ea kirin. Milek\u00ee \u00ear\u00ee\u015fan j\u00ee ji s\u00eenor\u00ean Tirkiy\u00ea ve dihatin kirin. Ji xwe em n\u00eaz\u00eekatiya dewleta Tirk ya ji bona \u00e7eteyan dizanin. Xwestin bi v\u00ee away\u00ee Koban\u00ea tevah\u00ee bixin bin ven\u00ear\u00eena xwe. Ji ber ku bajar\u00ean weke Reqa \u00fb Musil ruxm\u00ea bi hezaran h\u00eaz\u00ean xwe y\u00ean \u00e7ekdar j\u00ee heb\u00fbn l\u00ea ev bajar ji aliy\u00ea DA\u00ce\u015e\u2019\u00ea ve hatib\u00fbn dagirkirin. Li k\u00ealeka v\u00ea \u00ear\u00ee\u015fa li ser \u015eengal\u00ea p\u00ea\u015f ketib\u00fb, h\u00eaz \u00fb morala ku \u00e7etayan ji van deran girtib\u00fb dixwestin heman ti\u015ft\u00ee li ser bajar\u00ea Koban\u00ea j\u00ee bidin me\u015fandin. Ji xwe DA\u00ce\u015e\u2019\u00ea xwe weke h\u00eazeke ku ti kes nikare li hember wan bisekine did\u00eet \u00fb armanca xwe j\u00ee ew b\u00fb ku tevah\u00ee c\u00eehan\u00ea ji xwe re fetih bike. <strong>Di p\u00eavajoyeke ku tu kes\u00ee nedikar\u00ee li hember DA\u00ce\u015e\u2019\u00ea bisekine, me ew birayardar\u00ee da n\u00ee\u015fan ku em li hember\u00ee DA\u00ce\u015e\u2019\u00ea bisekinin. Ji ber ku me dizan\u00ee ji dervey\u00ee t\u00eako\u015f\u00een\u00ea, w\u00ea riya jiyan\u00ea ji me re nebe<\/strong>. Ger ku civakek an gelek bajar\u00ea xwe welat\u00ea xwe berde \u00fb ji dijmin\u00ea dagirker re terk bike, ti wateya jiyan kirina w\u00ea gel\u00ee nam\u00eene. Ji ber v\u00ea j\u00ee ten\u00ea ti\u015ftek dim\u00eene her berd\u00eal day\u00eena ber\u00e7av \u00fb li gor w\u00ea t\u00eako\u015f\u00een kirin li ber xwe day\u00een dim\u00eene. Ev ne ten\u00ea wek fermendar tevah\u00ee \u015fervan j\u00ee di v\u00ea biryardariy\u00ea de b\u00fbn. Ji ber ku doza me di oxira w\u00ea de \u015fer dikir mafek\u00ee rewa b\u00fb. \u00a0Li gor v\u00ea j\u00ee p\u00eavajoyeke amadekirin\u00ea hatib\u00fb destp\u00ea kirin. Ji dervede her \u00e7iqas al\u00eekar\u00ee hatib\u00fb kirin j\u00ee l\u00ea ti\u015fta ku esas hi\u015ft em bi ser bikevin, h\u00eaz, moral \u00fb biryardariya \u015fervanan b\u00fb. C\u00eehan\u00ea tevah\u00ee j\u00ee d\u00eet, y\u00ean ku her\u00ee z\u00eade di nava \u015fer de b\u00fbn \u00fb xwed\u00ee rol h\u00eaz\u00ean me YPJ\u2019\u00ea b\u00fbn. Me rastiya ku; seknek\u00ee xurt, xwed\u00ee \u00eed\u00eea dikare tevah\u00ee zor \u00fb zehmetiya derbas bike \u00fb bi ser bikeve. Tevah\u00ee heval bi taybet j\u00ee YPJ\u2019\u00ea bi v\u00ea biryardariy\u00ea be\u015fdar\u00ee nava \u015fer b\u00fbn. V\u00ea j\u00ee hi\u015ft ku sekn\u00ean fedaiyane m\u00eena Ar\u00een M\u00eerkan \u00fb R\u00eavanan derkevin hol\u00ea.<\/p>\n<p><strong>W\u00ea Bidome\u2026<\/strong><\/p>\n","protected":false},"excerpt":{"rendered":"<p>YPJ\u2019\u00ea di avab\u00fbna xwe ya destp\u00eak\u00ea, di aliy\u00ea \u015fer de ne xwed\u00ee danehev\u00ean pir xurt b\u00fbn. Di p\u00eavajoya 2013\u2019an de be\u015fdar\u00ee \u015fer\u00ea li hember Cephet-El N\u00fbsra \u00fb hin kom\u00ean din b\u00fbb\u00fb. L\u00ea ne di w\u00ea ast\u00ea de b\u00fb ku tevah\u00ee \u015fervan be\u015fdar\u00ee nava \u015fer bibin. L\u00ea bel\u00ea h\u00een ji destp\u00eaka avab\u00fbn\u00ea de tevl\u00eeb\u00fbneke xurt ji [&hellip;]<\/p>\n","protected":false},"author":1,"featured_media":12775,"comment_status":"closed","ping_status":"closed","sticky":false,"template":"","format":"standard","meta":{"footnotes":""},"categories":[38],"tags":[],"class_list":{"0":"post-10686","1":"post","2":"type-post","3":"status-publish","4":"format-standard","5":"has-post-thumbnail","7":"category-nuce"},"_links":{"self":[{"href":"https:\/\/ypjrojava.net\/index.php?rest_route=\/wp\/v2\/posts\/10686","targetHints":{"allow":["GET"]}}],"collection":[{"href":"https:\/\/ypjrojava.net\/index.php?rest_route=\/wp\/v2\/posts"}],"about":[{"href":"https:\/\/ypjrojava.net\/index.php?rest_route=\/wp\/v2\/types\/post"}],"author":[{"embeddable":true,"href":"https:\/\/ypjrojava.net\/index.php?rest_route=\/wp\/v2\/users\/1"}],"replies":[{"embeddable":true,"href":"https:\/\/ypjrojava.net\/index.php?rest_route=%2Fwp%2Fv2%2Fcomments&post=10686"}],"version-history":[{"count":1,"href":"https:\/\/ypjrojava.net\/index.php?rest_route=\/wp\/v2\/posts\/10686\/revisions"}],"predecessor-version":[{"id":10688,"href":"https:\/\/ypjrojava.net\/index.php?rest_route=\/wp\/v2\/posts\/10686\/revisions\/10688"}],"wp:featuredmedia":[{"embeddable":true,"href":"https:\/\/ypjrojava.net\/index.php?rest_route=\/wp\/v2\/media\/12775"}],"wp:attachment":[{"href":"https:\/\/ypjrojava.net\/index.php?rest_route=%2Fwp%2Fv2%2Fmedia&parent=10686"}],"wp:term":[{"taxonomy":"category","embeddable":true,"href":"https:\/\/ypjrojava.net\/index.php?rest_route=%2Fwp%2Fv2%2Fcategories&post=10686"},{"taxonomy":"post_tag","embeddable":true,"href":"https:\/\/ypjrojava.net\/index.php?rest_route=%2Fwp%2Fv2%2Ftags&post=10686"}],"curies":[{"name":"wp","href":"https:\/\/api.w.org\/{rel}","templated":true}]}}