{"id":10692,"date":"2020-03-21T07:44:27","date_gmt":"2020-03-21T07:44:27","guid":{"rendered":"https:\/\/ypjrojava.net\/?p=10692"},"modified":"2022-06-18T11:15:42","modified_gmt":"2022-06-18T11:15:42","slug":"em-agire-newroze-ges-bikin-dagirkeriye-tekbibin","status":"publish","type":"post","link":"https:\/\/ypjrojava.net\/?p=10692","title":{"rendered":"Em Agir\u00ea Newroz\u00ea Ge\u015f Bikin, Dagirkeriy\u00ea T\u00eakbibin"},"content":{"rendered":"<p>Em Newroza ku b\u00fbye sembola bihara gelan, di sala 2020\u2019an de bi rih\u00ea berxwedana r\u00fbmet\u00ea p\u00ea\u015fwaz\u00ee dikin \u00fb v\u00ea cejna p\u00eeroz li \u015feh\u00eed\u00ean \u015fore\u015f\u00ea, li R\u00eaber APO, bi taybet\u00ee j\u00ee li gel\u00ea berxwed\u00ear \u00ea ku bi sala ye b\u00ea rawest\u00een her di nava germahiya \u015fore\u015f\u00ea de xebat dike, li gel\u00ea Rojhilata Nav\u00een \u00fb li gi\u015ft\u00ee c\u00eehan\u00ea p\u00eeroz dikin.<\/p>\n<p>Gel\u00ea Kurdistan\u00ee bi hezar\u00ea salane b\u00ea sekn \u00fb tebat li hember zilm \u00fb dagirkeriy\u00ea her li berxwedaye \u00fb ti car\u00ee ser\u00ee netewandiye. Bi hevgirtina d\u00eerok\u00ee ya gelan her car\u00ea dawiya \u00eemparator \u00fb h\u00eaz\u00ean dagirker hatiye. Ev berxwedana bi r\u00fbmet ya gelan di destana Kaway\u00ea hesinkar de, bi rengek her\u00ee watedar xwe p\u00eanase kiriye. Gel\u00ea Kurd, As\u00fbr\u00ee, Fars, Tirkmen, \u00caz\u00eed\u00ee\u2026 bi ge\u015fkirina agir\u00ea Newroz\u00ea re roja xwe ya n\u00fb, serkeftina xwe ya li dij\u00ee zilimkaran p\u00eeroz kirine. Di v\u00ea watey\u00ea de Newroz ne ten\u00ea cejneke, di heman dem\u00ea de bi b\u00eeran\u00eena serkeftina li hember\u00ee Dehaqane. Ev j\u00ee dibe r\u00ean\u00ee\u015fana berxwedan\u00ea ya li hember\u00ee dehaq\u00ean dem\u00ea. Dibe nex\u015fer\u00eaya ser\u00ee hildan \u00fb berxwedana gelan a li hember\u00ee her away\u00ee zilm, dagirker\u00ee, talan \u00fb destdir\u00eajiy\u00ea.<\/p>\n<p>Weke Yek\u00eeney\u00ean Parastina Jin YPJ, bi b\u00eerxistina Newroz\u00ea ji bo me t\u00ea wateya n\u00fbkirina soza tolhildan\u00ea. Di oxira azad\u00ee \u00fb serfiraziy\u00ea de wek YPJ me j\u00ee di teko\u015f\u00eena dijwar a \u015fore\u015fa Rojava de bi hezaran bedel\u00ean giranbiha da. Ji ber w\u00ea bi wes\u00eeleya v\u00ea roj\u00ea, bilindkirina \u015fer\u00ea azad\u00ee \u00fb heb\u00fbn\u00ea, ji bo me dibe soza her\u00ee bi r\u00fbmet a ku em bidin berxwed\u00ear\u00ean Newroz\u00ea.<\/p>\n<p>\u00cero p\u00eaw\u00eeste em ji her dem\u00ea z\u00eadetir bi r\u00fbh\u00ea Newroz\u00ea xwed\u00ee li heb\u00fbna xwe ya ku di bin komplo \u00fb metirsiyeke mezin de ye derkevin \u00fb ji bo parastina nasname \u00fb welat\u00ea xwe, ji bo t\u00eakbirina Dehaq\u00ean dem\u00ea div\u00ea herkes bi perspekt\u00eefa R\u00eaber APO a \u015fer\u00ea gel\u00ea \u015fore\u015fger\u00ee, nasnama xwe, heb\u00fbna xwe, r\u00fbmeta xwe, welat\u00ea xwe, tax \u00fb mala xwe bipar\u00eaze. Ji ber gel\u00ea Kurd di d\u00eerok\u00ea de rast\u00ee gelek \u00ea\u015f \u00fb azaran hatiye, ji Helep\u00e7ey\u00ea hetan\u00ee serhildana Qami\u015flo, ji Geliy\u00ea Z\u00eelan hetan\u00ee Mahabat \u00fb Efr\u00een\u00ea, her\u00ee daw\u00ee j\u00ee li Ser\u00eakaniy\u00ea \u00fb Gir\u00ea Sp\u00ee careke din xwestin heb\u00fbna gel\u00ea Kurd \u00fb gel\u00ea her\u00eam\u00ea ji hol\u00ea rakin. Li hember\u00ee van komkuj\u00ee \u00fb komployan ji destana Kaway\u00ea Hesinkar hetan\u00ee qehreman\u00ean dem\u00ea wek\u00ee Ar\u00een M\u00eerkan, Bar\u00een, Avesta, \u00eelan \u00fb her\u00ee daw\u00ee j\u00ee Ronah\u00ee \u00fb Berxwedan ji bo vej\u00eena gel\u00ea her\u00eam\u00ea, can\u00ea xwe feda kirin. Ev j\u00ee n\u00ee\u015fan dide ku \u00eero bi sed hezaran Kawa li hember\u00ee zilma Dehaq\u00ean dem\u00ea \u015fer \u00fb teko\u015f\u00eeneke b\u00ea eman dime\u015f\u00eenin.<\/p>\n<p>\u00cero j\u00ee di p\u00ea\u015fengiya \u015fervan\u00ean YPJ\u2019\u00ea de \u015fer\u00ea R\u00fbmet\u00ea t\u00ea me\u015fandin. Em \u00eesal agir\u00ea Newroz\u00ea bi ruh\u00ea Ronah\u00ee, Z\u00een, Amara, Z\u00eelan, Dilovan, Bermal, Hevr\u00een \u00fb day\u00eeka Eq\u00eede bi \u015fanaz\u00ee p\u00eadixin \u00fb ge\u015f dikin. Em bawerin ku bi xurtkirina r\u00eaxistinb\u00fbn \u00fb berxwedana jin\u00ea w\u00ea Newroza 2020&#8217;an bibe Newroza tolhildan \u00fb serkeftina d\u00eerok\u00ee.<\/p>\n<p>Weke H\u00eaz\u00ean Parastina Jin YPJ em bi ruh\u00ea Newroz\u00ea soza bilind kirina teko\u015f\u00een \u00fb berxwedan\u00ea didin. Bi h\u00eav\u00ee \u00fb baweriya ku w\u00ea hem\u00fb roj\u00ean me m\u00eena Newroz\u00ea bi teko\u015f\u00een\u00ea dagirt\u00ee bin \u00fb w\u00ea serkeftin bibe ya gel\u00ea me, em careke din Newroza gel\u00ea xwe, Newroza hem\u00fb jin\u00ean azad\u00eexwaz p\u00eeroz dikin.<\/p>\n<p><strong>Fermandariya Gi\u015ft\u00ee Ya YPJ&#8217;\u00ea<\/strong><\/p>\n<p><strong>21 Adar 2020<\/strong><\/p>\n","protected":false},"excerpt":{"rendered":"<p>Em Newroza ku b\u00fbye sembola bihara gelan, di sala 2020\u2019an de bi rih\u00ea berxwedana r\u00fbmet\u00ea p\u00ea\u015fwaz\u00ee dikin \u00fb v\u00ea cejna p\u00eeroz li \u015feh\u00eed\u00ean \u015fore\u015f\u00ea, li R\u00eaber APO, bi taybet\u00ee j\u00ee li gel\u00ea berxwed\u00ear \u00ea ku bi sala ye b\u00ea rawest\u00een her di nava germahiya \u015fore\u015f\u00ea de xebat dike, li gel\u00ea Rojhilata Nav\u00een \u00fb li gi\u015ft\u00ee [&hellip;]<\/p>\n","protected":false},"author":1,"featured_media":13266,"comment_status":"closed","ping_status":"closed","sticky":false,"template":"","format":"standard","meta":{"footnotes":""},"categories":[39],"tags":[],"class_list":{"0":"post-10692","1":"post","2":"type-post","3":"status-publish","4":"format-standard","5":"has-post-thumbnail","7":"category-daxuyani"},"_links":{"self":[{"href":"https:\/\/ypjrojava.net\/index.php?rest_route=\/wp\/v2\/posts\/10692","targetHints":{"allow":["GET"]}}],"collection":[{"href":"https:\/\/ypjrojava.net\/index.php?rest_route=\/wp\/v2\/posts"}],"about":[{"href":"https:\/\/ypjrojava.net\/index.php?rest_route=\/wp\/v2\/types\/post"}],"author":[{"embeddable":true,"href":"https:\/\/ypjrojava.net\/index.php?rest_route=\/wp\/v2\/users\/1"}],"replies":[{"embeddable":true,"href":"https:\/\/ypjrojava.net\/index.php?rest_route=%2Fwp%2Fv2%2Fcomments&post=10692"}],"version-history":[{"count":1,"href":"https:\/\/ypjrojava.net\/index.php?rest_route=\/wp\/v2\/posts\/10692\/revisions"}],"predecessor-version":[{"id":10694,"href":"https:\/\/ypjrojava.net\/index.php?rest_route=\/wp\/v2\/posts\/10692\/revisions\/10694"}],"wp:featuredmedia":[{"embeddable":true,"href":"https:\/\/ypjrojava.net\/index.php?rest_route=\/wp\/v2\/media\/13266"}],"wp:attachment":[{"href":"https:\/\/ypjrojava.net\/index.php?rest_route=%2Fwp%2Fv2%2Fmedia&parent=10692"}],"wp:term":[{"taxonomy":"category","embeddable":true,"href":"https:\/\/ypjrojava.net\/index.php?rest_route=%2Fwp%2Fv2%2Fcategories&post=10692"},{"taxonomy":"post_tag","embeddable":true,"href":"https:\/\/ypjrojava.net\/index.php?rest_route=%2Fwp%2Fv2%2Ftags&post=10692"}],"curies":[{"name":"wp","href":"https:\/\/api.w.org\/{rel}","templated":true}]}}