{"id":10708,"date":"2020-03-30T08:54:20","date_gmt":"2020-03-30T08:54:20","guid":{"rendered":"https:\/\/ypjrojava.net\/?p=10708"},"modified":"2022-06-18T09:37:42","modified_gmt":"2022-06-18T09:37:42","slug":"akademiya-sehid-berivan-dewreyeke-din-a-servane-nu-vekir","status":"publish","type":"post","link":"https:\/\/ypjrojava.net\/?p=10708","title":{"rendered":"AKademiya \u015eeh\u00eed B\u00ear\u00eevan Dewreyeke din a \u015eervan\u00ea N\u00fb Vekir"},"content":{"rendered":"<p>&nbsp;<\/p>\n<p>Her roja di\u00e7e tevl\u00eab\u00fbna nava ref\u00ean YPJ z\u00eadetir dibe. Ke\u00e7\u00ean ciwan \u00ean ku ji bajar\u00ean c\u00fbr be b\u00fbr \u00ean Rojavay\u00ea Kurdistan \u00fb bakur-rojhilat\u00ea S\u00fbriy\u00ea ber\u00ea xwe didin nava ref\u00ean YPJ&#8217;\u00ea di akademiya \u015feh\u00eed B\u00ear\u00eevan a \u015fervan\u00ean n\u00fb de perwerdeya b\u00eerdoz\u00ee, le\u015fker\u00ee dib\u00eenin \u00fb bi v\u00ee reng\u00ee ber\u00ea xwe didin eniy\u00ean berxwedan\u00ea.<\/p>\n<p>Akademiya \u015feh\u00eed B\u00ear\u00eevan bi v\u00ea boney\u00ea dewreyeke din a perwerd\u00ea vekir. Dewreya perwerd\u00ea bi nav\u00ea \u015feh\u00eed Lor\u00een Dirb\u00easiy\u00ea \u00fb \u015feh\u00eed Avesta Xab\u00fbr bi meras\u00eemeke le\u015fker\u00ee hate vekirin.<\/p>\n<p>Di meras\u00eem\u00ea de fermandara YPJ&#8217;\u00ea ya her\u00eama Ciz\u00eer\u00ea Kurdistan Ser\u00eakaniy\u00ea\u00a0 dewreya perwerd\u00ea li tevah\u00ee \u015fervanan p\u00eeroz kir \u00fb wiha got: &#8220;Weke jin\u00ean rojava \u00fb Bak\u00fbr\u2013Rojhilat\u00ea S\u00fbriy\u00ea m\u00eena jin\u00ean \u00a0Ereb, Ermen, Kurd \u00fb As\u00fbr\u00ee, bi nasnameya xwe ya azad dibin s\u00eewana azadiy\u00ea de dime\u015fin. \u00cero em jin bi hem\u00fb p\u00eakhatey\u00ean her\u00eama xwe, li hember her away\u00ee \u00ear\u00ee\u015f \u00fb dagirkeriy\u00ea, art\u00ea\u015fb\u00fbna xwe mezin \u00fb xurtir dikin. Em bi nasnameya xwe teko\u015f\u00een dikin, bi v\u00eena xwe ya azad \u015fer dikin. Ji bo w\u00ea \u00eero p\u00eal bi\u00a0 p\u00eal jin ji hem\u00fb netewan ber\u00ea xwe didin nava ref\u00ean azadiy\u00ea. Ev sekna me dibe bersiva her\u00ee mezin a li hember h\u00eaz\u00ean desthiladar \u00fb dagirker&#8221;.<\/p>\n<p>Pi\u015ft\u00ee axaftina fermandara YPJ Kurdistan Ser\u00eakaniy\u00ea, meras\u00eem bi dir\u00fb\u015fmey\u00ean; &#8220;Jin Jiyan Azad\u00ee \u00fb B\u00ea Serok Jiyan nabe&#8221; bi daw\u00ee b\u00fb. \u015eervanan ji bo tevl\u00eab\u00fbneke xurt a ji perwerd\u00ea re soz dan \u00fb bi hev re d\u00eelana azadiy\u00ea gerandin.<\/p>\n<p>&nbsp;<\/p>\n","protected":false},"excerpt":{"rendered":"<p>&nbsp; Her roja di\u00e7e tevl\u00eab\u00fbna nava ref\u00ean YPJ z\u00eadetir dibe. Ke\u00e7\u00ean ciwan \u00ean ku ji bajar\u00ean c\u00fbr be b\u00fbr \u00ean Rojavay\u00ea Kurdistan \u00fb bakur-rojhilat\u00ea S\u00fbriy\u00ea ber\u00ea xwe didin nava ref\u00ean YPJ&#8217;\u00ea di akademiya \u015feh\u00eed B\u00ear\u00eevan a \u015fervan\u00ean n\u00fb de perwerdeya b\u00eerdoz\u00ee, le\u015fker\u00ee dib\u00eenin \u00fb bi v\u00ee reng\u00ee ber\u00ea xwe didin eniy\u00ean berxwedan\u00ea. Akademiya \u015feh\u00eed B\u00ear\u00eevan [&hellip;]<\/p>\n","protected":false},"author":1,"featured_media":13243,"comment_status":"closed","ping_status":"closed","sticky":false,"template":"","format":"standard","meta":{"footnotes":""},"categories":[41],"tags":[],"class_list":{"0":"post-10708","1":"post","2":"type-post","3":"status-publish","4":"format-standard","5":"has-post-thumbnail","7":"category-dimen"},"_links":{"self":[{"href":"https:\/\/ypjrojava.net\/index.php?rest_route=\/wp\/v2\/posts\/10708","targetHints":{"allow":["GET"]}}],"collection":[{"href":"https:\/\/ypjrojava.net\/index.php?rest_route=\/wp\/v2\/posts"}],"about":[{"href":"https:\/\/ypjrojava.net\/index.php?rest_route=\/wp\/v2\/types\/post"}],"author":[{"embeddable":true,"href":"https:\/\/ypjrojava.net\/index.php?rest_route=\/wp\/v2\/users\/1"}],"replies":[{"embeddable":true,"href":"https:\/\/ypjrojava.net\/index.php?rest_route=%2Fwp%2Fv2%2Fcomments&post=10708"}],"version-history":[{"count":1,"href":"https:\/\/ypjrojava.net\/index.php?rest_route=\/wp\/v2\/posts\/10708\/revisions"}],"predecessor-version":[{"id":10710,"href":"https:\/\/ypjrojava.net\/index.php?rest_route=\/wp\/v2\/posts\/10708\/revisions\/10710"}],"wp:featuredmedia":[{"embeddable":true,"href":"https:\/\/ypjrojava.net\/index.php?rest_route=\/wp\/v2\/media\/13243"}],"wp:attachment":[{"href":"https:\/\/ypjrojava.net\/index.php?rest_route=%2Fwp%2Fv2%2Fmedia&parent=10708"}],"wp:term":[{"taxonomy":"category","embeddable":true,"href":"https:\/\/ypjrojava.net\/index.php?rest_route=%2Fwp%2Fv2%2Fcategories&post=10708"},{"taxonomy":"post_tag","embeddable":true,"href":"https:\/\/ypjrojava.net\/index.php?rest_route=%2Fwp%2Fv2%2Ftags&post=10708"}],"curies":[{"name":"wp","href":"https:\/\/api.w.org\/{rel}","templated":true}]}}