{"id":10712,"date":"2020-04-04T11:49:34","date_gmt":"2020-04-04T11:49:34","guid":{"rendered":"https:\/\/ypjrojava.net\/?p=10712"},"modified":"2022-06-18T09:33:10","modified_gmt":"2022-06-18T09:33:10","slug":"serpehatiya-her-jineke-sedema-avakirina-ypje-ye","status":"publish","type":"post","link":"https:\/\/ypjrojava.net\/?p=10712","title":{"rendered":"Serp\u00eahatiya Her Jinek\u00ea Sedema Avakirina YPJ\u2019\u00ea ye"},"content":{"rendered":"<p>Roja, heb\u00fbn\u00ea, roja vej\u00een \u00fb k\u00ealiya bi navkirina zay\u00eena mirov\u00ea Azad, 4\u2019\u00ea N\u00eesan\u00ea Rojb\u00fbna R\u00eaber APO \u00fb salvegera 7. ya damezrandina art\u00ea\u015fa me YPJ\u2019\u00ea li jin\u00ean azad\u00eexwaz \u00fb li tevah\u00ee mirovahiy\u00ea p\u00eeroz dikin. Her wiha em li gel\u00ean Bak\u00fbr-Rojhilat\u00ea S\u00fbr\u00ee \u00fb gel\u00ean qed\u00eem y\u00ea rojhilata nav\u00een p\u00eeroz dikin. Em di \u015fexs\u00ea hevr\u00eay\u00ean xwe \u015feh\u00eed J\u00eenda Tiltemir, Silava Efr\u00een, War\u015f\u00een, R\u00eavan, Ar\u00een, Av\u00easta, her wiha di \u015fexs\u00ea fermandara YPJ\u2019\u00ea \u015eerv\u00een de, tevah\u00ee \u015feh\u00eed\u00ean Qere\u00e7ox\u00ea \u00fb di \u015fexs\u00ea fermandar Z\u00een, Ronah\u00ee, Zeynep \u00fb Amara de j\u00ee tevah\u00ee \u015feh\u00eed\u00ean berxwedana R\u00fbmet\u00ea bi minet \u00fb r\u00eazdar\u00ee bib\u00eert\u00eenin.<\/p>\n<p>Zay\u00eena R\u00eaber APO, ji bo jina Kurd, gel\u00ea Kurd \u00fb tevah\u00ee gel\u00ean mezopotamiya ji n\u00fbve p\u00eanaseya civakb\u00fby\u00een, jiyan, nasname, \u00e7and \u00fb exlaq\u00ea ye. Rastiya R\u00eaber APO, danehev \u00fb heq\u00eeqeta p\u00eakhat\u00ee ya hem\u00fb nirx\u00ean mirovahiy\u00ea ye. Li hember\u00ee tevah\u00ee r\u00ea \u00fb resm\u00ean pergala serdest ya ku m\u00ear tems\u00eela w\u00ea dike, b\u00eerdoz\u00ee \u00fb felsefeya R\u00eaber APO, ji bo hemdemiya gelan nav\u00ea jiyaneke n\u00fbye. Ev jiyana n\u00fb bi aqil\u00ea jin, bi zaneb\u00fbn, bawer\u00ee, cesaret, v\u00een, xweb\u00fby\u00een \u00fb r\u00eaxistinkirina jinan ji n\u00fbve li ser xaka xwedawendan l\u00ea text\u00ea xwe daniye j\u00eendar dibe.<\/p>\n<p>Serp\u00eahatiya her gelek\u00ee, sedema \u015fore\u015f\u00ea ye, \u00e7\u00eeroka her jinek\u00ea j\u00ee sedema rab\u00fbn \u00fb avakirina h\u00eazeke parastin\u00ea ye. Di serdema em dij\u00een de avakirina art\u00ea\u015fa jin\u00ean azad, dibe bingeh\u00ea avakirina civakeke xwepar\u00eaz \u00fb azad. Me weke yek\u00eeney\u00ean parastina jin\u00ea <strong>YPJ di rojeke wisa d\u00eerok\u00ee de biryar da ku em bibin h\u00eaza p\u00ea\u015feng ya avaker\u00ean civaka xwepar\u00eaz.<\/strong> <strong>Me li hember\u00ee dagirker\u00ean ku welat\u00ea me, nasnameya me, jiyan \u00fb \u00e7anda me di qirkirin\u00ea re derbas dikir man\u00eefestoya jin jiyan azad\u00ee pejirand.<\/strong> Ev roja d\u00eerok\u00ee ji bo me wateyeke mezin \u00eefade dike. Me di oxira v\u00ea wateya mezin \u00fb d\u00eerok\u00ee de li hember\u00ee h\u00eaz\u00ean komploger, \u00e7etey\u00ean DAI\u015e\u2019\u00ea \u00fb hem\u00fb kom\u00ean \u00e7ete, bi hezaran r\u00eaheval\u00ean h\u00eaja \u015feh\u00eed da. Me xwe li ser m\u00eerateya teko\u015f\u00eena van \u015feh\u00eed\u00ean mirovahiy\u00ea ava kir, xwe bi r\u00eaxistin kir \u00fb bi komb\u00fbna hem\u00fb p\u00eakhate, nasname, ol \u00fb baweriyan me xwe mezin kir. Vaye \u00eero j\u00ee bi kelecan, moral, hest \u00fb raman\u00ean jin\u00ean ji netew\u00ean cuda ber\u00ea xwe dane nava ref\u00ean YPJ, em 8. Salvegera avakirina xwe p\u00ea\u015fwaz\u00ee dikin.<\/p>\n<p>B\u00eaguman em di sala 8. ya art\u00ea\u015fb\u00fbna xwe de p\u00eavajoyeke n\u00fb dij\u00een. Pergala kap\u00eetal\u00eest a desthilatdar, bi aloz\u00ee, qeyran \u00fb nexwe\u015fiy\u00ean xwe tehd\u00eed \u00fb metirsiyeke mezin li ser mirovahiy\u00ea avakiriye. H\u00eaz\u00ean kap\u00eetal\u00eest hem bi \u015fer\u00ean xwe y\u00ean dagirkeriy\u00ea, hem j\u00ee bi qir\u00eez\u00ean civak\u00ee, abor\u00ee \u00fb ekoloj\u00eek \u00ean ku \u00eero nema dikare p\u00ea\u015f\u00ee l\u00ea bigre, berbi hilwe\u015f\u00een\u00ea ve di\u00e7. Vaye \u00eero j\u00ee bi nav\u00ea \u015fewba Corona bi r\u00eabazeke n\u00fb \u00ear\u00ee\u015f\u00ea c\u00eehan\u00ea dike. Ji ber w\u00ea her roja di\u00e7e bi hezaran mirov jiyana xwe ji dest didin. Em j\u00ee di ser\u00ee de sersaxiy\u00ea ji tevah\u00ee mirovahiy\u00ea re dixwazin \u00fb bang li tevah\u00ee jinan dikin ku bi teko\u015f\u00eena xwe p\u00ea\u015fengiy\u00ea ji civaka xwe re bike da ku xwe \u00fb tevah\u00ee civak\u00ea ji her c\u00fbre nexwe\u015fiy\u00ean pergala kap\u00eetal\u00eest bipar\u00eazin.<\/p>\n<p>Em j\u00ee weke Yek\u00eeney\u00ean Parasina Jin di nava qeyran \u00fb aloziy\u00ean wiha giran de salvegera damezrandina xwe p\u00ea\u015fwaz\u00ee dikin. B\u00eaguman me di her saleke teko\u015f\u00een\u00ea de berd\u00eal\u00ean girabuha dan \u00fb h\u00eena j\u00ee em didin. L\u00ea di demeke wiha ku tevah\u00ee c\u00eehan ji bo jiyaneke bi ewle bij\u00ee teko\u015f\u00een dide, dewleta Tirk a dagirker bi hi\u015fmendiya xwe ya qirker, \u00ear\u00ee\u015f\u00ean xwe li ser h\u00eaz\u00ean me \u00fb gel\u00ea me y\u00ea Bak\u00fbr-Rojhilat\u00ea S\u00fbr\u00ee z\u00eade kirine. Ev j\u00ee rastiya qirker, fa\u015f\u00eest ya dagirkeriya Tirk \u00fb b\u00ea w\u00eejdaniya w\u00ea radixe ber\u00e7av. L\u00ea li hember van \u00ear\u00ee\u015f \u00fb hewldan\u00ean dagirkeriy\u00ea r\u00eaya me j\u00ee zelale. Weke h\u00eaz\u00ean parastina jin\u00ea li ser esas\u00ea parastina gelan \u00fb tevah\u00ee jinan em\u00ea xeta teko\u015f\u00een \u00fb berxwedan\u00ea ji her dem\u00ea z\u00eadetir bilind bikin.<\/p>\n<p>Em bi v\u00ea zaneb\u00fbn\u00ea 8. Salvegera art\u00ea\u015fb\u00fbna xwe p\u00ea\u015fwaz\u00ee dikin. Di v\u00ea watey\u00ea de erk \u00fb berpirsyariy\u00ean d\u00eerok\u00ee dikevin ser mil\u00ea me. Ji bo p\u00eakan\u00eena van berpirsyariy\u00ean d\u00eerok\u00ee ked \u00fb berd\u00eala ji me t\u00ea xwestin em j\u00ea re amade ne. Ji bo em tecr\u00eeda girankir\u00ee ya li ser R\u00eaber APO t\u00ea me\u015fandin bi\u015fk\u00eenin, em sond \u00fb biryardariya bilindkirina teko\u015f\u00eena xwe n\u00fb dikin.<\/p>\n<p>Bi v\u00ea b\u00eer \u00fb baweriy\u00ea em careke din roja vej\u00een\u00ea, rojb\u00fbna R\u00eaber APO, salvegera 7. ya avakirina YPJ\u2019\u00ea li hem\u00fb jinan, gel\u00ean Bak\u00fbr-Rojhilat\u00ea S\u00fbr\u00ee \u00fb tevah\u00ee mirovahiy\u00ea p\u00eeroz dikin. Di \u015fexs\u00ea \u015feh\u00eed\u00ean Berxwedana R\u00fbmet\u00ea \u00fb \u015feh\u00eed\u00ean Berxwedana Serdem\u00ea de tevah\u00ee \u015feh\u00eed\u00ean \u015fore\u015fa gelan \u00fb azadiy\u00ea bib\u00eert\u00eenin \u00fb soza me daye \u015feh\u00eed\u00ean xwe n\u00fb dikin.<\/p>\n<p><strong>Fermandariya Gi\u015ft\u00ee Ya YPJ\u2019\u00ea<\/strong><\/p>\n","protected":false},"excerpt":{"rendered":"<p>Roja, heb\u00fbn\u00ea, roja vej\u00een \u00fb k\u00ealiya bi navkirina zay\u00eena mirov\u00ea Azad, 4\u2019\u00ea N\u00eesan\u00ea Rojb\u00fbna R\u00eaber APO \u00fb salvegera 7. ya damezrandina art\u00ea\u015fa me YPJ\u2019\u00ea li jin\u00ean azad\u00eexwaz \u00fb li tevah\u00ee mirovahiy\u00ea p\u00eeroz dikin. Her wiha em li gel\u00ean Bak\u00fbr-Rojhilat\u00ea S\u00fbr\u00ee \u00fb gel\u00ean qed\u00eem y\u00ea rojhilata nav\u00een p\u00eeroz dikin. Em di \u015fexs\u00ea hevr\u00eay\u00ean xwe \u015feh\u00eed J\u00eenda [&hellip;]<\/p>\n","protected":false},"author":1,"featured_media":13237,"comment_status":"closed","ping_status":"closed","sticky":false,"template":"","format":"standard","meta":{"footnotes":""},"categories":[39],"tags":[],"class_list":{"0":"post-10712","1":"post","2":"type-post","3":"status-publish","4":"format-standard","5":"has-post-thumbnail","7":"category-daxuyani"},"_links":{"self":[{"href":"https:\/\/ypjrojava.net\/index.php?rest_route=\/wp\/v2\/posts\/10712","targetHints":{"allow":["GET"]}}],"collection":[{"href":"https:\/\/ypjrojava.net\/index.php?rest_route=\/wp\/v2\/posts"}],"about":[{"href":"https:\/\/ypjrojava.net\/index.php?rest_route=\/wp\/v2\/types\/post"}],"author":[{"embeddable":true,"href":"https:\/\/ypjrojava.net\/index.php?rest_route=\/wp\/v2\/users\/1"}],"replies":[{"embeddable":true,"href":"https:\/\/ypjrojava.net\/index.php?rest_route=%2Fwp%2Fv2%2Fcomments&post=10712"}],"version-history":[{"count":1,"href":"https:\/\/ypjrojava.net\/index.php?rest_route=\/wp\/v2\/posts\/10712\/revisions"}],"predecessor-version":[{"id":10713,"href":"https:\/\/ypjrojava.net\/index.php?rest_route=\/wp\/v2\/posts\/10712\/revisions\/10713"}],"wp:featuredmedia":[{"embeddable":true,"href":"https:\/\/ypjrojava.net\/index.php?rest_route=\/wp\/v2\/media\/13237"}],"wp:attachment":[{"href":"https:\/\/ypjrojava.net\/index.php?rest_route=%2Fwp%2Fv2%2Fmedia&parent=10712"}],"wp:term":[{"taxonomy":"category","embeddable":true,"href":"https:\/\/ypjrojava.net\/index.php?rest_route=%2Fwp%2Fv2%2Fcategories&post=10712"},{"taxonomy":"post_tag","embeddable":true,"href":"https:\/\/ypjrojava.net\/index.php?rest_route=%2Fwp%2Fv2%2Ftags&post=10712"}],"curies":[{"name":"wp","href":"https:\/\/api.w.org\/{rel}","templated":true}]}}