{"id":10723,"date":"2020-04-24T06:28:35","date_gmt":"2020-04-24T06:28:35","guid":{"rendered":"https:\/\/ypjrojava.net\/?p=10723"},"modified":"2022-06-18T09:19:12","modified_gmt":"2022-06-18T09:19:12","slug":"ji-gele-me-u-raya-gisti-re-4","status":"publish","type":"post","link":"https:\/\/ypjrojava.net\/?p=10723","title":{"rendered":"Ji Gel\u00ea Me \u00fb Raya Gi\u015ft\u00ee Re"},"content":{"rendered":"<p>&nbsp;<\/p>\n<p>Em di s\u00eayem\u00een salvegera komkujiya Qere\u00e7ox\u00ea de, tevah\u00ee \u015feh\u00eed\u00ean qere\u00e7ox \u00fb hem\u00fb \u015feh\u00eed\u00ean ku di xeta azadiy\u00ea de bi fedekariyeke mezin hetan\u00ee daw\u00ee li berxwe dane, bi kedek mezin ji bona parastina gel \u00fb welat\u00ea xwe, can\u00ea xwe feda kirine, em bi dildariyeke mezin wan bi b\u00eert\u00eenin \u00fb careke din soza xwe li hember\u00ee eg\u00eedb\u00fbn \u00fb qehermaniya wan n\u00fb dikin.<\/p>\n<p>Sal\u00ean ku me li pey xwe hi\u015ftin sal\u00ean gelek gir\u00eeng \u00fb bi wate b\u00fbn. Sal\u00ean destkeftiy\u00ean d\u00eerok\u00ee y\u00ea \u015fore\u015fa me b\u00fbn. L\u00ea b\u00eaguman yek sal j\u00ee bi h\u00easan\u00ee derbas neb\u00fb. Li hember\u00ee her destkeft\u00ee \u00fb serkeftineke gel\u00ea me, \u00ear\u00ee\u015feke xedar p\u00eakhatiye. Her car\u00ea bi saya sekna jina azad \u00fb hevgirtina gel\u00ean Ereb-Kurd \u00fb gel\u00ean din \u00ean her\u00eam\u00ea ev plan \u00fb r\u00eabaz\u00ean hov\u00eetiy\u00ea vala derketin. Bi hezaran jin\u00ean ku li benda azadiya xwe b\u00fbn ji tar\u00eetiya \u00e7etey\u00ean DA\u0130\u015e\u2019\u00ea hatin rizgarkirin \u00fb deng\u00ea berxwedana jinan li wir h\u00een bilintir b\u00fb. \u00ceradeya her\u00ee ku mirovahiy\u00ea p\u00ea bawer kir h\u00eaza \u015fervan\u00ean me y\u00ean YPJ-YPG \u00fb QSD b\u00fb. Di demeke ku me dest bi p\u00eangav\u00ean d\u00eerok\u00ee y\u00ean \u015fikandina hov\u00eetiya \u00e7etey\u00ean DA\u0130\u015e\u2019\u00ea kirib\u00fb, dewleta Tirk, ji bo p\u00ea\u015f\u00ee li deskeftiy\u00ean me \u00fb y\u00ean tevah\u00ee gel\u00ean her\u00eam\u00ea bigre, v\u00ea car\u00ea ber\u00ea \u00ear\u00ee\u015f\u00ean xwe da dezgeh \u00fb biryargeh\u00ean me y\u00ean le\u015fker\u00ee. Di sala 2017\u2019an, di \u015feva 24&#8242; N\u00eesan\u00ea de \u00e7iyay\u00ea Qer\u00e7ox\u00ea b\u00fb hedefa h\u00eaz\u00ean dagirker. B\u00eaguman bi v\u00ea \u00ear\u00ee\u015f\u00ea re hem r\u00fby\u00ea h\u00eaz\u00ean ku pi\u015ftgiriya DA\u0130\u015e\u2019\u00ea dikin derkete hol\u00ea, hem j\u00ee ba\u015f hate fam kirin ku w\u00ea \u00ear\u00ee\u015f\u00ean li dij\u00ee gel\u00ea me ji sal\u00ean bor\u00ee dijwartir bibin. Ango \u00ead\u00ee yekser w\u00ea dewlet\u00ean mezin tev\u00ee tekn\u00eeka xwe ya her\u00ee modern \u00ear\u00ee\u015f\u00ea bibin ser welat\u00ea me \u00fb dest bi dagirkeriyeke mezin bikin.<\/p>\n<p>Me bi dehan r\u00eaheval\u00ean xwe y\u00ean ku li bajar\u00ea Ser\u00eakaniy\u00ea, Koban\u00ee \u00fb Efr\u00een\u00ea ji bo parastina gel\u00ea xwe fedekar\u00ee \u00fb kedeke mezin dab\u00fbn, di \u00ear\u00ee\u015fa Qere\u00e7ox\u00ea de wenda kir. Her yek ji wan b\u00fb sembol \u00fb m\u00eerasek\u00ee b\u00ea hesab kirin mal\u00ea d\u00eerok\u00ea. M\u00eena heval Ararat, Jiyan \u00fb R\u00fbstem, bi rihek\u00ee feda\u00ee \u00fb bi seknek bi biryar di \u015fer\u00ea Koban\u00ea de cih giritib\u00fbn. Her wiha r\u00eaheval\u00ean me \u015e\u00eelan Botan, Haq\u00ee Bagok \u00fb Rewan G\u00eanco ku endam\u00ean ragihandina le\u015fker\u00ee b\u00fbn, bi w\u00earekiyeke mezin di her p\u00eangav\u00ea de ber\u00ea objekt\u00eef\u00ean xwe dab\u00fbn rastiya hov\u00eetiya h\u00eaz\u00ean dagirker. Her yek ji wan di p\u00ea\u015fxistina n\u00fb\u00e7egihaniya \u015fer de kedeke mezin dab\u00fbn. Heval Nuda, Sozdar, Awaz, Z\u00eelan, Destan, Arj\u00een \u00fb \u015e\u00eelan Koban\u00ea j\u00ee bi dilpak\u00ee \u00fb e\u015fqa jiyana azad \u00fb welat\u00ea xwe, di qad\u00ean cuda y\u00ean \u015fer de cih girtib\u00fbn. Her yek ji wan bi erk \u00fb berpirsyariy\u00ean mezin rab\u00fbb\u00fbn \u00fb b\u00fbb\u00fbn par\u00e7eyek ji \u015fore\u015fa mirovahiy\u00ea.<\/p>\n<p>\u00cero di encama hevkariya navdewlet\u00ee ya h\u00eaz\u00ean komploger, di p\u00ea\u015fengiya dewleta Tirk a dagirker de bajar\u00ean me Efr\u00een, Til Ebyad \u00fb Ser\u00eakaniy\u00ea pi\u015ft\u00ee \u015ferek\u00ee giran hatine dagirkirin. B\u00eaguman armanca h\u00eaz\u00ean komploger, dagirkirina tevah\u00ee Rojava \u00fb her\u00eama Bakur-Rojhilat\u00ea S\u00fbriy\u00ea b\u00fb, l\u00ea di encama berxwedana b\u00eahempa ya \u015fervan\u00ean me, d\u00eesa ji ber irsara gel a may\u00eena li ser xaka xwe, ev plana wan weke dixwestin p\u00eak nehat. Li hember\u00ee dagirkeriya dewleta Tirk p\u00eangava Berxwedana R\u00fbmet\u00ea hem\u00fb mirovah\u00ee rakir ser piyan. Bi sekna \u015fervan\u00ean me \u00fb bi v\u00ea rab\u00fbna giranb\u00fbha ya gelan hat n\u00ee\u015fan dan ku \u00ear\u00ee\u015f \u00e7iqas giran dibe bila bibe, l\u00ea deng\u00ea ku serbikeve, deng\u00ea gel\u00ean azad\u00eexwaze. \u015eervan\u00ean me y\u00ean YPJ-YPG \u00fb QSD j\u00ee bi v\u00ea zaneb\u00fbn\u00ea heya roja \u00eero di eniy\u00ean her\u00ee p\u00ea\u015f de ji bo azadiya gel\u00ea xwe can\u00ea xwe kirine mertal. Ev sekna bi r\u00fbmeta dildariya bi \u015feh\u00eed\u00ean Qere\u00e7ox \u00fb ya bi tevah\u00ee \u015feh\u00eed\u00ean \u015fore\u015f\u00ea re ye.<\/p>\n<p>L\u00ea gef, tehd\u00eet \u00fb \u00ear\u00ee\u015f\u00ean li ser her\u00eam\u00ea bi daw\u00ee neb\u00fbne \u00fb w\u00ea berdewam bikin. W\u00ea h\u00eaz\u00ean komploger careke din bixwazin \u00ear\u00ee\u015f\u00ean dagirkeriy\u00ea li hember\u00ee gel\u00ea me \u00fb h\u00eaz\u00ean me p\u00eak b\u00eenin. Ji bo w\u00ea j\u00ee p\u00eaw\u00eeste di her qada me ya teko\u015f\u00een\u00ea de hi\u015fyar\u00ee \u00fb berxwedaniya li hember\u00ee v\u00ea dagirkeriy\u00ea hebe. Bi v\u00ea zaneb\u00fbn\u00ea tevger\u00een, xwe amadekirin, kar \u00fb xebat me\u015fandin pir gir\u00eenge.<\/p>\n<p>\u00cero komkujiya Qere\u00e7ox\u00ea 3 sal li pey xwe hi\u015ft. Ew hov\u00eet\u00ee ti car\u00ee nehate ji b\u00eerkirin. Me bi dehan r\u00eaheval\u00ean xwe y\u00ean giranbiha di wir de wenda kir. Ji ber w\u00ea em weke Yek\u00eeney\u00ean Parastina Jin YPJ careke din ji gel\u00ea xwe re dib\u00eajin, em\u00ea hesab\u00ea her \u00ear\u00ee\u015f \u00fb komkujiy\u00ea ji dijmin\u00ea xwe bipirsin. Em\u00ea tola gel\u00ea xwe \u00fb ya tevah\u00ee mirovahiy\u00ea hil\u00eenin. Careke din em li hember\u00ee \u015feh\u00eed\u00ean Qer\u00e7ox\u00ea soza xwe n\u00fb dikin ku em\u00ea jiyaneke may\u00eende ya azad \u00fb aram diyar\u00ee gel \u00fb tevah\u00ee jinan bikin.<\/p>\n<p><strong>Fermandariya Gi\u015ft\u00ee ya YPJ<\/strong><\/p>\n<p><strong>24 N\u00eesan 2020<\/strong><\/p>\n","protected":false},"excerpt":{"rendered":"<p>&nbsp; Em di s\u00eayem\u00een salvegera komkujiya Qere\u00e7ox\u00ea de, tevah\u00ee \u015feh\u00eed\u00ean qere\u00e7ox \u00fb hem\u00fb \u015feh\u00eed\u00ean ku di xeta azadiy\u00ea de bi fedekariyeke mezin hetan\u00ee daw\u00ee li berxwe dane, bi kedek mezin ji bona parastina gel \u00fb welat\u00ea xwe, can\u00ea xwe feda kirine, em bi dildariyeke mezin wan bi b\u00eert\u00eenin \u00fb careke din soza xwe li hember\u00ee [&hellip;]<\/p>\n","protected":false},"author":1,"featured_media":13231,"comment_status":"closed","ping_status":"closed","sticky":false,"template":"","format":"standard","meta":{"footnotes":""},"categories":[39],"tags":[],"class_list":{"0":"post-10723","1":"post","2":"type-post","3":"status-publish","4":"format-standard","5":"has-post-thumbnail","7":"category-daxuyani"},"_links":{"self":[{"href":"https:\/\/ypjrojava.net\/index.php?rest_route=\/wp\/v2\/posts\/10723","targetHints":{"allow":["GET"]}}],"collection":[{"href":"https:\/\/ypjrojava.net\/index.php?rest_route=\/wp\/v2\/posts"}],"about":[{"href":"https:\/\/ypjrojava.net\/index.php?rest_route=\/wp\/v2\/types\/post"}],"author":[{"embeddable":true,"href":"https:\/\/ypjrojava.net\/index.php?rest_route=\/wp\/v2\/users\/1"}],"replies":[{"embeddable":true,"href":"https:\/\/ypjrojava.net\/index.php?rest_route=%2Fwp%2Fv2%2Fcomments&post=10723"}],"version-history":[{"count":1,"href":"https:\/\/ypjrojava.net\/index.php?rest_route=\/wp\/v2\/posts\/10723\/revisions"}],"predecessor-version":[{"id":10725,"href":"https:\/\/ypjrojava.net\/index.php?rest_route=\/wp\/v2\/posts\/10723\/revisions\/10725"}],"wp:featuredmedia":[{"embeddable":true,"href":"https:\/\/ypjrojava.net\/index.php?rest_route=\/wp\/v2\/media\/13231"}],"wp:attachment":[{"href":"https:\/\/ypjrojava.net\/index.php?rest_route=%2Fwp%2Fv2%2Fmedia&parent=10723"}],"wp:term":[{"taxonomy":"category","embeddable":true,"href":"https:\/\/ypjrojava.net\/index.php?rest_route=%2Fwp%2Fv2%2Fcategories&post=10723"},{"taxonomy":"post_tag","embeddable":true,"href":"https:\/\/ypjrojava.net\/index.php?rest_route=%2Fwp%2Fv2%2Ftags&post=10723"}],"curies":[{"name":"wp","href":"https:\/\/api.w.org\/{rel}","templated":true}]}}