{"id":10743,"date":"2020-05-21T08:20:57","date_gmt":"2020-05-21T08:20:57","guid":{"rendered":"https:\/\/ypjrojava.net\/?p=10743"},"modified":"2022-06-18T08:31:57","modified_gmt":"2022-06-18T08:31:57","slug":"dayikek-servanek","status":"publish","type":"post","link":"https:\/\/ypjrojava.net\/?p=10743","title":{"rendered":"Day\u00eekek, \u015eervanek"},"content":{"rendered":"<p><strong>B\u00ear\u00eevan Ciz\u00eer\u00ee\u00a0<\/strong><\/p>\n<p>Di \u015fore\u015fa Rojava de bi sedan \u015fervan\u00ean YPJ\u2019\u00ea weke N\u00ee\u015fa hene. Dem hat bav \u00fb kur di kozikan de \u015fer kirin. Dem hat day\u00eek \u00fb ke\u00e7 mil bi mil bajar\u00ea xwe parastin. Hem\u00fb b\u00fbn yek dil, \u00e7ek rakirin xaka xwe parastin. Ev h\u00ea j\u00ee berdewam dike. Xwe bi nav\u00ea H\u00eaz\u00ean Parastina Cewher\u00ee r\u00eaxistin kirine. Ev h\u00eaz ji gel ava dibe. Y\u00ean t\u00ea de j\u00ee cih\u00ea xwe digrin bav, kur, xw\u00fb\u015fk, pismam, dotmam\u2026 Bi kurtas\u00ee malbata teng heya malbata berfireh hem\u00fb di nava YPG \u00fb YPJ\u2019\u00ea de cih\u00ea xwe digrin. \u015eervana YPJ N\u00ee\u015fa j\u00ee yek ji wane. N\u00ee\u015fa jineke 19 sal\u00ee ye. Bi xwe day\u00eeke \u00fb ke\u00e7eke w\u00ea heye. Dema \u015fer\u00ea Efr\u00een\u00ea destp\u00ea dike, hevser\u00ea w\u00ea dagirkeriya li ser welat\u00ea xwe qeb\u00fbl nake \u00fb be\u015fdar\u00ee nava ref\u00ean YPG\u2019\u00ea dibe. Ji ber ew j\u00ee di w\u00ea zaneb\u00fbn\u00ea de b\u00fb ku ev dagirker\u00ee, ev \u00ear\u00ee\u015f \u00ear\u00ee\u015fa li ser tevah\u00ee gel\u00ea her\u00eam\u00ea ye. \u00car\u00ee\u015fa li ser gel\u00ea Kurd, Ereb, S\u00fbryan, Tirkmen \u00fb As\u00fbriye. \u00car\u00ee\u015fa li ser yek\u00eetiya gel\u00ea her\u00eam\u00ea ye. Hevj\u00een\u00ea N\u00ee\u015fa heya henaseya xwe ya daw\u00ee li rex ciwan\u00ean Efr\u00een\u00ee li berxwe dide. Pi\u015ft\u00ee mehek ji berxwedana serdem\u00ea derbas dibe tev\u00ee gr\u00fbbek hevr\u00eay\u00ean xwe tevl\u00ea nava Karwan\u00ean Nemiran dibe. Sekna hevser\u00ea w\u00ea y\u00ea berxwed\u00ear \u00fb lehengiya heval\u00ean w\u00ee bandoreke mezin li ser N\u00ee\u015fa ava dike. N\u00ee\u015fa dib\u00eaje ez\u00ea be\u015fdar\u00ee nava ref\u00ean YPJ\u2019\u00ea bibim \u00fb xwed\u00ee li teko\u015f\u00eena wan derkevim. Dema ku N\u00ee\u015fa n\u00fb tevl\u00ea dibe ji ber ke\u00e7a xwe, destp\u00eak\u00ea hinek\u00ee d\u00fbdil\u00ee jiyan dike. Dib\u00eaje; dibe ku ev rew\u015f ji min re bibe asteng. L\u00ea pi\u015ft\u00ee ku nava ref\u00ean YPJ\u2019\u00ea de perwerde dib\u00eene \u00fb heq\u00eeqeta ve\u015fart\u00ee ya jiyana azad dib\u00eene, v\u00ea d\u00fbdiliya xwe derbas dike. Dib\u00eaje, \u00e7i bibe bila bibe ez\u00ea jinek p\u00ea\u015feng, rastiya heq\u00eeqet\u00ea binasim \u00fb xwe di perwerd\u00ea de p\u00ea\u015f bixim. \u00db rizgarkirina Efr\u00een\u00ea armanca min a her\u00ee mezine.<\/p>\n<p><strong>\u201cJi bona Welat \u00fb \u015eeh\u00eedan p\u00eaw\u00eeste ez \u015fer bikim\u201d<\/strong><\/p>\n<p>\u015eervana YPJ\u2019\u00ea N\u00ee\u015fa Y\u00eegit Botan wiha dest bi axaftina xwe dike; \u201cDi civak\u00ea de jin ji bona xwendin, zewac \u00fb zarok an\u00een\u00ea t\u00ean mezin kirin. Bandora malbat \u00fb dewlet\u00ea li ser jinan heye. Ji xwe malbata min j\u00ee li ser bingeh\u00ea van f\u00earb\u00fbn\u00ean civak\u00ee ez dame zew\u00fbcandin. Niha ke\u00e7eke mina yek sal\u00ee j\u00ee heye. Di sala ku ez zewic\u00eem Berxwedana Serdem\u00ea destp\u00eakir. Hevser\u00ea min cih\u00ea xwe di nava v\u00ea berxwedan\u00ea de girt. Mehek derbas b\u00fb, hevj\u00een\u00ea min \u015feh\u00eed ket. Tev\u00ee w\u00ee pir heval\u00ean din j\u00ee \u015feh\u00eet ketin. Van \u015fehadetan bandoreke mezin li ser min ava kir. Her \u00e7iqas malbat welatpar\u00eaz j\u00ee be, ne dixwestin weke jin, bi teybet weke jineke zewic\u00ee tevl\u00ee nava YPJ\u2019\u00ea bibim. L\u00ea dema ku wan j\u00ee rastiya dijmin d\u00eetin, wate dane v\u00ea biryara min. Pi\u015ft\u00ee teko\u015f\u00eena min a li hember malbat\u00ea \u00fb pergal\u00ea, min got ez\u00ea \u00e7eka hevj\u00een\u00ea xwe rakim \u00fb tola w\u00ee hil\u00eenim. Dema ku ez tevl\u00ee YPJ\u2019\u00ea b\u00fbm baweriya min tam bi min neb\u00fb. L\u00ea bel\u00ea pi\u015ft\u00ee ez tevl\u00ea b\u00fbm \u00fb min xeta jina azad naskir min h\u00eaza xwe j\u00ee naskir. Dema min k\u00eal\u00ee bi k\u00eal\u00ee ev jiyan naskir, min go teqez div\u00ea ez ji bo welat \u00fb \u015feh\u00eedan \u015fer bikim. \u00db min fam kir ku, dema ku armanca mirov mezin be, ti\u015ftek nikare li p\u00ea\u015fiya me bibe asteng.\u201d<\/p>\n<p><strong>\u201cEm weke S\u00fbryan\u00ee her bi ten\u00ea hatib\u00fbn hi\u015ftin\u201d<\/strong><\/p>\n<p>Botan di dawiya axaftina xwe de bal ki\u015fande ser van xalan; \u201cWeke jineke S\u00fbryan\u00ee naskirina min a ji YPJ\u2019\u00ea re, naskirina min a ji felsefeya R\u00eaber Ocalan re z\u00eade n\u00een b\u00fb. Ji ber S\u00fbryan\u00ee her ten\u00ea hatine h\u00ee\u015ftin. Xwe ne n\u00eaz\u00ee Ereban, ne j\u00ee n\u00eaz\u00ee Kurdan nedid\u00eetin. Ez \u00e7awa b\u00eajim; em weke qewm\u00ea S\u00fbryan\u00ee her ten\u00ea hatib\u00fbn hi\u015ftin. L\u00ea dema min felsefe \u00fb b\u00eerdoziya Serok APO naskir, min fam kir ka YPJ li ser \u00e7i esasan hatiye avakirin. Serokat\u00ee yekb\u00fbna gel\u00ean ku heya roja \u00eero di nava pen\u00e7\u00ean qirkirin\u00ea de b\u00fbn, ava kiriye. Bi rast\u00ee j\u00ee ev xal\u00ean pir gir\u00eengin \u00fb yek ji sedem\u00ean bingeh\u00een ya tevl\u00eab\u00fbna ciwan\u00ean ji netew\u00ean c\u00fbda ye. Yek ji ti\u015fta ku bala min j\u00ee ki\u015fand p\u00ea\u015fengiya jin\u00ea b\u00fb. Jin li vir di her qad\u00ea p\u00ea\u015fenge \u00fb rola w\u00ea diyarkere. Ev ji bona min nirxeke mezine \u00fb h\u00eazeke c\u00fbda dide min. Niha j\u00ee min ji bo xwe weke hedefa sereke rizgarkirina bajar\u00ea Efr\u00een\u00ea daniye. Ji ber w\u00ea ev bibe tolhildana ji hevj\u00een\u00ea min \u00fb hem\u00fb \u015feh\u00eed\u00ean berxwedana Serdem\u00ea re. Ji bona we j\u00ee ez\u00ea heya jiyana xwe ya daw\u00ee \u015fer bikim.\u201d<\/p>\n","protected":false},"excerpt":{"rendered":"<p>B\u00ear\u00eevan Ciz\u00eer\u00ee\u00a0 Di \u015fore\u015fa Rojava de bi sedan \u015fervan\u00ean YPJ\u2019\u00ea weke N\u00ee\u015fa hene. Dem hat bav \u00fb kur di kozikan de \u015fer kirin. Dem hat day\u00eek \u00fb ke\u00e7 mil bi mil bajar\u00ea xwe parastin. Hem\u00fb b\u00fbn yek dil, \u00e7ek rakirin xaka xwe parastin. Ev h\u00ea j\u00ee berdewam dike. Xwe bi nav\u00ea H\u00eaz\u00ean Parastina Cewher\u00ee r\u00eaxistin [&hellip;]<\/p>\n","protected":false},"author":1,"featured_media":13224,"comment_status":"closed","ping_status":"closed","sticky":false,"template":"","format":"standard","meta":{"footnotes":""},"categories":[38],"tags":[],"class_list":{"0":"post-10743","1":"post","2":"type-post","3":"status-publish","4":"format-standard","5":"has-post-thumbnail","7":"category-nuce"},"_links":{"self":[{"href":"https:\/\/ypjrojava.net\/index.php?rest_route=\/wp\/v2\/posts\/10743","targetHints":{"allow":["GET"]}}],"collection":[{"href":"https:\/\/ypjrojava.net\/index.php?rest_route=\/wp\/v2\/posts"}],"about":[{"href":"https:\/\/ypjrojava.net\/index.php?rest_route=\/wp\/v2\/types\/post"}],"author":[{"embeddable":true,"href":"https:\/\/ypjrojava.net\/index.php?rest_route=\/wp\/v2\/users\/1"}],"replies":[{"embeddable":true,"href":"https:\/\/ypjrojava.net\/index.php?rest_route=%2Fwp%2Fv2%2Fcomments&post=10743"}],"version-history":[{"count":1,"href":"https:\/\/ypjrojava.net\/index.php?rest_route=\/wp\/v2\/posts\/10743\/revisions"}],"predecessor-version":[{"id":10745,"href":"https:\/\/ypjrojava.net\/index.php?rest_route=\/wp\/v2\/posts\/10743\/revisions\/10745"}],"wp:featuredmedia":[{"embeddable":true,"href":"https:\/\/ypjrojava.net\/index.php?rest_route=\/wp\/v2\/media\/13224"}],"wp:attachment":[{"href":"https:\/\/ypjrojava.net\/index.php?rest_route=%2Fwp%2Fv2%2Fmedia&parent=10743"}],"wp:term":[{"taxonomy":"category","embeddable":true,"href":"https:\/\/ypjrojava.net\/index.php?rest_route=%2Fwp%2Fv2%2Fcategories&post=10743"},{"taxonomy":"post_tag","embeddable":true,"href":"https:\/\/ypjrojava.net\/index.php?rest_route=%2Fwp%2Fv2%2Ftags&post=10743"}],"curies":[{"name":"wp","href":"https:\/\/api.w.org\/{rel}","templated":true}]}}