{"id":10754,"date":"2020-05-30T07:24:08","date_gmt":"2020-05-30T07:24:08","guid":{"rendered":"https:\/\/ypjrojava.net\/?p=10754"},"modified":"2022-06-18T08:20:32","modified_gmt":"2022-06-18T08:20:32","slug":"ji-gele-me-u-raya-gisti-re-5","status":"publish","type":"post","link":"https:\/\/ypjrojava.net\/?p=10754","title":{"rendered":"Em\u00ea Bi Sekna Silava \u00db B\u00ear\u00eevanan Teko\u015f\u00eena Azadiy\u00ea Bilind Bikin"},"content":{"rendered":"<p><strong>\u00a0 <\/strong>Gir\u00eaday\u00ee Bak\u00fbr Rojhilat\u00ea S\u00fbr\u00ee li her\u00eama Ciz\u00eer\u00ea bi dehan \u015fervan\u00ean YPJ&#8217;\u00ea, \u015feh\u00eed\u00ean ava kirina Yek\u00eeney\u00ean Parastina Jin YPJ&#8217;\u00ea \u015eeh\u00eed Silava \u00fb \u015eeh\u00eed B\u00ear\u00eevan bi meras\u00eemeke le\u015fker\u00ee bi b\u00eeran\u00een.<\/p>\n<p>Di meras\u00eem\u00ea de fermandara YPJ&#8217;\u00ea Newroz Ehmed x\u00eetab\u00ea \u015fervana kir \u00fb wiha got; &#8221;\u00cero salvegera \u015fehadeta \u015eeh\u00eed B\u00ear\u00eevan \u00fb \u015eeh\u00eed Silava ye. Ev heval \u00a0\u015feh\u00eed\u00ean me y\u00ean destp\u00eak\u00ea y\u00ean ava kirina YPJ&#8217;\u00ea ne. Em bi v\u00ea wes\u00eeley\u00ea tevah\u00ee \u015feh\u00eed\u00ean xwe y\u00ea qehreman bi b\u00eert\u00eenin \u00fb bejna xwe li ber wan ditew\u00een\u00een. Em soza xwe ya ku em\u00ea xwed\u00ee li doza wan derkevin dubare dikin.&#8221;<\/p>\n<p>Ehmed axaftina xwe bi van gotinan domand; &#8221;R\u00eaheval\u00ean h\u00eaja ger em \u00eero di v\u00ea wargeh\u00ea de v\u00ea salveger\u00ea bi b\u00eer t\u00eenin bi saya hezaran \u015feh\u00eedan e. T\u00eako\u015f\u00eena di \u015fexs\u00ea Silava \u00fb B\u00ear\u00eevan de derket p\u00ea\u015f bi welatpar\u00eaziya jin\u00ean her\u00eam\u00ea, ciwanan \u00fb bi gel\u00ea me xurttir b\u00fb. Ev t\u00eako\u015f\u00eena ku di \u015fexs\u00ea van jin\u00ean \u015fore\u015fger \u00ean Kurd de p\u00ea\u015f ket bi dem\u00ea re b\u00fb mal\u00ea tevah\u00ee jinan \u00fb pekhateya her\u00eam\u00ea, gel\u00ea Ereb, \u00c7erkez, Suryan, Durz\u00ee, Ermen\u00ee heman dem\u00ea de b\u00fb h\u00eaviya tevah\u00ee jin\u00ean c\u00eehan\u00ea.&#8221;<\/p>\n<p>Fermandar Newroz Ehmed di meras\u00eem\u00ea de wiha qala kesayeta \u015eeh\u00eed Silava \u00fb \u015eeh\u00eed B\u00ear\u00eevan kir; &#8221;Heval Silava \u00fb Heval Ber\u00eevan di destp\u00eaka t\u00eako\u015f\u00een\u00ea de b\u00ea teredut be\u015fdar\u00ee refan b\u00fbn. Heval Silava bi rihek\u00ee berpirsyar \u00fb welatpar\u00eaziyeke bilind di\u00a0 konferansa ava kirina Yek\u00eeney\u00ean Parastina Jin YPJ&#8217;\u00ea de cih girt. Wan dem\u00ean ku konferans berdewam dikir de \u00e7etey\u00ean xw\u00eenmij \u00ear\u00ee\u015f birin ser Efr\u00een\u00ea r\u00eaheval Silava di temen\u00ea xwe y\u00ea ciwan de bi \u00e7ek \u00fb rext xwe xemiland \u00fb ber\u00ea xwe da qada \u015fer. Bi rihek\u00ee berxwed\u00ear tevl\u00ee t\u00eako\u015f\u00een\u00ea b\u00fb \u00fb \u00eero ji bo me xeta t\u00eako\u015f\u00eena YPJ&#8217;\u00ea diyar kir.&#8221;<\/p>\n<p>Fermandar Ehmed ji bo kesayeta \u015eeh\u00eed B\u00ear\u00eevan j\u00ee wiha got; &#8221;Hevala B\u00ear\u00eevan j\u00ee yek ji heval\u00ean me y\u00ean destp\u00eak\u00ea ku be\u015fdar\u00ee nava ref\u00ean YPJ&#8217;\u00ea b\u00fb. Hevaleke zewic\u00ee b\u00fb xwed\u00ee zarok b\u00fb l\u00ea qet ev j\u00ee xwe re nekir asteng. Dema ku \u00e7etey\u00ean hov \u00ear\u00ee\u015f\u00ee jin \u00fb gel\u00ea me kir, qetilkirina jin \u00fb gel\u00ea xwe nepejirand b\u00ea ti\u015ft\u00ean xwey\u00ea takekes\u00ee bifikire be\u015fdar\u00ee \u00e7eperen \u015fer b\u00fb. Ev heval hem \u015fervan hem j\u00ee fermandar\u00ean t\u00eako\u015f\u00een\u00ea \u00fb p\u00ea\u015feng\u00ean me y\u00ean ku em \u00eero li ser t\u00eako\u015f\u00eena wan dime\u015fin in.&#8221;<\/p>\n<p>Di meras\u00eem\u00ea de xw\u00fb\u015fka \u015eeh\u00eed B\u00ear\u00eevan, B\u00ear\u00eevan Efr\u00een j\u00ee axiv\u00ee \u00fb wiha got; &#8221;Heval B\u00ear\u00eevan h\u00eena di temenek\u00ee bi\u00e7\u00fbk de bi hest\u00ean welatpar\u00eaziy\u00ea mezin b\u00fb. Bi rih\u00ea azad\u00ee \u00fb hezkirina welat xwe r\u00eaxistin kir. Zilm \u00fb jiyana bindest tu caran nepejirand ji bo w\u00ea j\u00ee tevl\u00ee nava ref\u00ean YPJ&#8217;\u00ea b\u00fb \u00fb li ser v\u00ea r\u00eak\u00ea b\u00fb \u015feh\u00eeda welat\u00ea xwe.&#8221;<\/p>\n<p>Bav\u00ea \u015eeh\u00eed Silava, \u015eah\u00een Efr\u00een j\u00ee di meras\u00eem\u00ea de hest\u00ean xwe bi v\u00ee away\u00ee parve kir; &#8221;\u015eeh\u00eed Silava z\u00fb riya rastiy\u00ea nas kir \u00fb ber\u00ea xwe da riya teko\u015f\u00een\u00ea. Germahiya w\u00ea ya hevaltiy\u00ea pir z\u00eade b\u00fb \u00fb jiyana bindest nepejirand. Dizanib\u00fb ku ji bo v\u00ea ax\u00ea riya rast a R\u00eaber APO \u00fb \u015feh\u00eed\u00ean di ox\u00eera azadiya Kurdistan\u00ea de can\u00ea xwe daye ye. Ji ber v\u00ea j\u00ee ez dib\u00eajim \u015feh\u00eed namirin, \u015feh\u00eed namirin.&#8221;<\/p>\n<p>R\u00eahevala \u015eeh\u00eed Silava \u00fb B\u00ear\u00eevan Canda \u00cemral\u00ee j\u00ee derbar\u00ea gir\u00eengiya roj\u00ea de n\u00ear\u00een\u00ean xwe bi v\u00ee away\u00ee an\u00ee ziman; &#8221;Van r\u00eaheval\u00ean me bi t\u00eako\u015f\u00eena xwe xeta jina azad \u00fb jiyana bi r\u00fbmet diyar kirin. \u00cero em bi v\u00ea b\u00eeran\u00een\u00ea bi soza ku em\u00ea tola van \u015feh\u00eed\u00ean xwe rakin \u00fb dagirkeriy\u00ea li ser axa xwe tune bikin p\u00eakt\u00eenin. Ez j\u00ee wek\u00ee jineke Ereb careke din soza bilind kirina t\u00eako\u015f\u00eena wan didim. &#8221;<\/p>\n<p>\u015eervana YPJ&#8217;\u00ea Ronah\u00ee Heleb j\u00ee wiha got; &#8221;Heval Silava \u00fb Heval B\u00ear\u00eevan bi t\u00eako\u015f\u00eena xwe riya t\u00eako\u015f\u00een \u00fb \u015fore\u015f\u00ea ron\u00ee kirin em j\u00ee wek \u015fopdar\u00ea wan bi armanca azadiya hem\u00fb jin\u00ean c\u00eehan\u00ea t\u00eako\u015f\u00een dikin \u00fb ev t\u00eako\u015f\u00een heya roj\u00ean azad y\u00ea bi heman b\u00eer \u00fb baweriy\u00ea bidome. &#8221;<\/p>\n<p>Meras\u00eem bi dir\u00fb\u015fmey\u00ean &#8221;\u015eeh\u00eed Namirin \u00fb Jin Jiyan Azad\u00ee&#8221; ve bi daw\u00ee b\u00fb.<\/p>\n<p>&nbsp;<\/p>\n<p><strong>Navenda Ragihandina YPJ\u00a0 \u00a0<\/strong><\/p>\n","protected":false},"excerpt":{"rendered":"<p>\u00a0 Gir\u00eaday\u00ee Bak\u00fbr Rojhilat\u00ea S\u00fbr\u00ee li her\u00eama Ciz\u00eer\u00ea bi dehan \u015fervan\u00ean YPJ&#8217;\u00ea, \u015feh\u00eed\u00ean ava kirina Yek\u00eeney\u00ean Parastina Jin YPJ&#8217;\u00ea \u015eeh\u00eed Silava \u00fb \u015eeh\u00eed B\u00ear\u00eevan bi meras\u00eemeke le\u015fker\u00ee bi b\u00eeran\u00een. Di meras\u00eem\u00ea de fermandara YPJ&#8217;\u00ea Newroz Ehmed x\u00eetab\u00ea \u015fervana kir \u00fb wiha got; &#8221;\u00cero salvegera \u015fehadeta \u015eeh\u00eed B\u00ear\u00eevan \u00fb \u015eeh\u00eed Silava ye. Ev heval \u00a0\u015feh\u00eed\u00ean me [&hellip;]<\/p>\n","protected":false},"author":1,"featured_media":13211,"comment_status":"closed","ping_status":"closed","sticky":false,"template":"","format":"standard","meta":{"footnotes":""},"categories":[38],"tags":[],"class_list":{"0":"post-10754","1":"post","2":"type-post","3":"status-publish","4":"format-standard","5":"has-post-thumbnail","7":"category-nuce"},"_links":{"self":[{"href":"https:\/\/ypjrojava.net\/index.php?rest_route=\/wp\/v2\/posts\/10754","targetHints":{"allow":["GET"]}}],"collection":[{"href":"https:\/\/ypjrojava.net\/index.php?rest_route=\/wp\/v2\/posts"}],"about":[{"href":"https:\/\/ypjrojava.net\/index.php?rest_route=\/wp\/v2\/types\/post"}],"author":[{"embeddable":true,"href":"https:\/\/ypjrojava.net\/index.php?rest_route=\/wp\/v2\/users\/1"}],"replies":[{"embeddable":true,"href":"https:\/\/ypjrojava.net\/index.php?rest_route=%2Fwp%2Fv2%2Fcomments&post=10754"}],"version-history":[{"count":4,"href":"https:\/\/ypjrojava.net\/index.php?rest_route=\/wp\/v2\/posts\/10754\/revisions"}],"predecessor-version":[{"id":10759,"href":"https:\/\/ypjrojava.net\/index.php?rest_route=\/wp\/v2\/posts\/10754\/revisions\/10759"}],"wp:featuredmedia":[{"embeddable":true,"href":"https:\/\/ypjrojava.net\/index.php?rest_route=\/wp\/v2\/media\/13211"}],"wp:attachment":[{"href":"https:\/\/ypjrojava.net\/index.php?rest_route=%2Fwp%2Fv2%2Fmedia&parent=10754"}],"wp:term":[{"taxonomy":"category","embeddable":true,"href":"https:\/\/ypjrojava.net\/index.php?rest_route=%2Fwp%2Fv2%2Fcategories&post=10754"},{"taxonomy":"post_tag","embeddable":true,"href":"https:\/\/ypjrojava.net\/index.php?rest_route=%2Fwp%2Fv2%2Ftags&post=10754"}],"curies":[{"name":"wp","href":"https:\/\/api.w.org\/{rel}","templated":true}]}}