{"id":10767,"date":"2020-06-12T07:43:29","date_gmt":"2020-06-12T07:43:29","guid":{"rendered":"https:\/\/ypjrojava.net\/?p=10767"},"modified":"2022-06-18T08:10:31","modified_gmt":"2022-06-18T08:10:31","slug":"rojnivisen-dile-min","status":"publish","type":"post","link":"https:\/\/ypjrojava.net\/?p=10767","title":{"rendered":"Rojniv\u00ees\u00ean Dil\u00ea Min"},"content":{"rendered":"<p><strong>Di Ciz\u00eer \u00fb Firat\u00ea de \u015feveke min a Efr\u00een\u00ea<\/strong><\/p>\n<p>\u015eeveke bi \u00e7o\u015fa li hember mirin\u00ea \u015ferkirin, m\u00eena Efr\u00een\u00ea derbas b\u00fb. Her kes di int\u00ee\u015far\u00ea de ye, ji Firat\u00ea bigre heya Qami\u015flo rew\u015f wisa ye. Li mil\u00ea Til Ebyad ji herd\u00fb milan de \u00ear\u00ee\u015feke giran destp\u00ea kiriye. Ke\u015fif digere, gel\u00ea her\u00eam\u00ea j\u00ee ketiye nava liv \u00fb tevgereke mezin de. Careke din li ser welat\u00ea me, li ser me komployeke mezin destp\u00ea kiriye. \u00c7awa li Efr\u00een\u00ea dost\u00ean sexte pi\u015fta xwe dane me \u00eero d\u00eesa d\u00eerok xwe d\u00fbbare dike. H\u00eaz\u00ean desthilat y\u00ean komploger li ser heman masey\u00ea careke din biryara dagirkirin\u00ea dane. Ji jor de tama\u015fe dikin ka \u00e7awa \u00eensan t\u00ean ku\u015ftin, ka \u00e7awa gel ne\u00e7ar\u00ee ko\u00e7beriy\u00ea dibe \u00fb \u00e7awa xwezaya welat\u00ea me di\u015few\u00fbte, talan dibe.<\/p>\n<p>Em j\u00ee weke gir\u00fbpa f\u00fbz\u00ea ne. Ez \u00fb heval Mijdar li cem hevin. Em di nava eraz\u00ee de, di bin darek\u00ea de tev\u00ee s\u00eeleha xwe \u00fb f\u00fbzeya dil\u00ea min, em r\u00fbni\u015ftine. Ji ber gera z\u00eade ya ke\u015ff\u00ea em hewl didin \u00e7epera xwe bipar\u00eazin \u00fb de\u015f\u00eefre nekin. Ji d\u00fbr de deng\u00ea milet t\u00ea me. Deng\u00ea tang \u00fb top\u00ean art\u00ea\u015fa Tirk a dagirker, deng\u00ea q\u00ear\u00eena wan j\u00ee bilind dike. Bi rast\u00ee rew\u015feke pir trajed\u00eeke. Mirov di heman k\u00ealiy\u00ea de gelek hestan jiyan dike. Hem hestiyar dibe, hem bi h\u00ears dibe. Ji ber w\u00ea em dixwazin ke\u015ffa xwe z\u00fb bikin \u00fb weke bersiva van \u00ear\u00ee\u015fan \u00e7alakiyan li dar bixin. Li ser destika bi\u00e7\u00fbk em li hevalan guhdar dikin. Heya niha ti\u015ftek pir xirab n\u00eene, ten\u00ea s\u00eelah\u00ea giran kar dike.<\/p>\n<p>10\/10\/2019<\/p>\n<p><strong>Bin\u00ea Ax\u00ea Sare Heval<\/strong><\/p>\n<p>\u00cero d\u00eesa Ed\u00fbl\u00ea bar\u00ea teko\u015f\u00eena xwe ya azadiy\u00ea dewr\u00ee me kir. \u00cero d\u00eesa Ed\u00fblek\u00ea hesreta xwe ya azadiy\u00ea rakir \u00fb \u00e7\u00fb. D\u00eesa Ed\u00fblek\u00ea bi dil\u00ea xwe y\u00ea ji bo azadiy\u00ea l\u00eadida, bi ronahiya xwe riya me ron\u00eekir&#8230;<\/p>\n<p>Er\u00ea Heval, bin\u00ea ax\u00ea sare l\u00ea zanibe ku bi germahiya dil\u00ea xwe ez\u00ea te germ bikim. Bin\u00ea ax\u00ea ten\u00eab\u00fbn heye, l\u00ea em\u00ea bi jiyandina ruh\u00ea te derdora te \u015f\u00eanbikin. Er\u00ea Heval \u00e7\u00fby\u00eena te h\u00eaviya d\u00eetina te kir xeyal. L\u00ea rih\u00ea te jiyankirin dibe heq\u00eeqet. \u00c7\u00fby\u00eena te \u00ea\u015fa min z\u00eadekir, l\u00ea h\u00eaza min bilind kir\u2026 Er\u00ea Heval! tu y\u00ea her bi ruh\u00ea xwe li k\u00ealeka me, weke st\u00earkek\u00ea li as\u00eemanan bibiriq\u00ee.<\/p>\n<p>Ji bo R\u00eahevala min VEJ\u00ceN ZEGROS 10\/8\/2019<\/p>\n<p><strong>Xeyal Nay\u00ean Bin Ax Kirin<\/strong><\/p>\n<p>Xeyal\u00ea heval\u00ean min xeyal\u00ea mine, bi xeyal\u00ea azad\u00ee \u00fb qehremantiy\u00ea re jiyankirin soza p\u00eakan\u00eena wan xeyalane. Bar\u00ea v\u00ea rakirin pir girane, her kes nikare w\u00ee bar\u00ee rabike l\u00ea bel\u00ea heger yekb\u00fbna ruh\u00ee hebe, w\u00ea dem\u00ea zehmet\u00ee nabe sedema westandin\u00ea, nabe sedema peskirin\u00ea. Ez j\u00ee h\u00eaza teko\u015f\u00eena xwe ji we digrim r\u00eaheval\u00ean min, leheng\u00ean welat\u00ea roj\u00ea. Hun wate \u00fb sedema jiyana minin&#8230; Bi ruh\u00ea heval\u00ean xwe y\u00ean leheng re jiyankirin zehmetiy\u00ea w\u00ea hene, l\u00ea bel\u00ea zehmetiy\u00ea w\u00ea m\u00eena h\u00eaviyeke roja xwe ya yekem jiyan dike, m\u00eena co\u015fa babl\u00eesoka ku bi bask\u00ean xwe azad dibe \u00fb di nava bax\u00e7\u00ea \u00e7\u00ee\u00e7ekan de direqise.<\/p>\n<p><strong>Fedayiy\u00ean Heq\u00eeqet\u00ea&#8230;<\/strong><\/p>\n<p>Her roj tava me bi heq\u00eeqetvanek n\u00fb re ron\u00ee dibe&#8230; \u015eore\u015fa me bi Mazl\u00fbman destp\u00eakir heya Viyan, B\u00ear\u00eevan, Silava, J\u00eenda, Ar\u00een \u00fb Avesta\u2019yan dewam kir. W\u00ea bi heb\u00fbna me re j\u00ee, bi teko\u015f\u00eena me re zafer\u00ea bi dest bixe. Ji Gulbihar, z\u00fblk\u00fbf heya Zehra\u2019yan her roj bi teko\u015f\u00eena heq\u00eeqet\u00ea re jiyan kirin, xwed\u00ee wateyeke giranbiha ye. Ev\u00eendar\u00ea azad\u00ee \u00fb heq\u00eeqet\u00ea R\u00eaber APO bi fikir \u00fb raman\u00ean xwe, bi felsefeya xwe ya jiyana azad, volkana h\u00earsa azadiy\u00ea li ser desthilatdaran de dibar\u00eene. Ev teko\u015f\u00een, ev bedel\u00ean giranbiha co\u015fa me ya \u015fer \u00fb jiyan\u00ea xurtir dike. Careke din ji me re raber dike ku; \u201cH\u00eav\u00ee ji Serkeftin\u00ea bi R\u00fbmetire\u201d\u2026<\/p>\n","protected":false},"excerpt":{"rendered":"<p>Di Ciz\u00eer \u00fb Firat\u00ea de \u015feveke min a Efr\u00een\u00ea \u015eeveke bi \u00e7o\u015fa li hember mirin\u00ea \u015ferkirin, m\u00eena Efr\u00een\u00ea derbas b\u00fb. Her kes di int\u00ee\u015far\u00ea de ye, ji Firat\u00ea bigre heya Qami\u015flo rew\u015f wisa ye. Li mil\u00ea Til Ebyad ji herd\u00fb milan de \u00ear\u00ee\u015feke giran destp\u00ea kiriye. Ke\u015fif digere, gel\u00ea her\u00eam\u00ea j\u00ee ketiye nava liv \u00fb [&hellip;]<\/p>\n","protected":false},"author":1,"featured_media":13202,"comment_status":"closed","ping_status":"closed","sticky":false,"template":"","format":"standard","meta":{"footnotes":""},"categories":[59],"tags":[],"class_list":{"0":"post-10767","1":"post","2":"type-post","3":"status-publish","4":"format-standard","5":"has-post-thumbnail","7":"category-biranin"},"_links":{"self":[{"href":"https:\/\/ypjrojava.net\/index.php?rest_route=\/wp\/v2\/posts\/10767","targetHints":{"allow":["GET"]}}],"collection":[{"href":"https:\/\/ypjrojava.net\/index.php?rest_route=\/wp\/v2\/posts"}],"about":[{"href":"https:\/\/ypjrojava.net\/index.php?rest_route=\/wp\/v2\/types\/post"}],"author":[{"embeddable":true,"href":"https:\/\/ypjrojava.net\/index.php?rest_route=\/wp\/v2\/users\/1"}],"replies":[{"embeddable":true,"href":"https:\/\/ypjrojava.net\/index.php?rest_route=%2Fwp%2Fv2%2Fcomments&post=10767"}],"version-history":[{"count":1,"href":"https:\/\/ypjrojava.net\/index.php?rest_route=\/wp\/v2\/posts\/10767\/revisions"}],"predecessor-version":[{"id":10769,"href":"https:\/\/ypjrojava.net\/index.php?rest_route=\/wp\/v2\/posts\/10767\/revisions\/10769"}],"wp:featuredmedia":[{"embeddable":true,"href":"https:\/\/ypjrojava.net\/index.php?rest_route=\/wp\/v2\/media\/13202"}],"wp:attachment":[{"href":"https:\/\/ypjrojava.net\/index.php?rest_route=%2Fwp%2Fv2%2Fmedia&parent=10767"}],"wp:term":[{"taxonomy":"category","embeddable":true,"href":"https:\/\/ypjrojava.net\/index.php?rest_route=%2Fwp%2Fv2%2Fcategories&post=10767"},{"taxonomy":"post_tag","embeddable":true,"href":"https:\/\/ypjrojava.net\/index.php?rest_route=%2Fwp%2Fv2%2Ftags&post=10767"}],"curies":[{"name":"wp","href":"https:\/\/api.w.org\/{rel}","templated":true}]}}