{"id":10783,"date":"2020-06-14T05:52:12","date_gmt":"2020-06-14T05:52:12","guid":{"rendered":"https:\/\/ypjrojava.net\/?p=10783"},"modified":"2022-06-19T15:40:37","modified_gmt":"2022-06-19T15:40:37","slug":"ji-raya-gisti-u-gele-me-re","status":"publish","type":"post","link":"https:\/\/ypjrojava.net\/?p=10783","title":{"rendered":"Ji Gel\u00ea me \u00fb Raya Gi\u015ft\u00ee re \u2026"},"content":{"rendered":"<p>Destan\u00ean ku hatine jiyan kirin hem\u00fb ji p\u00eevan\u00ea jiyan kirina nirx\u00ean \u015fore\u015fa meya rast \u00fb heq\u00eeqiye. lewra bi ke\u00e7 \u00fb xort\u00ean v\u00ee \u00a0welat\u00ee re hertim di nava serhildan de b\u00fbne as\u00eey\u00ea \u015fer \u00fb jiyana teko\u015f\u00eena gelan . Ev di nava \u015fore\u015fa Rojava de b\u00fb \u00e7ir\u00fbskek ku herkes bibe xwediy\u00ea keda w\u00ea . \u00cero j\u00ee di p\u00ea\u015fengtiya gel\u00ea serhild\u00ear \u00fb netew\u00ean ku bi xwe ve kirin zinc\u00eera\u00a0 berxwedan\u00ea ev bala hem\u00fb c\u00eehan\u00ea ki\u015fant. Ne xasim dema bi ewlad\u00ean xwe ve ser\u00ee li ber dagirkeriy\u00ea ne tewnt ev ruh b\u00fb encam\u00ea vegera d\u00eerok\u00ea . Bi taybet zarok\u00ean ku ji kurdistan\u00ea re hatb\u00fbn mezin kirin ji b\u00fbna xaka xwe can\u00ea xwe feda kirine \u00fb b\u00fbne brdewamkirina xeyal\u00ean azad\u00eey\u00ea. Ji ber ku gel\u00ea me rast\u00ee gelek \u00eari\u015fan hat ev \u00eari\u015f j\u00ee b\u00fb bersivek her\u00ee rast ji serdema ku \u015fore\u015f bi helwest\u00ea xwe ve tac\u00eedar b\u00fb. Ji ber ku teko\u015f\u00eena gel\u00ea me teko\u015f\u00eenek\u00ee li hember\u00ee mirovah\u00ee rast \u00fb wefedare lewra bi hemu h\u00earsa xwe tevgeriya. Taritiya ku DAI\u015e\u2019\u00a0 xwest ku li welat\u00ea me bide n\u00ee\u015fandin\u00a0 \u015fervan\u00ean r\u00fbmet\u00ea nehi\u015ftin tar\u00eet\u00ee li welat\u00ea wan wenda be. Armanca DAI\u015e&#8217; h\u00eaza \u015fervana lewaz tune bike l\u00ea ev p\u00eak ne hat. lewra nasnamey\u00ean 9 r\u00eaheval\u00ean me y\u00ean ku di \u015fer\u00ea berxwedan\u00ea de bi awayek\u00ee lehnegane gih\u00ee\u015ftib\u00fbn \u015fehadet\u00ea \u00fb ji nava wan hevalan j\u00ee du r\u00ea heval\u00ean me y\u00ea J\u0130N ku b\u00fbne ruh\u00ea jiyan kirina asta bilindkirina \u015fore\u015fa mirovah\u00ee di serdema ronahiy\u00ea de. Bi v\u00ee away\u00ee \u00a0di sala 2015\u2019an de \u00a0di cih \u00fb dem\u00ean cuda de gih\u00ee\u015ftin \u015fehadet\u00ea.<\/p>\n<p>Di ser\u00ee de sersaxiy\u00ea ji malbat\u00ean hevr\u00eay\u00ean xwe y\u00ean bi leheng\u00ee gihi\u015ftine \u015fehadet\u00ea \u00fb hem\u00fb gel\u00ea welatpar\u00eaz \u00ea Kurdistan\u00ea re dixwazin. Bi gihandina serketin\u00ea ya t\u00eako\u015f\u00eena xwe soz didin ku em \u00ea hest\u00ean wan her tim dibin jiy\u00een.\u201d<\/p>\n<p><strong>Li gor v\u00ea nasnameya r\u00eahevala me wiha ne;<\/strong><\/p>\n<p>&nbsp;<\/p>\n<p><strong>Nasnav:<\/strong>\u00a0El\u00eef Amed<\/p>\n<p><strong>Nav \u00fb Pa\u015fnav:<\/strong>\u00a0H\u00eal\u00een \u00c7et\u00een<\/p>\n<p><strong>Nav\u00ea Dayik\u00ea:<\/strong>\u00a0Hayriye<\/p>\n<p><strong>Nav\u00ea Bav:<\/strong>\u00a0Selahett\u00een<\/p>\n<p><strong>Cih \u00fb D\u00eeroka \u015eehadet\u00ea:<\/strong>\u00a0Til Temir Gund\u00ea X\u00eabi\u015f | 9 Adar 2015<\/p>\n<p><img loading=\"lazy\" decoding=\"async\" class=\"alignnone size-medium wp-image-13736\" src=\"https:\/\/ypjrojava.net\/wp-content\/uploads\/2020\/06\/sehit-elif-225x300.jpg\" alt=\"\" width=\"225\" height=\"300\" srcset=\"https:\/\/ypjrojava.net\/wp-content\/uploads\/2020\/06\/sehit-elif-225x300.jpg 225w, https:\/\/ypjrojava.net\/wp-content\/uploads\/2020\/06\/sehit-elif.jpg 381w\" sizes=\"auto, (max-width: 225px) 100vw, 225px\" \/><\/p>\n<p>&nbsp;<\/p>\n<p><strong>Nasnav:<\/strong>\u00a0J\u00eenda Uzim<\/p>\n<p><strong>Nav \u00fb Pa\u015fnav:<\/strong>\u00a0Bed\u00eea Tapar<\/p>\n<p><strong>Nav\u00ea Dayik\u00ea:<\/strong>\u00a0Hayat<\/p>\n<p><strong>Nav\u00ea Bav:<\/strong>\u00a0\u00cedr\u00ees<\/p>\n<p><strong>Cih \u00fb D\u00eeroka \u015eehadet\u00ea:<\/strong>\u00a0Hol Gund\u00ea Xizela | 4 Adar 2015<\/p>\n<p><img loading=\"lazy\" decoding=\"async\" class=\"alignnone size-medium wp-image-13738\" src=\"https:\/\/ypjrojava.net\/wp-content\/uploads\/2020\/06\/Sehit-Jinda-225x300.jpg\" alt=\"\" width=\"225\" height=\"300\" srcset=\"https:\/\/ypjrojava.net\/wp-content\/uploads\/2020\/06\/Sehit-Jinda-225x300.jpg 225w, https:\/\/ypjrojava.net\/wp-content\/uploads\/2020\/06\/Sehit-Jinda.jpg 396w\" sizes=\"auto, (max-width: 225px) 100vw, 225px\" \/><\/p>\n<p>&nbsp;<\/p>\n","protected":false},"excerpt":{"rendered":"<p>Destan\u00ean ku hatine jiyan kirin hem\u00fb ji p\u00eevan\u00ea jiyan kirina nirx\u00ean \u015fore\u015fa meya rast \u00fb heq\u00eeqiye. lewra bi ke\u00e7 \u00fb xort\u00ean v\u00ee \u00a0welat\u00ee re hertim di nava serhildan de b\u00fbne as\u00eey\u00ea \u015fer \u00fb jiyana teko\u015f\u00eena gelan . Ev di nava \u015fore\u015fa Rojava de b\u00fb \u00e7ir\u00fbskek ku herkes bibe xwediy\u00ea keda w\u00ea . \u00cero j\u00ee di [&hellip;]<\/p>\n","protected":false},"author":1,"featured_media":13740,"comment_status":"closed","ping_status":"closed","sticky":false,"template":"","format":"standard","meta":{"footnotes":""},"categories":[39],"tags":[],"class_list":{"0":"post-10783","1":"post","2":"type-post","3":"status-publish","4":"format-standard","5":"has-post-thumbnail","7":"category-daxuyani"},"_links":{"self":[{"href":"https:\/\/ypjrojava.net\/index.php?rest_route=\/wp\/v2\/posts\/10783","targetHints":{"allow":["GET"]}}],"collection":[{"href":"https:\/\/ypjrojava.net\/index.php?rest_route=\/wp\/v2\/posts"}],"about":[{"href":"https:\/\/ypjrojava.net\/index.php?rest_route=\/wp\/v2\/types\/post"}],"author":[{"embeddable":true,"href":"https:\/\/ypjrojava.net\/index.php?rest_route=\/wp\/v2\/users\/1"}],"replies":[{"embeddable":true,"href":"https:\/\/ypjrojava.net\/index.php?rest_route=%2Fwp%2Fv2%2Fcomments&post=10783"}],"version-history":[{"count":7,"href":"https:\/\/ypjrojava.net\/index.php?rest_route=\/wp\/v2\/posts\/10783\/revisions"}],"predecessor-version":[{"id":13739,"href":"https:\/\/ypjrojava.net\/index.php?rest_route=\/wp\/v2\/posts\/10783\/revisions\/13739"}],"wp:featuredmedia":[{"embeddable":true,"href":"https:\/\/ypjrojava.net\/index.php?rest_route=\/wp\/v2\/media\/13740"}],"wp:attachment":[{"href":"https:\/\/ypjrojava.net\/index.php?rest_route=%2Fwp%2Fv2%2Fmedia&parent=10783"}],"wp:term":[{"taxonomy":"category","embeddable":true,"href":"https:\/\/ypjrojava.net\/index.php?rest_route=%2Fwp%2Fv2%2Fcategories&post=10783"},{"taxonomy":"post_tag","embeddable":true,"href":"https:\/\/ypjrojava.net\/index.php?rest_route=%2Fwp%2Fv2%2Ftags&post=10783"}],"curies":[{"name":"wp","href":"https:\/\/api.w.org\/{rel}","templated":true}]}}